{"id":2314,"date":"2022-03-08T20:28:01","date_gmt":"2022-03-08T20:28:01","guid":{"rendered":"https:\/\/www.confederaciondelcobre.cl\/?p=2314"},"modified":"2022-03-08T20:28:02","modified_gmt":"2022-03-08T20:28:02","slug":"ctc-se-reunio-con-futura-ministra-y-subsecretario-de-mineria","status":"publish","type":"post","link":"https:\/\/www.confederaciondelcobre.cl\/index.php\/2022\/03\/08\/ctc-se-reunio-con-futura-ministra-y-subsecretario-de-mineria\/","title":{"rendered":"CTC se reuni\u00f3 con futura ministra y subsecretario de miner\u00eda."},"content":{"rendered":"\n<p><strong>El d\u00eda de ayer la Confederaci\u00f3n de Trabajadores del Cobre (CTC), representada por Miguel Santana, Presidente; Ana Lamas, Secretaria General; y los directores Jedry Velis y Manuel Ahumada \u2014quien hasta hace algunos meses fuera su Presidente\u2014<\/strong>,<strong> se reuni\u00f3 con Marcela Hernando y Willy Kracht, quienes ser\u00e1n Ministra y Subsecretario de miner\u00eda a partir del 11 de marzo, cuando asuma el pr\u00f3ximo y nuevo gobierno de Chile.<\/strong><\/p>\n\n\n\n<div class=\"wp-block-image\"><figure class=\"aligncenter size-large\"><img loading=\"lazy\" decoding=\"async\" width=\"1024\" height=\"576\" src=\"https:\/\/www.confederaciondelcobre.cl\/wp-content\/uploads\/2022\/03\/WhatsApp-Image-2022-03-07-at-21.13.25-1024x576.jpeg\" alt=\"\" class=\"wp-image-2321\" srcset=\"https:\/\/www.confederaciondelcobre.cl\/wp-content\/uploads\/2022\/03\/WhatsApp-Image-2022-03-07-at-21.13.25-1024x576.jpeg 1024w, https:\/\/www.confederaciondelcobre.cl\/wp-content\/uploads\/2022\/03\/WhatsApp-Image-2022-03-07-at-21.13.25-300x169.jpeg 300w, https:\/\/www.confederaciondelcobre.cl\/wp-content\/uploads\/2022\/03\/WhatsApp-Image-2022-03-07-at-21.13.25-768x432.jpeg 768w, https:\/\/www.confederaciondelcobre.cl\/wp-content\/uploads\/2022\/03\/WhatsApp-Image-2022-03-07-at-21.13.25.jpeg 1280w\" sizes=\"auto, (max-width: 1024px) 100vw, 1024px\" \/><\/figure><\/div>\n\n\n\n<p>La cita, como instancia protocolar y de avanzada en el establecimiento de relaciones y canales de comunicaci\u00f3n entre el Ministerio y la CTC, gir\u00f3 tambi\u00e9n en torno a diversos temas que dicen relaci\u00f3n con el inter\u00e9s de las y los trabajadores de la miner\u00eda del cobre y del pa\u00eds en general. Se plante\u00f3, por ejemplo, la permanente preocupaci\u00f3n <strong>sobre los est\u00e1ndares de salud y seguridad en el trabajo<\/strong>, donde se recalc\u00f3 la necesidad de <strong>ratificar el Convenio 176 de la OIT<\/strong> sobre seguridad y salud en la minas; <strong>la importancia de la mujer en la miner\u00eda y el fin a la discriminaci\u00f3n de g\u00e9nero, como tambi\u00e9n aquella que sufren las y los trabajadores contratistas y subcontratistas<\/strong> por su condici\u00f3n de tercerizados que los pone en una situaci\u00f3n cada vez m\u00e1s precaria, una situaci\u00f3n ante la que, cabe destacar, la futura Ministra tambi\u00e9n mostr\u00f3 preocupaci\u00f3n. En la instancia tambi\u00e9n se hizo menci\u00f3n de la iniciativa popular de norma constitucional por la <strong>Renacionalizaci\u00f3n del cobre y bienes p\u00fablicos estrat\u00e9gicos<\/strong> presentada por la CTC, que esta semana ya fue aprobada en general en la Comisi\u00f3n de Medio Ambiente, Derechos de la Naturaleza, Bienes Naturales Comunes y Modelo Econ\u00f3mico de la Convenci\u00f3n Constitucional, y que de seguir prosperando ser\u00e1 puesta en tabla de discusi\u00f3n ante el propio pleno del mismo \u00f3rgano [Convenci\u00f3n Constitucional] encargado de redactar la nueva constituci\u00f3n de Chile.<\/p>\n\n\n\n<p>Finalmente, el encuentro culmin\u00f3 con el \u00e1nimo e intenci\u00f3n de mantener canales de comunicaci\u00f3n y establecer buenas relaciones, a fin de trabajar en conjunto sobre las materias mencionadas anteriormente y otras que pudieran requerirse en el futuro cuando ya, a partir del pr\u00f3ximo 11 de marzo, se instale el nuevo gobierno de Chile.<\/p>\n","protected":false},"excerpt":{"rendered":"<p>El d\u00eda de ayer la Confederaci\u00f3n de Trabajadores del Cobre (CTC), representada por Miguel Santana, Presidente; Ana Lamas, Secretaria General; y los directores Jedry Velis y Manuel Ahumada \u2014quien hasta &hellip; <\/p>\n","protected":false},"author":2,"featured_media":2320,"comment_status":"closed","ping_status":"closed","sticky":false,"template":"","format":"standard","meta":{"jetpack_post_was_ever_published":false,"_jetpack_newsletter_access":"","_jetpack_dont_email_post_to_subs":false,"_jetpack_newsletter_tier_id":0,"_jetpack_memberships_contains_paywalled_content":false,"_jetpack_memberships_contains_paid_content":false,"footnotes":"","jetpack_publicize_message":"","jetpack_publicize_feature_enabled":true,"jetpack_social_post_already_shared":false,"jetpack_social_options":{"image_generator_settings":{"template":"highway","default_image_id":0,"enabled":false},"version":2}},"categories":[9,15,19],"tags":[],"class_list":["post-2314","post","type-post","status-publish","format-standard","has-post-thumbnail","hentry","category-confederacion","category-nacional","category-trabajadores"],"jetpack_publicize_connections":[],"jetpack_featured_media_url":"https:\/\/www.confederaciondelcobre.cl\/wp-content\/uploads\/2022\/03\/PortReuMinMin.jpg","jetpack_sharing_enabled":true,"post_mailing_queue_ids":[],"_links":{"self":[{"href":"https:\/\/www.confederaciondelcobre.cl\/index.php\/wp-json\/wp\/v2\/posts\/2314","targetHints":{"allow":["GET"]}}],"collection":[{"href":"https:\/\/www.confederaciondelcobre.cl\/index.php\/wp-json\/wp\/v2\/posts"}],"about":[{"href":"https:\/\/www.confederaciondelcobre.cl\/index.php\/wp-json\/wp\/v2\/types\/post"}],"author":[{"embeddable":true,"href":"https:\/\/www.confederaciondelcobre.cl\/index.php\/wp-json\/wp\/v2\/users\/2"}],"replies":[{"embeddable":true,"href":"https:\/\/www.confederaciondelcobre.cl\/index.php\/wp-json\/wp\/v2\/comments?post=2314"}],"version-history":[{"count":7,"href":"https:\/\/www.confederaciondelcobre.cl\/index.php\/wp-json\/wp\/v2\/posts\/2314\/revisions"}],"predecessor-version":[{"id":2323,"href":"https:\/\/www.confederaciondelcobre.cl\/index.php\/wp-json\/wp\/v2\/posts\/2314\/revisions\/2323"}],"wp:featuredmedia":[{"embeddable":true,"href":"https:\/\/www.confederaciondelcobre.cl\/index.php\/wp-json\/wp\/v2\/media\/2320"}],"wp:attachment":[{"href":"https:\/\/www.confederaciondelcobre.cl\/index.php\/wp-json\/wp\/v2\/media?parent=2314"}],"wp:term":[{"taxonomy":"category","embeddable":true,"href":"https:\/\/www.confederaciondelcobre.cl\/index.php\/wp-json\/wp\/v2\/categories?post=2314"},{"taxonomy":"post_tag","embeddable":true,"href":"https:\/\/www.confederaciondelcobre.cl\/index.php\/wp-json\/wp\/v2\/tags?post=2314"}],"curies":[{"name":"wp","href":"https:\/\/api.w.org\/{rel}","templated":true}]}}