{"id":2335,"date":"2022-03-16T14:32:39","date_gmt":"2022-03-16T14:32:39","guid":{"rendered":"https:\/\/www.confederaciondelcobre.cl\/?p=2335"},"modified":"2022-03-16T14:32:40","modified_gmt":"2022-03-16T14:32:40","slug":"comunicadoctc-sobre-la-agresion-de-la-que-fue-victima-el-convencional-constituyente-marcos-barraza","status":"publish","type":"post","link":"https:\/\/www.confederaciondelcobre.cl\/index.php\/2022\/03\/16\/comunicadoctc-sobre-la-agresion-de-la-que-fue-victima-el-convencional-constituyente-marcos-barraza\/","title":{"rendered":"#ComunicadoCTC: sobre la agresi\u00f3n de la que fue v\u00edctima el Convencional Constituyente Marcos Barraza."},"content":{"rendered":"\n<p class=\"has-text-align-center\"><strong>DECLARACI\u00d3N P\u00daBLICA<\/strong><\/p>\n\n\n\n<p>Sobre la agresi\u00f3n de la que fue v\u00edctima el Convencional Constituyente Marcos Barraza, el d\u00eda lunes 14 de marzo del presente por parte de una partidaria del rechazo, la Confederaci\u00f3n de Trabajadores del Cobre, organizaci\u00f3n nacional que agrupa y organiza a las y los trabajadores contratistas y subcontratistas del cobre de Chile, declara y manifiesta:<\/p>\n\n\n\n<ul class=\"wp-block-list\"><li>Su total solidaridad e irrestricto apoyo al Convencional Constituyente Marcos Barraza;<\/li><li>Su m\u00e1s categ\u00f3rico rechazo a un hecho que, claramente, se inserta en una escalada de maniobras de la derecha para amedrentar a las y los Convencionales que est\u00e1n por la construcci\u00f3n de una Constituci\u00f3n democr\u00e1tica y, en definitiva, para entorpecer y obstaculizar el desarrollo de la Convenci\u00f3n. &nbsp;&nbsp;<\/li><\/ul>\n\n\n\n<p>El hecho que la agresora, de nombre Helcia Briones, haya sido protagonista de la franja de la UDI por el Rechazo para el plebiscito de octubre de 2020, da cuenta indesmentible de una responsabilidad pol\u00edtica que ese partido de derecha tendr\u00e1 que asumir de cara al pa\u00eds.<\/p>\n\n\n\n<p>Finalmente, la Confederaci\u00f3n de Trabajadores del Cobre reitera su apoyo a la labor de las y los Convencionales, que est\u00e1n all\u00ed por mandato del pueblo y que, a no dudarlo, pronto dotar\u00e1n al pa\u00eds de la Carta Magna para un Chile digno, justo y democr\u00e1tico.&nbsp;<\/p>\n\n\n\n<p class=\"has-text-align-center\"><strong>CONFEDERACI\u00d3N DE TRABAJADORES DEL COBRE<\/strong><\/p>\n\n\n\n<p class=\"has-text-align-right\">Chile, 16 de marzo de 2022<\/p>\n\n\n\n<figure class=\"wp-block-image size-large\"><img loading=\"lazy\" decoding=\"async\" width=\"658\" height=\"1024\" src=\"https:\/\/www.confederaciondelcobre.cl\/wp-content\/uploads\/2022\/03\/ComunicadoCTC-sobre-agresio\u0301n-al-Convencional-Marcos-Barraza-658x1024.jpg\" alt=\"\" class=\"wp-image-2336\" srcset=\"https:\/\/www.confederaciondelcobre.cl\/wp-content\/uploads\/2022\/03\/ComunicadoCTC-sobre-agresio\u0301n-al-Convencional-Marcos-Barraza-658x1024.jpg 658w, https:\/\/www.confederaciondelcobre.cl\/wp-content\/uploads\/2022\/03\/ComunicadoCTC-sobre-agresio\u0301n-al-Convencional-Marcos-Barraza-193x300.jpg 193w, https:\/\/www.confederaciondelcobre.cl\/wp-content\/uploads\/2022\/03\/ComunicadoCTC-sobre-agresio\u0301n-al-Convencional-Marcos-Barraza.jpg 694w\" sizes=\"auto, (max-width: 658px) 100vw, 658px\" \/><\/figure>\n\n\n\n<p><\/p>\n","protected":false},"excerpt":{"rendered":"<p>DECLARACI\u00d3N P\u00daBLICA Sobre la agresi\u00f3n de la que fue v\u00edctima el Convencional Constituyente Marcos Barraza, el d\u00eda lunes 14 de marzo del presente por parte de una partidaria del rechazo, &hellip; <\/p>\n","protected":false},"author":2,"featured_media":2337,"comment_status":"closed","ping_status":"closed","sticky":false,"template":"","format":"standard","meta":{"jetpack_post_was_ever_published":false,"_jetpack_newsletter_access":"","_jetpack_dont_email_post_to_subs":false,"_jetpack_newsletter_tier_id":0,"_jetpack_memberships_contains_paywalled_content":false,"_jetpack_memberships_contains_paid_content":false,"footnotes":"","jetpack_publicize_message":"#ComunicadoCTC: sobre la agresi\u00f3n de la que fue v\u00edctima el Convencional Constituyente Marcos Barraza | Nuestra total solidaridad e irrestricto apoyo al Convencional Constituyente @MarcosBarrazaG @convencioncl","jetpack_publicize_feature_enabled":true,"jetpack_social_post_already_shared":true,"jetpack_social_options":{"image_generator_settings":{"template":"highway","default_image_id":0,"enabled":false},"version":2}},"categories":[8,9,21,15],"tags":[],"class_list":["post-2335","post","type-post","status-publish","format-standard","has-post-thumbnail","hentry","category-comunicado","category-confederacion","category-federaciones","category-nacional"],"jetpack_publicize_connections":[],"jetpack_featured_media_url":"https:\/\/www.confederaciondelcobre.cl\/wp-content\/uploads\/2022\/03\/Portada-ComCTC.jpg","jetpack_sharing_enabled":true,"post_mailing_queue_ids":[],"_links":{"self":[{"href":"https:\/\/www.confederaciondelcobre.cl\/index.php\/wp-json\/wp\/v2\/posts\/2335","targetHints":{"allow":["GET"]}}],"collection":[{"href":"https:\/\/www.confederaciondelcobre.cl\/index.php\/wp-json\/wp\/v2\/posts"}],"about":[{"href":"https:\/\/www.confederaciondelcobre.cl\/index.php\/wp-json\/wp\/v2\/types\/post"}],"author":[{"embeddable":true,"href":"https:\/\/www.confederaciondelcobre.cl\/index.php\/wp-json\/wp\/v2\/users\/2"}],"replies":[{"embeddable":true,"href":"https:\/\/www.confederaciondelcobre.cl\/index.php\/wp-json\/wp\/v2\/comments?post=2335"}],"version-history":[{"count":1,"href":"https:\/\/www.confederaciondelcobre.cl\/index.php\/wp-json\/wp\/v2\/posts\/2335\/revisions"}],"predecessor-version":[{"id":2338,"href":"https:\/\/www.confederaciondelcobre.cl\/index.php\/wp-json\/wp\/v2\/posts\/2335\/revisions\/2338"}],"wp:featuredmedia":[{"embeddable":true,"href":"https:\/\/www.confederaciondelcobre.cl\/index.php\/wp-json\/wp\/v2\/media\/2337"}],"wp:attachment":[{"href":"https:\/\/www.confederaciondelcobre.cl\/index.php\/wp-json\/wp\/v2\/media?parent=2335"}],"wp:term":[{"taxonomy":"category","embeddable":true,"href":"https:\/\/www.confederaciondelcobre.cl\/index.php\/wp-json\/wp\/v2\/categories?post=2335"},{"taxonomy":"post_tag","embeddable":true,"href":"https:\/\/www.confederaciondelcobre.cl\/index.php\/wp-json\/wp\/v2\/tags?post=2335"}],"curies":[{"name":"wp","href":"https:\/\/api.w.org\/{rel}","templated":true}]}}