{"id":2346,"date":"2022-03-28T13:19:57","date_gmt":"2022-03-28T13:19:57","guid":{"rendered":"https:\/\/www.confederaciondelcobre.cl\/?p=2346"},"modified":"2022-03-28T13:19:59","modified_gmt":"2022-03-28T13:19:59","slug":"acuerdomarco-ctc-codelco-inicio-postulacion-a-becas-de-educacion-superior-proceso-2022","status":"publish","type":"post","link":"https:\/\/www.confederaciondelcobre.cl\/index.php\/2022\/03\/28\/acuerdomarco-ctc-codelco-inicio-postulacion-a-becas-de-educacion-superior-proceso-2022\/","title":{"rendered":"#AcuerdoMarco CTC-Codelco: inicio postulaci\u00f3n a Becas de Educaci\u00f3n Superior, proceso 2022."},"content":{"rendered":"\n<p>Compa\u00f1eras y Compa\u00f1eros, comunicamos que a partir <strong>hoy lunes 28 de marzo inicia el proceso de postulaci\u00f3n a las Becas de Excelencia Acad\u00e9mica de Educaci\u00f3n Superior correspondiente a este a\u00f1o 2022.<\/strong><\/p>\n\n\n\n<ul class=\"wp-block-list\"><li>Las becas, contenidas en el vigente Acuerdo Marco entre la Confederaci\u00f3n de Trabajadores del Cobre (CTC), Agema y Codelco,&nbsp;establecen una cantidad de 2.800 cupos&nbsp;por un total de $857.000 brutos&nbsp;cada una y est\u00e1n destinadas a&nbsp;<strong>las y los hijos, c\u00f3nyuges o convivientes \u2014independiente de su orientaci\u00f3n sexual\u2014 de las y los trabajadores contratistas y subcontratistas, o para las y los propios compa\u00f1eros que prestan servicios de manera permanente, continua y exclusiva a las Empresas Contratistas en los recintos industriales, establecimientos productivos o administrativos de las divisiones productivas y Casa Matriz de Codelco por un per\u00edodo m\u00ednimo de un mes calendario.<\/strong><\/li><\/ul>\n\n\n\n<p class=\"has-vivid-cyan-blue-color has-text-color has-medium-font-size\"><strong>IMPORTANTE:<\/strong> las postulaciones deben hacerlas ingresando&nbsp;<strong>desde un computador<\/strong>&nbsp;al sitio web de la OTIC de la C\u00e1mara Chilena de la Construcci\u00f3n&nbsp;<strong>(<a rel=\"noreferrer noopener\" href=\"https:\/\/www.oticdelaconstruccion.cl\/fondos2022\" target=\"_blank\"><u>haciendo click aqu\u00ed<\/u><\/a>)<\/strong> y seleccionar la opci\u00f3n <strong>\u201cBecas de Educaci\u00f3n Superior\u201d<\/strong>. Una vez all\u00ed, junto con el <strong>calendario<\/strong> de todo el proceso, adem\u00e1s de informaci\u00f3n sobre <strong>bases<\/strong>, <strong>documentaci\u00f3n<\/strong> y <strong>preguntas frecuentes<\/strong>, encontrar\u00e1n la opci\u00f3n <strong>&#8220;ingresar&#8221;<\/strong> donde el o la trabajadora que postula debe ingresar una serie de datos, partiendo por su rut. <\/p>\n\n\n\n<p><strong>Recuerda que el plazo de postulaci\u00f3n es a partir de hoy lunes 28 de marzo<\/strong>&nbsp;<strong>hasta el jueves 28 de abril.<\/strong><\/p>\n\n\n\n<p>Las y los trabajadores agrupados y organizados en la Confederaci\u00f3n de Trabajadores del Cobre, a partir de la conquista y firma del Acuerdo Marco con Codelco, han logrado una serie de derechos y beneficios, entre ellos el acceso a Becas de Excelencia Acad\u00e9mica de Educaci\u00f3n Superior. Es por ello que, junto con hacer el llamado a mantener una activa y permanente organizaci\u00f3n sindical, llamamos a todas y todos a hacer sus postulaciones, seguir su proceso y difundir esta informaci\u00f3n entre sus compa\u00f1eras y compa\u00f1eros.<\/p>\n\n\n\n<p>Dejamos a continuaci\u00f3n, para su consideraci\u00f3n, calendario con el proceso completo e invitamos a compartir esta informaci\u00f3n con sus compa\u00f1eras y compa\u00f1eros de trabajo:<\/p>\n\n\n\n<figure class=\"wp-block-image size-large\"><img loading=\"lazy\" decoding=\"async\" width=\"793\" height=\"1024\" src=\"https:\/\/www.confederaciondelcobre.cl\/wp-content\/uploads\/2022\/03\/BecasEducacionSuperior2022-793x1024.png\" alt=\"\" class=\"wp-image-2332\" srcset=\"https:\/\/www.confederaciondelcobre.cl\/wp-content\/uploads\/2022\/03\/BecasEducacionSuperior2022-793x1024.png 793w, https:\/\/www.confederaciondelcobre.cl\/wp-content\/uploads\/2022\/03\/BecasEducacionSuperior2022-232x300.png 232w, https:\/\/www.confederaciondelcobre.cl\/wp-content\/uploads\/2022\/03\/BecasEducacionSuperior2022-768x992.png 768w, https:\/\/www.confederaciondelcobre.cl\/wp-content\/uploads\/2022\/03\/BecasEducacionSuperior2022.png 836w\" sizes=\"auto, (max-width: 793px) 100vw, 793px\" \/><\/figure>\n","protected":false},"excerpt":{"rendered":"<p>Compa\u00f1eras y Compa\u00f1eros, comunicamos que a partir hoy lunes 28 de marzo inicia el proceso de postulaci\u00f3n a las Becas de Excelencia Acad\u00e9mica de Educaci\u00f3n Superior correspondiente a este a\u00f1o &hellip; <\/p>\n","protected":false},"author":2,"featured_media":2329,"comment_status":"closed","ping_status":"closed","sticky":false,"template":"","format":"standard","meta":{"jetpack_post_was_ever_published":false,"_jetpack_newsletter_access":"","_jetpack_dont_email_post_to_subs":false,"_jetpack_newsletter_tier_id":0,"_jetpack_memberships_contains_paywalled_content":false,"_jetpack_memberships_contains_paid_content":false,"footnotes":"","jetpack_publicize_message":"","jetpack_publicize_feature_enabled":true,"jetpack_social_post_already_shared":true,"jetpack_social_options":{"image_generator_settings":{"template":"highway","default_image_id":0,"enabled":false},"version":2}},"categories":[5,23,9,21,15,19],"tags":[],"class_list":["post-2346","post","type-post","status-publish","format-standard","has-post-thumbnail","hentry","category-acuerdo-marco","category-acuerdo-marco-codelco","category-confederacion","category-federaciones","category-nacional","category-trabajadores"],"jetpack_publicize_connections":[],"jetpack_featured_media_url":"https:\/\/www.confederaciondelcobre.cl\/wp-content\/uploads\/2022\/03\/1-Portada-Becas-Inicio-Proc2022.jpg","jetpack_sharing_enabled":true,"post_mailing_queue_ids":[],"_links":{"self":[{"href":"https:\/\/www.confederaciondelcobre.cl\/index.php\/wp-json\/wp\/v2\/posts\/2346","targetHints":{"allow":["GET"]}}],"collection":[{"href":"https:\/\/www.confederaciondelcobre.cl\/index.php\/wp-json\/wp\/v2\/posts"}],"about":[{"href":"https:\/\/www.confederaciondelcobre.cl\/index.php\/wp-json\/wp\/v2\/types\/post"}],"author":[{"embeddable":true,"href":"https:\/\/www.confederaciondelcobre.cl\/index.php\/wp-json\/wp\/v2\/users\/2"}],"replies":[{"embeddable":true,"href":"https:\/\/www.confederaciondelcobre.cl\/index.php\/wp-json\/wp\/v2\/comments?post=2346"}],"version-history":[{"count":3,"href":"https:\/\/www.confederaciondelcobre.cl\/index.php\/wp-json\/wp\/v2\/posts\/2346\/revisions"}],"predecessor-version":[{"id":2349,"href":"https:\/\/www.confederaciondelcobre.cl\/index.php\/wp-json\/wp\/v2\/posts\/2346\/revisions\/2349"}],"wp:featuredmedia":[{"embeddable":true,"href":"https:\/\/www.confederaciondelcobre.cl\/index.php\/wp-json\/wp\/v2\/media\/2329"}],"wp:attachment":[{"href":"https:\/\/www.confederaciondelcobre.cl\/index.php\/wp-json\/wp\/v2\/media?parent=2346"}],"wp:term":[{"taxonomy":"category","embeddable":true,"href":"https:\/\/www.confederaciondelcobre.cl\/index.php\/wp-json\/wp\/v2\/categories?post=2346"},{"taxonomy":"post_tag","embeddable":true,"href":"https:\/\/www.confederaciondelcobre.cl\/index.php\/wp-json\/wp\/v2\/tags?post=2346"}],"curies":[{"name":"wp","href":"https:\/\/api.w.org\/{rel}","templated":true}]}}