{"id":2351,"date":"2022-03-29T18:41:05","date_gmt":"2022-03-29T18:41:05","guid":{"rendered":"https:\/\/www.confederaciondelcobre.cl\/?p=2351"},"modified":"2022-03-29T18:41:07","modified_gmt":"2022-03-29T18:41:07","slug":"comunicadoctc-sobre-designacion-de-barbara-figueroa-como-embajadora-de-chile-en-la-hermana-republica-de-argentina","status":"publish","type":"post","link":"https:\/\/www.confederaciondelcobre.cl\/index.php\/2022\/03\/29\/comunicadoctc-sobre-designacion-de-barbara-figueroa-como-embajadora-de-chile-en-la-hermana-republica-de-argentina\/","title":{"rendered":"#ComunicadoCTC sobre designaci\u00f3n de B\u00e1rbara Figueroa como embajadora de Chile en la hermana rep\u00fablica de Argentina."},"content":{"rendered":"\n<p class=\"has-text-align-center\"><strong>COMUNICADO<\/strong><\/p>\n\n\n\n<p>Sobre la designaci\u00f3n de B\u00e1rbara Figueroa como embajadora de Chile en la hermana rep\u00fablica de Argentina, la Confederaci\u00f3n de Trabajadores del Cobre (CTC), organizaci\u00f3n nacional que agrupa y organiza a las y los trabajadores contratistas y subcontratistas del cobre de Chile, expresa a la opini\u00f3n p\u00fablica lo siguiente:<\/p>\n\n\n\n<p>1.- La designaci\u00f3n de la expresidenta de la Central Unitaria de Trabajadores (CUT-Chile), B\u00e1rbara Figueroa, como embajadora de Chile en la hermana rep\u00fablica de Argentina, la percibimos como una importante se\u00f1al de reconocimiento y franca apertura hacia el mundo de las y los trabajadores por parte del nuevo gobierno encabezado por el Presidente Gabriel Boric.<\/p>\n\n\n\n<p>2.- Dicha se\u00f1al, que con esta designaci\u00f3n env\u00eda el nuevo gobierno de Chile, esperamos sea el fecundo antecedente de una decidida y progresiva ampliaci\u00f3n de los espacios de relaci\u00f3n, di\u00e1logo y resoluci\u00f3n social tripartitos, donde la voz de las y los trabajadores, y del pueblo en su conjunto, alcance por fin el lugar que hist\u00f3ricamente nos ha sido negado.<\/p>\n\n\n\n<p>3.- Saludamos y celebramos que, finalmente, y luego de m\u00e1s de dos siglos de relaciones diplom\u00e1ticas entre las hermanas rep\u00fablicas de Chile y Argentina, sea B\u00e1rbara Figueroa Sandoval la primera mujer, adem\u00e1s de dirigenta sindical, designada por el nuevo gobierno como embajadora de Chile en la Rep\u00fablica de Argentina.<\/p>\n\n\n\n<p class=\"has-text-align-center\"><strong>CONFEDERACI\u00d3N DE TRABAJADORES DEL COBRE<\/strong><\/p>\n\n\n\n<p class=\"has-text-align-right\">Chile, 29 de marzo de 2022.<\/p>\n\n\n\n<figure class=\"wp-block-image size-large\"><img loading=\"lazy\" decoding=\"async\" width=\"814\" height=\"1024\" src=\"https:\/\/www.confederaciondelcobre.cl\/wp-content\/uploads\/2022\/03\/ComunicadoCTC-DesigBFS-814x1024.png\" alt=\"\" class=\"wp-image-2353\" srcset=\"https:\/\/www.confederaciondelcobre.cl\/wp-content\/uploads\/2022\/03\/ComunicadoCTC-DesigBFS-814x1024.png 814w, https:\/\/www.confederaciondelcobre.cl\/wp-content\/uploads\/2022\/03\/ComunicadoCTC-DesigBFS-238x300.png 238w, https:\/\/www.confederaciondelcobre.cl\/wp-content\/uploads\/2022\/03\/ComunicadoCTC-DesigBFS-768x966.png 768w, https:\/\/www.confederaciondelcobre.cl\/wp-content\/uploads\/2022\/03\/ComunicadoCTC-DesigBFS-1221x1536.png 1221w, https:\/\/www.confederaciondelcobre.cl\/wp-content\/uploads\/2022\/03\/ComunicadoCTC-DesigBFS-1627x2048.png 1627w\" sizes=\"auto, (max-width: 814px) 100vw, 814px\" \/><\/figure>\n","protected":false},"excerpt":{"rendered":"<p>COMUNICADO Sobre la designaci\u00f3n de B\u00e1rbara Figueroa como embajadora de Chile en la hermana rep\u00fablica de Argentina, la Confederaci\u00f3n de Trabajadores del Cobre (CTC), organizaci\u00f3n nacional que agrupa y organiza &hellip; <\/p>\n","protected":false},"author":2,"featured_media":2352,"comment_status":"closed","ping_status":"closed","sticky":false,"template":"","format":"standard","meta":{"jetpack_post_was_ever_published":false,"_jetpack_newsletter_access":"","_jetpack_dont_email_post_to_subs":false,"_jetpack_newsletter_tier_id":0,"_jetpack_memberships_contains_paywalled_content":false,"_jetpack_memberships_contains_paid_content":false,"footnotes":"","jetpack_publicize_message":"","jetpack_publicize_feature_enabled":true,"jetpack_social_post_already_shared":true,"jetpack_social_options":{"image_generator_settings":{"template":"highway","default_image_id":0,"enabled":false},"version":2}},"categories":[8,9,13,15,19],"tags":[],"class_list":["post-2351","post","type-post","status-publish","format-standard","has-post-thumbnail","hentry","category-comunicado","category-confederacion","category-internacional","category-nacional","category-trabajadores"],"jetpack_publicize_connections":[],"jetpack_featured_media_url":"https:\/\/www.confederaciondelcobre.cl\/wp-content\/uploads\/2022\/03\/PortadaComCTC.jpg","jetpack_sharing_enabled":true,"post_mailing_queue_ids":[],"_links":{"self":[{"href":"https:\/\/www.confederaciondelcobre.cl\/index.php\/wp-json\/wp\/v2\/posts\/2351","targetHints":{"allow":["GET"]}}],"collection":[{"href":"https:\/\/www.confederaciondelcobre.cl\/index.php\/wp-json\/wp\/v2\/posts"}],"about":[{"href":"https:\/\/www.confederaciondelcobre.cl\/index.php\/wp-json\/wp\/v2\/types\/post"}],"author":[{"embeddable":true,"href":"https:\/\/www.confederaciondelcobre.cl\/index.php\/wp-json\/wp\/v2\/users\/2"}],"replies":[{"embeddable":true,"href":"https:\/\/www.confederaciondelcobre.cl\/index.php\/wp-json\/wp\/v2\/comments?post=2351"}],"version-history":[{"count":1,"href":"https:\/\/www.confederaciondelcobre.cl\/index.php\/wp-json\/wp\/v2\/posts\/2351\/revisions"}],"predecessor-version":[{"id":2354,"href":"https:\/\/www.confederaciondelcobre.cl\/index.php\/wp-json\/wp\/v2\/posts\/2351\/revisions\/2354"}],"wp:featuredmedia":[{"embeddable":true,"href":"https:\/\/www.confederaciondelcobre.cl\/index.php\/wp-json\/wp\/v2\/media\/2352"}],"wp:attachment":[{"href":"https:\/\/www.confederaciondelcobre.cl\/index.php\/wp-json\/wp\/v2\/media?parent=2351"}],"wp:term":[{"taxonomy":"category","embeddable":true,"href":"https:\/\/www.confederaciondelcobre.cl\/index.php\/wp-json\/wp\/v2\/categories?post=2351"},{"taxonomy":"post_tag","embeddable":true,"href":"https:\/\/www.confederaciondelcobre.cl\/index.php\/wp-json\/wp\/v2\/tags?post=2351"}],"curies":[{"name":"wp","href":"https:\/\/api.w.org\/{rel}","templated":true}]}}