{"id":2355,"date":"2022-04-01T17:02:46","date_gmt":"2022-04-01T17:02:46","guid":{"rendered":"https:\/\/www.confederaciondelcobre.cl\/?p=2355"},"modified":"2022-04-01T17:02:48","modified_gmt":"2022-04-01T17:02:48","slug":"comunicadoctc-a-la-convencion-y-al-pais-exigimos-se-incluya-renacionalizacion-del-cobre-en-la-nueva-constitucion","status":"publish","type":"post","link":"https:\/\/www.confederaciondelcobre.cl\/index.php\/2022\/04\/01\/comunicadoctc-a-la-convencion-y-al-pais-exigimos-se-incluya-renacionalizacion-del-cobre-en-la-nueva-constitucion\/","title":{"rendered":"#ComunicadoCTC a la Convenci\u00f3n y al Pa\u00eds: exigimos se incluya renacionalizaci\u00f3n del cobre en la nueva constituci\u00f3n."},"content":{"rendered":"\n<p class=\"has-text-align-center\"><strong>A LA CONVENCI\u00d3N CONSTITUCIONAL Y AL PAIS<\/strong><\/p>\n\n\n\n<p class=\"has-text-align-center\"><strong>COMUNICADO<\/strong><\/p>\n\n\n\n<p>El 30 de marzo de 2022 el pleno de la Convenci\u00f3n Constitucional ha rechazado en votaci\u00f3n particular la inclusi\u00f3n en el art\u00edculo 18 de la Nueva Constituci\u00f3n, referido al derecho de propiedad, del hist\u00f3rico p\u00e1rrafo de la Nacionalizaci\u00f3n del Cobre presentado por el Presidente Salvador Allende \u2014aprobado por la unanimidad del Congreso en 1971\u2014 y que ni siquiera la constituci\u00f3n de Pinochet se atrevi\u00f3 a tocar. Dicho p\u00e1rrafo, seg\u00fan lo hab\u00eda propuesto y aprobado la Comisi\u00f3n de Derechos Fundamentales de la propia Convenci\u00f3n Constitucional, e incluido, adem\u00e1s, en la propuesta de norma entregada por la Confederaci\u00f3n de Trabajadores del Cobre, reproduc\u00eda textualmente:<\/p>\n\n\n\n<p><strong>\u201cEl Estado tiene el dominio absoluto, exclusivo, inalienable e imprescriptible de todas las minas<\/strong>,comprendi\u00e9ndose en estas las covaderas, las arenas metal\u00edferas, los salares, los dep\u00f3sitos de carb\u00f3n e hidrocarburos y las dem\u00e1s sustancias f\u00f3siles, con excepci\u00f3n de las arcillas superficiales, no obstante la propiedad de las personas naturales o jur\u00eddicas sobre los terrenos en cuyas entra\u00f1as estuvieren situadas. Los predios superficiales estar\u00e1n sujetos a las obligaciones y limitaciones que la ley se\u00f1ale para facilitar la exploraci\u00f3n, la explotaci\u00f3n y el beneficio de dichas minas.\u201d<\/p>\n\n\n\n<p>Entendemos que la Convenci\u00f3n Constitucional ha debido enfrentar una enorme presi\u00f3n en la dif\u00edcil, pero imprescindible tarea de alcanzar amplios consensos respecto de todas las materias.&nbsp;Pero como organizaci\u00f3n nacional de las y los trabajadores contratistas y subcontratistas del cobre nos cabe el deber moral de hacer presente, a la Convenci\u00f3n y al pa\u00eds, que el rechazo a incluir el hist\u00f3rico p\u00e1rrafo en el articulado de la Nueva Constituci\u00f3n tiene grav\u00edsimas implicancias: &nbsp;<\/p>\n\n\n\n<p><strong>Primero:<\/strong> resulta ser una imprudente falta de respeto a la memoria hist\u00f3rica de nuestro pa\u00eds, y a la culminaci\u00f3n, en el gobierno popular encabezado por Salvador Allende, de las luchas del pueblo y los trabajadores por la recuperaci\u00f3n de los recursos mineros entonces entregados al capital estadounidense.<\/p>\n\n\n\n<p><strong>Segundo:<\/strong> deja sin respuesta a una de las exigencias actuales m\u00e1s sentidas y transversales del pueblo de Chile, como es la de recuperar la soberan\u00eda sobre nuestros recursos mineros estrat\u00e9gicos y rescatar los recursos necesarios para las grandes transformaciones que el pa\u00eds necesita.<\/p>\n\n\n\n<p><strong>Tercero:<\/strong> debilita la soberan\u00eda nacional al mantener las puertas abiertas a la continuidad del modelo neoliberal, privatizador, depredador y extractivista, que las grandes movilizaciones populares nos han mandatado a superar y que, con un vac\u00edo de tal magnitud en la Constituci\u00f3n Pol\u00edtica Chile, permitir\u00eda a la miner\u00eda transnacional acabar exterminando, sin remedio, un recurso que por naturaleza no es renovable.<\/p>\n\n\n\n<p>Por tales motivos, exigimos que este hist\u00f3rico p\u00e1rrafo sea incluido textualmente en el m\u00e1s alto nivel de la Nueva Constituci\u00f3n, y que el conjunto de la misma se adec\u00fae a su esp\u00edritu, ordenando de este modo la Renacionalizaci\u00f3n del Cobre y nuestros Bienes Comunes Estrat\u00e9gicos, hoy entregados al capital privado transnacional en flagrante violaci\u00f3n de los intereses nacionales.<\/p>\n\n\n\n<p>Ello constituye la condici\u00f3n esencial para recuperar la soberan\u00eda y dignidad del pueblo, porque, bien lo sabemos, quien controla el cobre controla Chile.<\/p>\n\n\n\n<p class=\"has-text-align-center\"><strong>CONFEDERACI\u00d3N DE TRABAJADORES DEL COBRE<\/strong><\/p>\n\n\n\n<p class=\"has-text-align-right\">Chile, 01 de abril de 2022<\/p>\n\n\n\n<div class=\"wp-block-image\"><figure class=\"aligncenter size-large\"><img loading=\"lazy\" decoding=\"async\" width=\"665\" height=\"1024\" src=\"https:\/\/www.confederaciondelcobre.cl\/wp-content\/uploads\/2022\/04\/Comunicado-renac-del-cobre-01.04.2022-665x1024.png\" alt=\"\" class=\"wp-image-2359\" srcset=\"https:\/\/www.confederaciondelcobre.cl\/wp-content\/uploads\/2022\/04\/Comunicado-renac-del-cobre-01.04.2022-665x1024.png 665w, https:\/\/www.confederaciondelcobre.cl\/wp-content\/uploads\/2022\/04\/Comunicado-renac-del-cobre-01.04.2022-195x300.png 195w, https:\/\/www.confederaciondelcobre.cl\/wp-content\/uploads\/2022\/04\/Comunicado-renac-del-cobre-01.04.2022.png 701w\" sizes=\"auto, (max-width: 665px) 100vw, 665px\" \/><\/figure><\/div>\n","protected":false},"excerpt":{"rendered":"<p>A LA CONVENCI\u00d3N CONSTITUCIONAL Y AL PAIS COMUNICADO El 30 de marzo de 2022 el pleno de la Convenci\u00f3n Constitucional ha rechazado en votaci\u00f3n particular la inclusi\u00f3n en el art\u00edculo &hellip; <\/p>\n","protected":false},"author":2,"featured_media":2358,"comment_status":"closed","ping_status":"closed","sticky":false,"template":"","format":"standard","meta":{"jetpack_post_was_ever_published":false,"_jetpack_newsletter_access":"","_jetpack_dont_email_post_to_subs":false,"_jetpack_newsletter_tier_id":0,"_jetpack_memberships_contains_paywalled_content":false,"_jetpack_memberships_contains_paid_content":false,"footnotes":"","jetpack_publicize_message":"","jetpack_publicize_feature_enabled":false,"jetpack_social_post_already_shared":true,"jetpack_social_options":{"image_generator_settings":{"template":"highway","default_image_id":0,"enabled":false},"version":2}},"categories":[8,9,15],"tags":[],"class_list":["post-2355","post","type-post","status-publish","format-standard","has-post-thumbnail","hentry","category-comunicado","category-confederacion","category-nacional"],"jetpack_publicize_connections":[],"jetpack_featured_media_url":"https:\/\/www.confederaciondelcobre.cl\/wp-content\/uploads\/2022\/04\/PortadaComCTC.jpg","jetpack_sharing_enabled":true,"post_mailing_queue_ids":[],"_links":{"self":[{"href":"https:\/\/www.confederaciondelcobre.cl\/index.php\/wp-json\/wp\/v2\/posts\/2355","targetHints":{"allow":["GET"]}}],"collection":[{"href":"https:\/\/www.confederaciondelcobre.cl\/index.php\/wp-json\/wp\/v2\/posts"}],"about":[{"href":"https:\/\/www.confederaciondelcobre.cl\/index.php\/wp-json\/wp\/v2\/types\/post"}],"author":[{"embeddable":true,"href":"https:\/\/www.confederaciondelcobre.cl\/index.php\/wp-json\/wp\/v2\/users\/2"}],"replies":[{"embeddable":true,"href":"https:\/\/www.confederaciondelcobre.cl\/index.php\/wp-json\/wp\/v2\/comments?post=2355"}],"version-history":[{"count":4,"href":"https:\/\/www.confederaciondelcobre.cl\/index.php\/wp-json\/wp\/v2\/posts\/2355\/revisions"}],"predecessor-version":[{"id":2361,"href":"https:\/\/www.confederaciondelcobre.cl\/index.php\/wp-json\/wp\/v2\/posts\/2355\/revisions\/2361"}],"wp:featuredmedia":[{"embeddable":true,"href":"https:\/\/www.confederaciondelcobre.cl\/index.php\/wp-json\/wp\/v2\/media\/2358"}],"wp:attachment":[{"href":"https:\/\/www.confederaciondelcobre.cl\/index.php\/wp-json\/wp\/v2\/media?parent=2355"}],"wp:term":[{"taxonomy":"category","embeddable":true,"href":"https:\/\/www.confederaciondelcobre.cl\/index.php\/wp-json\/wp\/v2\/categories?post=2355"},{"taxonomy":"post_tag","embeddable":true,"href":"https:\/\/www.confederaciondelcobre.cl\/index.php\/wp-json\/wp\/v2\/tags?post=2355"}],"curies":[{"name":"wp","href":"https:\/\/api.w.org\/{rel}","templated":true}]}}