{"id":2362,"date":"2022-04-02T22:50:34","date_gmt":"2022-04-02T22:50:34","guid":{"rendered":"https:\/\/www.confederaciondelcobre.cl\/?p=2362"},"modified":"2022-04-02T22:50:35","modified_gmt":"2022-04-02T22:50:35","slug":"comunicadoctc-manuel-ahumada-letelier-nuevo-seremi-del-trabajo-de-la-region-metropolitana","status":"publish","type":"post","link":"https:\/\/www.confederaciondelcobre.cl\/index.php\/2022\/04\/02\/comunicadoctc-manuel-ahumada-letelier-nuevo-seremi-del-trabajo-de-la-region-metropolitana\/","title":{"rendered":"#ComunicadoCTC: Manuel Ahumada Letelier nuevo SEREMI del Trabajo de la Regi\u00f3n Metropolitana."},"content":{"rendered":"\n<p class=\"has-text-align-center\"><strong>A LAS Y LOS TRABAJADORES Y AL PAIS.<\/strong><\/p>\n\n\n\n<p class=\"has-text-align-center\"><strong>COMUNICADO<\/strong><\/p>\n\n\n\n<p><strong>Como Confederaci\u00f3n de Trabajadores del Cobre hemos recibido con orgullo, alegr\u00eda y satisfacci\u00f3n la decisi\u00f3n del Gobierno de encomendar a nuestro compa\u00f1ero, dirigente y amigo Manuel Ahumada Letelier, la responsabilidad de asumir como Secretario Regional Ministerial (SEREMI) del Trabajo y Previsi\u00f3n Social de la Regi\u00f3n Metropolitana.<\/strong><\/p>\n\n\n\n<p>El reciente nombramiento como SEREMI de Manuel Ahumada Letelier, <strong>miembro fundador de nuestra organizaci\u00f3n durante la gran huelga contratista del 2007, y su Presidente entre los a\u00f1os 2013 y 2021<\/strong>, lo asumimos como el anuncio de un reconocimiento a las capacidades de nuestro dirigente sindical, por parte del Gobierno de Chile y su Presidente Gabriel Boric. Se trata de una decisi\u00f3n que valoramos como un acto de justa valoraci\u00f3n a la importante y destacada trayectoria de Manuel como dirigente sindical de las y los trabajadores del cobre, y&nbsp; que su trabajo ser\u00e1 un avance en la promoci\u00f3n y aseguramiento de relaciones laborales justas, a fin de disminuir las desigualdades que hay entre empleadores y trabajadores, para&nbsp; seguir contribuyendo decisivamente en el avance hacia la tan anhelada justicia social en nuestro pa\u00eds.<\/p>\n\n\n\n<p>Creemos que nominaciones como esta reflejan el esp\u00edritu que anima al nuevo gobierno, en el sentido de incorporar a la conducci\u00f3n del pa\u00eds a la clase trabajadora, y, en este caso en particular, a aquellos que han sido hist\u00f3ricamente discriminados y precarizados: las y los trabajadores subcontratados.<\/p>\n\n\n\n<p><strong>La Confederaci\u00f3n de Trabajadores del Cobre saluda y felicita a Manuel Ahumada Letelier por la alta responsabilidad que asume<\/strong>. Sabemos de sus capacidades, lealtad y profundo compromiso con la clase trabajadora. Porque lo conocemos, tenemos la confianza y convicci\u00f3n de que su gesti\u00f3n ser\u00e1 un aporte al gobierno que encabeza un proyecto profundamente transformador, tan anhelado por las y los trabajadores.<\/p>\n\n\n\n<p class=\"has-text-align-center\"><strong>CONFEDERACI\u00d3N DE TRABAJADORES DEL COBRE<\/strong><\/p>\n\n\n\n<p class=\"has-text-align-right\">Chile, 02 de abril de 2022.<\/p>\n\n\n\n<figure class=\"wp-block-image size-large\"><img loading=\"lazy\" decoding=\"async\" width=\"851\" height=\"1024\" src=\"https:\/\/www.confederaciondelcobre.cl\/wp-content\/uploads\/2022\/04\/ComMASEREMI-851x1024.png\" alt=\"\" class=\"wp-image-2364\" srcset=\"https:\/\/www.confederaciondelcobre.cl\/wp-content\/uploads\/2022\/04\/ComMASEREMI-851x1024.png 851w, https:\/\/www.confederaciondelcobre.cl\/wp-content\/uploads\/2022\/04\/ComMASEREMI-249x300.png 249w, https:\/\/www.confederaciondelcobre.cl\/wp-content\/uploads\/2022\/04\/ComMASEREMI-768x924.png 768w, https:\/\/www.confederaciondelcobre.cl\/wp-content\/uploads\/2022\/04\/ComMASEREMI.png 898w\" sizes=\"auto, (max-width: 851px) 100vw, 851px\" \/><\/figure>\n","protected":false},"excerpt":{"rendered":"<p>A LAS Y LOS TRABAJADORES Y AL PAIS. COMUNICADO Como Confederaci\u00f3n de Trabajadores del Cobre hemos recibido con orgullo, alegr\u00eda y satisfacci\u00f3n la decisi\u00f3n del Gobierno de encomendar a nuestro &hellip; <\/p>\n","protected":false},"author":2,"featured_media":2365,"comment_status":"closed","ping_status":"closed","sticky":false,"template":"","format":"standard","meta":{"jetpack_post_was_ever_published":false,"_jetpack_newsletter_access":"","_jetpack_dont_email_post_to_subs":false,"_jetpack_newsletter_tier_id":0,"_jetpack_memberships_contains_paywalled_content":false,"_jetpack_memberships_contains_paid_content":false,"footnotes":"","jetpack_publicize_message":"","jetpack_publicize_feature_enabled":false,"jetpack_social_post_already_shared":true,"jetpack_social_options":{"image_generator_settings":{"template":"highway","default_image_id":0,"enabled":false},"version":2}},"categories":[8,9,15,19],"tags":[],"class_list":["post-2362","post","type-post","status-publish","format-standard","has-post-thumbnail","hentry","category-comunicado","category-confederacion","category-nacional","category-trabajadores"],"jetpack_publicize_connections":[],"jetpack_featured_media_url":"https:\/\/www.confederaciondelcobre.cl\/wp-content\/uploads\/2022\/04\/PortadaMASEREMI.jpg","jetpack_sharing_enabled":true,"post_mailing_queue_ids":[],"_links":{"self":[{"href":"https:\/\/www.confederaciondelcobre.cl\/index.php\/wp-json\/wp\/v2\/posts\/2362","targetHints":{"allow":["GET"]}}],"collection":[{"href":"https:\/\/www.confederaciondelcobre.cl\/index.php\/wp-json\/wp\/v2\/posts"}],"about":[{"href":"https:\/\/www.confederaciondelcobre.cl\/index.php\/wp-json\/wp\/v2\/types\/post"}],"author":[{"embeddable":true,"href":"https:\/\/www.confederaciondelcobre.cl\/index.php\/wp-json\/wp\/v2\/users\/2"}],"replies":[{"embeddable":true,"href":"https:\/\/www.confederaciondelcobre.cl\/index.php\/wp-json\/wp\/v2\/comments?post=2362"}],"version-history":[{"count":2,"href":"https:\/\/www.confederaciondelcobre.cl\/index.php\/wp-json\/wp\/v2\/posts\/2362\/revisions"}],"predecessor-version":[{"id":2366,"href":"https:\/\/www.confederaciondelcobre.cl\/index.php\/wp-json\/wp\/v2\/posts\/2362\/revisions\/2366"}],"wp:featuredmedia":[{"embeddable":true,"href":"https:\/\/www.confederaciondelcobre.cl\/index.php\/wp-json\/wp\/v2\/media\/2365"}],"wp:attachment":[{"href":"https:\/\/www.confederaciondelcobre.cl\/index.php\/wp-json\/wp\/v2\/media?parent=2362"}],"wp:term":[{"taxonomy":"category","embeddable":true,"href":"https:\/\/www.confederaciondelcobre.cl\/index.php\/wp-json\/wp\/v2\/categories?post=2362"},{"taxonomy":"post_tag","embeddable":true,"href":"https:\/\/www.confederaciondelcobre.cl\/index.php\/wp-json\/wp\/v2\/tags?post=2362"}],"curies":[{"name":"wp","href":"https:\/\/api.w.org\/{rel}","templated":true}]}}