{"id":2369,"date":"2022-04-08T23:02:56","date_gmt":"2022-04-08T23:02:56","guid":{"rendered":"https:\/\/www.confederaciondelcobre.cl\/?p=2369"},"modified":"2022-04-08T23:02:58","modified_gmt":"2022-04-08T23:02:58","slug":"federaciones-de-la-ctc-fesal-y-fesamav-se-reunieron-con-delegado-presidencial-de-la-provincia-de-chanaral","status":"publish","type":"post","link":"https:\/\/www.confederaciondelcobre.cl\/index.php\/2022\/04\/08\/federaciones-de-la-ctc-fesal-y-fesamav-se-reunieron-con-delegado-presidencial-de-la-provincia-de-chanaral\/","title":{"rendered":"Federaciones de la CTC, FESAL y FESAMAV, se reunieron con Delegado Presidencial de la Provincia de Cha\u00f1aral."},"content":{"rendered":"\n<p>El d\u00eda de hoy las y los dirigentes Ana Lamas Aguirre, Secretaria General de la CTC y Presidenta de la Federaci\u00f3n de Sindicatos El Salvador (FESAL); Stephanie Gonz\u00e1lez Ch\u00e1vez, Directora Nacional Encargada de G\u00e9nero e Inclusi\u00f3n de la CTC y Presidenta de la Federaci\u00f3n de Sindicatos MantoVerde (FESAMAV); Daniel C\u00e1ceres Garc\u00eda, Presidente del Sindicato TRAMSALPO; y Maudy Contreras Chepillo y Carolina Rojas\u00a0 Pizarro de la FESAL, se reunieron con el Delegado Presidencial de la Provincia de Cha\u00f1aral, Jorge Fern\u00e1ndez Herrera. El encuentro, de car\u00e1cter principalmente protocolar, tuvo un marco de temas relativos al inter\u00e9s de quienes las y los dirigentes representan: las y los trabajadores, en particular del subcontrato de la miner\u00eda del cobre.<\/p>\n\n\n\n<div class=\"wp-block-image\"><figure class=\"aligncenter size-large\"><img loading=\"lazy\" decoding=\"async\" width=\"1024\" height=\"461\" src=\"https:\/\/www.confederaciondelcobre.cl\/wp-content\/uploads\/2022\/04\/IMG-20220408-WA0008-1024x461.jpg\" alt=\"\" class=\"wp-image-2371\" srcset=\"https:\/\/www.confederaciondelcobre.cl\/wp-content\/uploads\/2022\/04\/IMG-20220408-WA0008-1024x461.jpg 1024w, https:\/\/www.confederaciondelcobre.cl\/wp-content\/uploads\/2022\/04\/IMG-20220408-WA0008-300x135.jpg 300w, https:\/\/www.confederaciondelcobre.cl\/wp-content\/uploads\/2022\/04\/IMG-20220408-WA0008-768x346.jpg 768w, https:\/\/www.confederaciondelcobre.cl\/wp-content\/uploads\/2022\/04\/IMG-20220408-WA0008-1536x691.jpg 1536w, https:\/\/www.confederaciondelcobre.cl\/wp-content\/uploads\/2022\/04\/IMG-20220408-WA0008.jpg 1600w\" sizes=\"auto, (max-width: 1024px) 100vw, 1024px\" \/><\/figure><\/div>\n\n\n\n<p>En la cita se abord\u00f3 la necesidad de establecer canales de comunicaci\u00f3n y trabajo conjunto permanentes, esto en la idea de que la autoridad conozca de primera fuente los asuntos de las y los trabajadores y de la poblaci\u00f3n en general, a la vez que la propia comunidad pueda tener una mayor participaci\u00f3n y acceso a la autoridad que, en este caso, es representante del Presidente de la Rep\u00fablica en la provincia.<\/p>\n\n\n\n<p>Es en ese sentido que las y los dirigentes plantearon asuntos a tratar relativos a la vivienda, trabajo decente, derecho a sindicalizaci\u00f3n, negociaci\u00f3n colectiva, Acuerdos Marco y negociaci\u00f3n multinivel. Tambi\u00e9n se\u00f1alaron deficiencias en torno a la labor fiscalizadora de la inspecci\u00f3n del trabajo y dem\u00e1s problem\u00e1ticas que viven las y los trabajadores, tanto en las faenas mineras como en la provincia en general. Finalmente, la reuni\u00f3n termin\u00f3 con el establecimiento de un contacto permanente, entre las y los dirigentes y el Delegado Presidencial, con el objetivo de ya en un futuro pr\u00f3ximo abordar y trabajar con mayor detalle lo all\u00ed conversado.<\/p>\n","protected":false},"excerpt":{"rendered":"<p>El d\u00eda de hoy las y los dirigentes Ana Lamas Aguirre, Secretaria General de la CTC y Presidenta de la Federaci\u00f3n de Sindicatos El Salvador (FESAL); Stephanie Gonz\u00e1lez Ch\u00e1vez, Directora &hellip; <\/p>\n","protected":false},"author":2,"featured_media":2370,"comment_status":"closed","ping_status":"closed","sticky":false,"template":"","format":"standard","meta":{"jetpack_post_was_ever_published":false,"_jetpack_newsletter_access":"","_jetpack_dont_email_post_to_subs":false,"_jetpack_newsletter_tier_id":0,"_jetpack_memberships_contains_paywalled_content":false,"_jetpack_memberships_contains_paid_content":false,"footnotes":"","jetpack_publicize_message":"","jetpack_publicize_feature_enabled":false,"jetpack_social_post_already_shared":true,"jetpack_social_options":{"image_generator_settings":{"template":"highway","default_image_id":0,"enabled":false},"version":2}},"categories":[9,21,28,25,17,19],"tags":[],"class_list":["post-2369","post","type-post","status-publish","format-standard","has-post-thumbnail","hentry","category-confederacion","category-federaciones","category-fesal","category-fesamav","category-regiones","category-trabajadores"],"jetpack_publicize_connections":[],"jetpack_featured_media_url":"https:\/\/www.confederaciondelcobre.cl\/wp-content\/uploads\/2022\/04\/Portreu.jpg","jetpack_sharing_enabled":true,"post_mailing_queue_ids":[],"_links":{"self":[{"href":"https:\/\/www.confederaciondelcobre.cl\/index.php\/wp-json\/wp\/v2\/posts\/2369","targetHints":{"allow":["GET"]}}],"collection":[{"href":"https:\/\/www.confederaciondelcobre.cl\/index.php\/wp-json\/wp\/v2\/posts"}],"about":[{"href":"https:\/\/www.confederaciondelcobre.cl\/index.php\/wp-json\/wp\/v2\/types\/post"}],"author":[{"embeddable":true,"href":"https:\/\/www.confederaciondelcobre.cl\/index.php\/wp-json\/wp\/v2\/users\/2"}],"replies":[{"embeddable":true,"href":"https:\/\/www.confederaciondelcobre.cl\/index.php\/wp-json\/wp\/v2\/comments?post=2369"}],"version-history":[{"count":1,"href":"https:\/\/www.confederaciondelcobre.cl\/index.php\/wp-json\/wp\/v2\/posts\/2369\/revisions"}],"predecessor-version":[{"id":2372,"href":"https:\/\/www.confederaciondelcobre.cl\/index.php\/wp-json\/wp\/v2\/posts\/2369\/revisions\/2372"}],"wp:featuredmedia":[{"embeddable":true,"href":"https:\/\/www.confederaciondelcobre.cl\/index.php\/wp-json\/wp\/v2\/media\/2370"}],"wp:attachment":[{"href":"https:\/\/www.confederaciondelcobre.cl\/index.php\/wp-json\/wp\/v2\/media?parent=2369"}],"wp:term":[{"taxonomy":"category","embeddable":true,"href":"https:\/\/www.confederaciondelcobre.cl\/index.php\/wp-json\/wp\/v2\/categories?post=2369"},{"taxonomy":"post_tag","embeddable":true,"href":"https:\/\/www.confederaciondelcobre.cl\/index.php\/wp-json\/wp\/v2\/tags?post=2369"}],"curies":[{"name":"wp","href":"https:\/\/api.w.org\/{rel}","templated":true}]}}