{"id":2375,"date":"2022-04-20T17:49:22","date_gmt":"2022-04-20T17:49:22","guid":{"rendered":"https:\/\/www.confederaciondelcobre.cl\/?p=2375"},"modified":"2022-04-20T17:49:24","modified_gmt":"2022-04-20T17:49:24","slug":"elcobreparachile-carta-abierta-a-los-y-las-convencionales-y-al-pais","status":"publish","type":"post","link":"https:\/\/www.confederaciondelcobre.cl\/index.php\/2022\/04\/20\/elcobreparachile-carta-abierta-a-los-y-las-convencionales-y-al-pais\/","title":{"rendered":"#ElCobreParaChile: Carta abierta a los y las Convencionales y al pa\u00eds."},"content":{"rendered":"\n<p>Esta ma\u00f1ana la Confederaci\u00f3n de Trabajadores del Cobre (CTC) entreg\u00f3, en la oficina de partes de la Convenci\u00f3n Constitucional, una carta abierta dirigida a las y los Convencionales Constituyentes y al Pa\u00eds. La misiva, cuyo contenido dice relaci\u00f3n principalmente con la alta preocupaci\u00f3n que como organizaci\u00f3n nos asiste, ante la \u2014hasta ahora\u2014 exclusi\u00f3n de la Renacionalizaci\u00f3n del cobre y bienes p\u00fablicos estrat\u00e9gicos en la elaboraci\u00f3n de la nueva constituci\u00f3n pol\u00edtica de Chile, tiene por objetivo hacer un llamado a la propia Convenci\u00f3n y sus integrantes a replantear lo se\u00f1alado, pues de continuar con su exclusi\u00f3n nos encontrar\u00edamos ante un grave retroceso hist\u00f3rico, adem\u00e1s de un obst\u00e1culo m\u00e1s para hacer realidad las grandes transformaciones sociales que el pueblo demanda con urgencia.<\/p>\n\n\n\n<ul class=\"wp-block-list\"><li>En la actividad se dieron cita, por parte de la Confederaci\u00f3n de Trabajadores del Cobre, Miguel Santana Hidalgo, Presidente; Ana Lamas Aguirre, Secretaria General; Jedry Velis Palma, Tesorero; Patricio Roco Bucarey, Director Nacional Encargado de Organizaci\u00f3n; y Jos\u00e9 Irarr\u00e1zabal Camus, Director Nacional Encargado de Investigaci\u00f3n y Formaci\u00f3n. Tambi\u00e9n particip\u00f3 el Dirigente de la Federaci\u00f3n de Trabajadores Territorial del Cobre (FETRATEC, que es brazo org\u00e1nico de la CTC en la VI regi\u00f3n), Luis Marchant Vald\u00e9s, y por parte de la Fundaci\u00f3n CENDA participaron su Presidenta y Vicepresidente, Roxana Pey y Manuel Riesco, respectivamente. La delegaci\u00f3n, finalmente, tambi\u00e9n estuvo acompa\u00f1ada y compuesta por los reconocidos economistas e hist\u00f3ricos colaboradores de la Confederaci\u00f3n de Trabajadores del Cobre, Orlando Caputo y Graciela Galarce.<\/li><\/ul>\n\n\n\n<p>Cabe destacar que la misiva, adem\u00e1s de haber sido tambi\u00e9n entregada mano a mano a varios de los integrantes de la Convenci\u00f3n, les fue remitida v\u00eda correo electr\u00f3nico. Es de tal forma que, como organizaci\u00f3n nacional que agrupa y organiza a las y los trabajadores contratistas y subcontratistas del cobre de Chile, reiteramos el llamado a las y los Convencionales a replantear e incluir la Renacionalizaci\u00f3n del cobre y bienes p\u00fablicos estrat\u00e9gicos en la nueva constituci\u00f3n. Porque es un deber de todas y todos preservar y fortalecer la soberan\u00eda de Chile y sus pueblos sobre sus recursos y bienes p\u00fablicos estrat\u00e9gicos: #ElCobreParaChile<\/p>\n\n\n\n<p>Finalmente, y a continuaci\u00f3n, dejamos la transcripci\u00f3n \u00edntegra de la carta abierta a las y los Convencionales Constituyentes y al pa\u00eds.<\/p>\n\n\n\n<p class=\"has-text-align-center\"><strong>CONFEDERACI\u00d3N DE TRABAJADORES DEL COBRE<\/strong>&nbsp;<strong>CTC&nbsp;<\/strong><\/p>\n\n\n\n<p class=\"has-text-align-center\"><strong>CARTA ABIERTA A LOS Y LAS CONVENCIONALES Y AL PA\u00cdS&nbsp;<\/strong><\/p>\n\n\n\n<p>No cabe duda que el intenso trabajo desplegado por las y los integrantes de la Convenci\u00f3n Constitucional ha alcanzado, a la fecha, importantes avances en la construcci\u00f3n de la Carta Magna que Chile necesita y que el pueblo movilizado demand\u00f3 con particular fuerza a partir del 18 de octubre de 2019. Como Confederaci\u00f3n de Trabajadores del Cobre organizaci\u00f3n nacional de las y los trabajadores contratistas y subcontratistas de la miner\u00eda les saludamos y les manifestamos nuestro aprecio y reconocimiento.<\/p>\n\n\n\n<p>Sabemos que no les ha sido f\u00e1cil, que han tenido que vencer enormes dificultades y que han debido sortear con tino e inteligencia las presiones de los sectores, desde dentro y fuera de la Convenci\u00f3n, que quieren que nada cambie y que todo siga igual para mantener inc\u00f3lumes sus prebendas y privilegios. Confiamos en que culminar\u00e1 exitosamente su trabajo, entregando a los chilenos y chilenas la Carta Magna que nos liberar\u00e1 del modelo neoliberal injusto, privatizador, depredador y extractivista, que nos viene oprimiendo ya por tantas d\u00e9cadas.&nbsp;<\/p>\n\n\n\n<p>Sin embargo, en estos instantes nos asiste una gran preocupaci\u00f3n. El 30 de marzo de 2022 el pleno de la Convenci\u00f3n Constitucional rechaz\u00f3 la inclusi\u00f3n en el art\u00edculo 18 de la Nueva Constituci\u00f3n, referido al derecho de propiedad, del p\u00e1rrafo que hizo posible la Nacionalizaci\u00f3n del Cobre presentado por el Presidente Salvador Allende y aprobado por la unanimidad del Congreso en 1971. El texto hab\u00eda sido propuesto y aprobado en la Comisi\u00f3n de Derechos Fundamentales de la propia Convenci\u00f3n Constitucional, y fue incluido, adem\u00e1s, en la propuesta de norma entregada por la Confederaci\u00f3n de Trabajadores del Cobre en el mes de abril. Expresa, textualmente:&nbsp;<\/p>\n\n\n\n<p><strong><em>\u201cEl Estado tiene el dominio absoluto, exclusivo, inalienable e imprescriptible de todas las minas<\/em><\/strong><em>, comprendi\u00e9ndose en \u00e9stas las covaderas, las arenas metal\u00edferas, los salares, los dep\u00f3sitos de carb\u00f3n e hidrocarburos y las dem\u00e1s sustancias f\u00f3siles, con excepci\u00f3n de las arcillas superficiales, no obstante la propiedad de las personas naturales o jur\u00eddicas sobre los terrenos en cuyas entra\u00f1as estuvieren situadas. Los predios superficiales estar\u00e1n sujetos a las obligaciones y limitaciones que la ley se\u00f1ale para facilitar la exploraci\u00f3n, la explotaci\u00f3n y el beneficio de dichas minas.\u201d&nbsp;<\/em><\/p>\n\n\n\n<p>El p\u00e1rrafo, en s\u00ed, representa la culminaci\u00f3n de m\u00e1s de un siglo de luchas sociales y pol\u00edticas en Chile, y deja establecido de manera clara, formal, categ\u00f3rica y definitiva, el dominio soberano del Estado sobre las riquezas mineras del pa\u00eds. Es de tal magnitud su peso hist\u00f3rico, val\u00f3rico, pol\u00edtico y econ\u00f3mico, que ni&nbsp;siquiera la dictadura de Pinochet tuvo la osad\u00eda de eliminarla en su Constituci\u00f3n de 1980, aunque lo que s\u00ed hizo, para satisfacer de manera servil los intereses privados extranjeros, fue introducir a continuaci\u00f3n la figura de la Concesi\u00f3n Plena, que transforma en letra muerta la definici\u00f3n anterior y que convierte al inversionista extranjero en el verdadero due\u00f1o del mineral.&nbsp;<\/p>\n\n\n\n<p>Esper\u00e1bamos, entonces, que la Convenci\u00f3n Constitucional resolviera lo que era de toda l\u00f3gica hacer: primero, mantener intacto el p\u00e1rrafo hist\u00f3rico citado, y segundo, eliminar la lesiva y antipatri\u00f3tica figura de la Concesi\u00f3n Plena. Con eso, mantendr\u00eda, el principio soberano del dominio estatal sobre la miner\u00eda, a partir del cual se podr\u00eda iniciar un proceso de recuperaci\u00f3n, o renacionalizaci\u00f3n, de la riqueza de la que, hasta el d\u00eda de hoy, usufruct\u00faan los grandes capitales transnacionales para su propio lucro.&nbsp;<\/p>\n\n\n\n<p>Como organizaci\u00f3n nacional de los trabajadores contratistas y subcontratistas no podemos quedarnos imp\u00e1vidos frente al peligro de un retroceso hist\u00f3rico como el que se\u00f1alamos, que, adem\u00e1s, ser\u00eda un obst\u00e1culo m\u00e1s para hacer realidad las grandes transformaciones sociales que el pueblo demanda con urgencia.&nbsp;<\/p>\n\n\n\n<p>Entendemos la actitud de los sectores que sostienen y profitan del sistema; ninguna actitud de beneficio popular podemos esperar ellos. Pero no podemos comprender las razones que impulsaron a convencionales, supuestamente progresistas, para rechazar la inclusi\u00f3n del p\u00e1rrafo hist\u00f3rico que citamos en la nueva Constituci\u00f3n. A los trabajadores del Cobre nos cabe el deber moral de apelar a su conciencia, y esperamos que recapaciten y cambien su postura para que no deban enfrentarse el d\u00eda de ma\u00f1ana al severo juicio de la Historia.&nbsp;<\/p>\n\n\n\n<p>Estamos conscientes que Renacionalizar el Cobre y la Miner\u00eda en general, es un proceso dif\u00edcil. El punto es que, si bien es dif\u00edcil, no podemos los propios chilenos hacerlo constitucionalmente imposible.&nbsp;<\/p>\n\n\n\n<p>Finalmente, esperamos de toda la Convenci\u00f3n Constitucional la disposici\u00f3n para replantear el punto al que nos referimos, para que la nueva Constituci\u00f3n no carezca de este principio que es clave y estrat\u00e9gico para el futuro de Chile. Es, en \u00faltima instancia, una cuesti\u00f3n de dignidad, un imperativo \u00e9tico y moral insoslayable.&nbsp;<\/p>\n\n\n\n<p class=\"has-text-align-center\"><strong>Confederaci\u00f3n de Trabajadores del Cobre&nbsp;<\/strong><\/p>\n\n\n\n<p class=\"has-text-align-right\"><strong>Abril de 2022<\/strong><\/p>\n\n\n\n<figure class=\"wp-block-gallery has-nested-images columns-default is-cropped wp-block-gallery-1 is-layout-flex wp-block-gallery-is-layout-flex\">\n<figure class=\"wp-block-image size-large\"><img loading=\"lazy\" decoding=\"async\" width=\"858\" height=\"1024\" data-id=\"2378\" src=\"https:\/\/www.confederaciondelcobre.cl\/wp-content\/uploads\/2022\/04\/Carta-CTC-a-lxs-CC-p1-858x1024.png\" alt=\"\" class=\"wp-image-2378\" srcset=\"https:\/\/www.confederaciondelcobre.cl\/wp-content\/uploads\/2022\/04\/Carta-CTC-a-lxs-CC-p1-858x1024.png 858w, https:\/\/www.confederaciondelcobre.cl\/wp-content\/uploads\/2022\/04\/Carta-CTC-a-lxs-CC-p1-251x300.png 251w, https:\/\/www.confederaciondelcobre.cl\/wp-content\/uploads\/2022\/04\/Carta-CTC-a-lxs-CC-p1-768x917.png 768w, https:\/\/www.confederaciondelcobre.cl\/wp-content\/uploads\/2022\/04\/Carta-CTC-a-lxs-CC-p1.png 1080w\" sizes=\"auto, (max-width: 858px) 100vw, 858px\" \/><\/figure>\n\n\n\n<figure class=\"wp-block-image size-large\"><img loading=\"lazy\" decoding=\"async\" width=\"858\" height=\"1024\" data-id=\"2377\" src=\"https:\/\/www.confederaciondelcobre.cl\/wp-content\/uploads\/2022\/04\/Carta-CTC-a-lxs-CC-p2-858x1024.png\" alt=\"\" class=\"wp-image-2377\" srcset=\"https:\/\/www.confederaciondelcobre.cl\/wp-content\/uploads\/2022\/04\/Carta-CTC-a-lxs-CC-p2-858x1024.png 858w, https:\/\/www.confederaciondelcobre.cl\/wp-content\/uploads\/2022\/04\/Carta-CTC-a-lxs-CC-p2-251x300.png 251w, https:\/\/www.confederaciondelcobre.cl\/wp-content\/uploads\/2022\/04\/Carta-CTC-a-lxs-CC-p2-768x917.png 768w, https:\/\/www.confederaciondelcobre.cl\/wp-content\/uploads\/2022\/04\/Carta-CTC-a-lxs-CC-p2.png 1080w\" sizes=\"auto, (max-width: 858px) 100vw, 858px\" \/><\/figure>\n<\/figure>\n\n\n\n<figure class=\"wp-block-gallery has-nested-images columns-default is-cropped wp-block-gallery-2 is-layout-flex wp-block-gallery-is-layout-flex\">\n<figure class=\"wp-block-image size-large\"><img loading=\"lazy\" decoding=\"async\" width=\"1024\" height=\"460\" data-id=\"2388\" src=\"https:\/\/www.confederaciondelcobre.cl\/wp-content\/uploads\/2022\/04\/1d6ebe4d-487d-46c6-bfdc-7b3f5fa8feb4-1024x460.jpeg\" alt=\"\" class=\"wp-image-2388\" srcset=\"https:\/\/www.confederaciondelcobre.cl\/wp-content\/uploads\/2022\/04\/1d6ebe4d-487d-46c6-bfdc-7b3f5fa8feb4-1024x460.jpeg 1024w, https:\/\/www.confederaciondelcobre.cl\/wp-content\/uploads\/2022\/04\/1d6ebe4d-487d-46c6-bfdc-7b3f5fa8feb4-300x135.jpeg 300w, https:\/\/www.confederaciondelcobre.cl\/wp-content\/uploads\/2022\/04\/1d6ebe4d-487d-46c6-bfdc-7b3f5fa8feb4-768x345.jpeg 768w, https:\/\/www.confederaciondelcobre.cl\/wp-content\/uploads\/2022\/04\/1d6ebe4d-487d-46c6-bfdc-7b3f5fa8feb4-1536x690.jpeg 1536w, https:\/\/www.confederaciondelcobre.cl\/wp-content\/uploads\/2022\/04\/1d6ebe4d-487d-46c6-bfdc-7b3f5fa8feb4.jpeg 1600w\" sizes=\"auto, (max-width: 1024px) 100vw, 1024px\" \/><\/figure>\n\n\n\n<figure class=\"wp-block-image size-large\"><img loading=\"lazy\" decoding=\"async\" width=\"1024\" height=\"768\" data-id=\"2390\" src=\"https:\/\/www.confederaciondelcobre.cl\/wp-content\/uploads\/2022\/04\/2d778528-32c2-4953-a4ce-c6af5313bc43.jpeg\" alt=\"\" class=\"wp-image-2390\" srcset=\"https:\/\/www.confederaciondelcobre.cl\/wp-content\/uploads\/2022\/04\/2d778528-32c2-4953-a4ce-c6af5313bc43.jpeg 1024w, https:\/\/www.confederaciondelcobre.cl\/wp-content\/uploads\/2022\/04\/2d778528-32c2-4953-a4ce-c6af5313bc43-300x225.jpeg 300w, https:\/\/www.confederaciondelcobre.cl\/wp-content\/uploads\/2022\/04\/2d778528-32c2-4953-a4ce-c6af5313bc43-768x576.jpeg 768w\" sizes=\"auto, (max-width: 1024px) 100vw, 1024px\" \/><\/figure>\n\n\n\n<figure class=\"wp-block-image size-large\"><img loading=\"lazy\" decoding=\"async\" width=\"1024\" height=\"460\" data-id=\"2391\" src=\"https:\/\/www.confederaciondelcobre.cl\/wp-content\/uploads\/2022\/04\/6de7eab9-24c2-49f0-a9bc-1c40a17d8899-1024x460.jpeg\" alt=\"\" class=\"wp-image-2391\" srcset=\"https:\/\/www.confederaciondelcobre.cl\/wp-content\/uploads\/2022\/04\/6de7eab9-24c2-49f0-a9bc-1c40a17d8899-1024x460.jpeg 1024w, https:\/\/www.confederaciondelcobre.cl\/wp-content\/uploads\/2022\/04\/6de7eab9-24c2-49f0-a9bc-1c40a17d8899-300x135.jpeg 300w, https:\/\/www.confederaciondelcobre.cl\/wp-content\/uploads\/2022\/04\/6de7eab9-24c2-49f0-a9bc-1c40a17d8899-768x345.jpeg 768w, https:\/\/www.confederaciondelcobre.cl\/wp-content\/uploads\/2022\/04\/6de7eab9-24c2-49f0-a9bc-1c40a17d8899-1536x690.jpeg 1536w, https:\/\/www.confederaciondelcobre.cl\/wp-content\/uploads\/2022\/04\/6de7eab9-24c2-49f0-a9bc-1c40a17d8899.jpeg 1600w\" sizes=\"auto, (max-width: 1024px) 100vw, 1024px\" \/><\/figure>\n\n\n\n<figure class=\"wp-block-image size-large\"><img loading=\"lazy\" decoding=\"async\" width=\"1024\" height=\"461\" data-id=\"2392\" src=\"https:\/\/www.confederaciondelcobre.cl\/wp-content\/uploads\/2022\/04\/7eb61a9f-c34e-4146-8958-8f3fbd5af02b-1024x461.jpeg\" alt=\"\" class=\"wp-image-2392\" srcset=\"https:\/\/www.confederaciondelcobre.cl\/wp-content\/uploads\/2022\/04\/7eb61a9f-c34e-4146-8958-8f3fbd5af02b-1024x461.jpeg 1024w, https:\/\/www.confederaciondelcobre.cl\/wp-content\/uploads\/2022\/04\/7eb61a9f-c34e-4146-8958-8f3fbd5af02b-300x135.jpeg 300w, https:\/\/www.confederaciondelcobre.cl\/wp-content\/uploads\/2022\/04\/7eb61a9f-c34e-4146-8958-8f3fbd5af02b-768x346.jpeg 768w, https:\/\/www.confederaciondelcobre.cl\/wp-content\/uploads\/2022\/04\/7eb61a9f-c34e-4146-8958-8f3fbd5af02b-1536x691.jpeg 1536w, https:\/\/www.confederaciondelcobre.cl\/wp-content\/uploads\/2022\/04\/7eb61a9f-c34e-4146-8958-8f3fbd5af02b.jpeg 1600w\" sizes=\"auto, (max-width: 1024px) 100vw, 1024px\" \/><\/figure>\n\n\n\n<figure class=\"wp-block-image size-large\"><img loading=\"lazy\" decoding=\"async\" width=\"1024\" height=\"460\" data-id=\"2389\" src=\"https:\/\/www.confederaciondelcobre.cl\/wp-content\/uploads\/2022\/04\/8a3ffca8-a8b2-43e6-8c1b-8ec3df023dbc-1024x460.jpeg\" alt=\"\" class=\"wp-image-2389\" srcset=\"https:\/\/www.confederaciondelcobre.cl\/wp-content\/uploads\/2022\/04\/8a3ffca8-a8b2-43e6-8c1b-8ec3df023dbc-1024x460.jpeg 1024w, https:\/\/www.confederaciondelcobre.cl\/wp-content\/uploads\/2022\/04\/8a3ffca8-a8b2-43e6-8c1b-8ec3df023dbc-300x135.jpeg 300w, https:\/\/www.confederaciondelcobre.cl\/wp-content\/uploads\/2022\/04\/8a3ffca8-a8b2-43e6-8c1b-8ec3df023dbc-768x345.jpeg 768w, https:\/\/www.confederaciondelcobre.cl\/wp-content\/uploads\/2022\/04\/8a3ffca8-a8b2-43e6-8c1b-8ec3df023dbc-1536x690.jpeg 1536w, https:\/\/www.confederaciondelcobre.cl\/wp-content\/uploads\/2022\/04\/8a3ffca8-a8b2-43e6-8c1b-8ec3df023dbc.jpeg 1600w\" sizes=\"auto, (max-width: 1024px) 100vw, 1024px\" \/><\/figure>\n\n\n\n<figure class=\"wp-block-image size-large\"><img loading=\"lazy\" decoding=\"async\" width=\"1024\" height=\"460\" data-id=\"2393\" src=\"https:\/\/www.confederaciondelcobre.cl\/wp-content\/uploads\/2022\/04\/9b69abaf-f7da-43eb-932f-a442a3e32e34-1024x460.jpeg\" alt=\"\" class=\"wp-image-2393\" srcset=\"https:\/\/www.confederaciondelcobre.cl\/wp-content\/uploads\/2022\/04\/9b69abaf-f7da-43eb-932f-a442a3e32e34-1024x460.jpeg 1024w, https:\/\/www.confederaciondelcobre.cl\/wp-content\/uploads\/2022\/04\/9b69abaf-f7da-43eb-932f-a442a3e32e34-300x135.jpeg 300w, https:\/\/www.confederaciondelcobre.cl\/wp-content\/uploads\/2022\/04\/9b69abaf-f7da-43eb-932f-a442a3e32e34-768x345.jpeg 768w, https:\/\/www.confederaciondelcobre.cl\/wp-content\/uploads\/2022\/04\/9b69abaf-f7da-43eb-932f-a442a3e32e34-1536x690.jpeg 1536w, https:\/\/www.confederaciondelcobre.cl\/wp-content\/uploads\/2022\/04\/9b69abaf-f7da-43eb-932f-a442a3e32e34.jpeg 1600w\" sizes=\"auto, (max-width: 1024px) 100vw, 1024px\" \/><\/figure>\n\n\n\n<figure class=\"wp-block-image size-large\"><img loading=\"lazy\" decoding=\"async\" width=\"577\" height=\"1024\" data-id=\"2394\" src=\"https:\/\/www.confederaciondelcobre.cl\/wp-content\/uploads\/2022\/04\/9bba1c4c-f3e7-420a-ae94-98d1df615f1c-577x1024.jpeg\" alt=\"\" class=\"wp-image-2394\" srcset=\"https:\/\/www.confederaciondelcobre.cl\/wp-content\/uploads\/2022\/04\/9bba1c4c-f3e7-420a-ae94-98d1df615f1c-577x1024.jpeg 577w, https:\/\/www.confederaciondelcobre.cl\/wp-content\/uploads\/2022\/04\/9bba1c4c-f3e7-420a-ae94-98d1df615f1c-169x300.jpeg 169w, https:\/\/www.confederaciondelcobre.cl\/wp-content\/uploads\/2022\/04\/9bba1c4c-f3e7-420a-ae94-98d1df615f1c-768x1364.jpeg 768w, https:\/\/www.confederaciondelcobre.cl\/wp-content\/uploads\/2022\/04\/9bba1c4c-f3e7-420a-ae94-98d1df615f1c-865x1536.jpeg 865w, https:\/\/www.confederaciondelcobre.cl\/wp-content\/uploads\/2022\/04\/9bba1c4c-f3e7-420a-ae94-98d1df615f1c.jpeg 901w\" sizes=\"auto, (max-width: 577px) 100vw, 577px\" \/><\/figure>\n\n\n\n<figure class=\"wp-block-image size-large\"><img loading=\"lazy\" decoding=\"async\" width=\"1024\" height=\"460\" data-id=\"2395\" src=\"https:\/\/www.confederaciondelcobre.cl\/wp-content\/uploads\/2022\/04\/50f60278-96d9-4b9f-88df-a3facdce6125-1024x460.jpeg\" alt=\"\" class=\"wp-image-2395\" srcset=\"https:\/\/www.confederaciondelcobre.cl\/wp-content\/uploads\/2022\/04\/50f60278-96d9-4b9f-88df-a3facdce6125-1024x460.jpeg 1024w, https:\/\/www.confederaciondelcobre.cl\/wp-content\/uploads\/2022\/04\/50f60278-96d9-4b9f-88df-a3facdce6125-300x135.jpeg 300w, https:\/\/www.confederaciondelcobre.cl\/wp-content\/uploads\/2022\/04\/50f60278-96d9-4b9f-88df-a3facdce6125-768x345.jpeg 768w, https:\/\/www.confederaciondelcobre.cl\/wp-content\/uploads\/2022\/04\/50f60278-96d9-4b9f-88df-a3facdce6125-1536x690.jpeg 1536w, https:\/\/www.confederaciondelcobre.cl\/wp-content\/uploads\/2022\/04\/50f60278-96d9-4b9f-88df-a3facdce6125.jpeg 1600w\" sizes=\"auto, (max-width: 1024px) 100vw, 1024px\" \/><\/figure>\n\n\n\n<figure class=\"wp-block-image size-large\"><img loading=\"lazy\" decoding=\"async\" width=\"1024\" height=\"460\" data-id=\"2396\" src=\"https:\/\/www.confederaciondelcobre.cl\/wp-content\/uploads\/2022\/04\/56d50aa9-d9fc-468a-9e76-5cf85e782100-1024x460.jpeg\" alt=\"\" class=\"wp-image-2396\" srcset=\"https:\/\/www.confederaciondelcobre.cl\/wp-content\/uploads\/2022\/04\/56d50aa9-d9fc-468a-9e76-5cf85e782100-1024x460.jpeg 1024w, https:\/\/www.confederaciondelcobre.cl\/wp-content\/uploads\/2022\/04\/56d50aa9-d9fc-468a-9e76-5cf85e782100-300x135.jpeg 300w, https:\/\/www.confederaciondelcobre.cl\/wp-content\/uploads\/2022\/04\/56d50aa9-d9fc-468a-9e76-5cf85e782100-768x345.jpeg 768w, https:\/\/www.confederaciondelcobre.cl\/wp-content\/uploads\/2022\/04\/56d50aa9-d9fc-468a-9e76-5cf85e782100-1536x690.jpeg 1536w, https:\/\/www.confederaciondelcobre.cl\/wp-content\/uploads\/2022\/04\/56d50aa9-d9fc-468a-9e76-5cf85e782100.jpeg 1600w\" sizes=\"auto, (max-width: 1024px) 100vw, 1024px\" \/><\/figure>\n\n\n\n<figure class=\"wp-block-image size-large\"><img loading=\"lazy\" decoding=\"async\" width=\"1024\" height=\"577\" data-id=\"2398\" src=\"https:\/\/www.confederaciondelcobre.cl\/wp-content\/uploads\/2022\/04\/64c9de6f-8f5c-479b-95c9-822ee798f3b7-1024x577.jpg\" alt=\"\" class=\"wp-image-2398\" srcset=\"https:\/\/www.confederaciondelcobre.cl\/wp-content\/uploads\/2022\/04\/64c9de6f-8f5c-479b-95c9-822ee798f3b7-1024x577.jpg 1024w, https:\/\/www.confederaciondelcobre.cl\/wp-content\/uploads\/2022\/04\/64c9de6f-8f5c-479b-95c9-822ee798f3b7-300x169.jpg 300w, https:\/\/www.confederaciondelcobre.cl\/wp-content\/uploads\/2022\/04\/64c9de6f-8f5c-479b-95c9-822ee798f3b7-768x432.jpg 768w, https:\/\/www.confederaciondelcobre.cl\/wp-content\/uploads\/2022\/04\/64c9de6f-8f5c-479b-95c9-822ee798f3b7-1536x865.jpg 1536w, https:\/\/www.confederaciondelcobre.cl\/wp-content\/uploads\/2022\/04\/64c9de6f-8f5c-479b-95c9-822ee798f3b7.jpg 1600w\" sizes=\"auto, (max-width: 1024px) 100vw, 1024px\" \/><\/figure>\n\n\n\n<figure class=\"wp-block-image size-large\"><img loading=\"lazy\" decoding=\"async\" width=\"1024\" height=\"461\" data-id=\"2397\" src=\"https:\/\/www.confederaciondelcobre.cl\/wp-content\/uploads\/2022\/04\/89da7b8b-364e-43ca-ab62-3a59794bff10-1024x461.jpeg\" alt=\"\" class=\"wp-image-2397\" srcset=\"https:\/\/www.confederaciondelcobre.cl\/wp-content\/uploads\/2022\/04\/89da7b8b-364e-43ca-ab62-3a59794bff10-1024x461.jpeg 1024w, https:\/\/www.confederaciondelcobre.cl\/wp-content\/uploads\/2022\/04\/89da7b8b-364e-43ca-ab62-3a59794bff10-300x135.jpeg 300w, https:\/\/www.confederaciondelcobre.cl\/wp-content\/uploads\/2022\/04\/89da7b8b-364e-43ca-ab62-3a59794bff10-768x346.jpeg 768w, https:\/\/www.confederaciondelcobre.cl\/wp-content\/uploads\/2022\/04\/89da7b8b-364e-43ca-ab62-3a59794bff10-1536x691.jpeg 1536w, https:\/\/www.confederaciondelcobre.cl\/wp-content\/uploads\/2022\/04\/89da7b8b-364e-43ca-ab62-3a59794bff10.jpeg 1600w\" sizes=\"auto, (max-width: 1024px) 100vw, 1024px\" \/><\/figure>\n\n\n\n<figure class=\"wp-block-image size-large\"><img loading=\"lazy\" decoding=\"async\" width=\"1024\" height=\"460\" data-id=\"2399\" src=\"https:\/\/www.confederaciondelcobre.cl\/wp-content\/uploads\/2022\/04\/95d73545-99db-497d-bef9-402017eed537-1024x460.jpeg\" alt=\"\" class=\"wp-image-2399\" srcset=\"https:\/\/www.confederaciondelcobre.cl\/wp-content\/uploads\/2022\/04\/95d73545-99db-497d-bef9-402017eed537-1024x460.jpeg 1024w, https:\/\/www.confederaciondelcobre.cl\/wp-content\/uploads\/2022\/04\/95d73545-99db-497d-bef9-402017eed537-300x135.jpeg 300w, https:\/\/www.confederaciondelcobre.cl\/wp-content\/uploads\/2022\/04\/95d73545-99db-497d-bef9-402017eed537-768x345.jpeg 768w, https:\/\/www.confederaciondelcobre.cl\/wp-content\/uploads\/2022\/04\/95d73545-99db-497d-bef9-402017eed537-1536x690.jpeg 1536w, https:\/\/www.confederaciondelcobre.cl\/wp-content\/uploads\/2022\/04\/95d73545-99db-497d-bef9-402017eed537.jpeg 1600w\" sizes=\"auto, (max-width: 1024px) 100vw, 1024px\" \/><\/figure>\n\n\n\n<figure class=\"wp-block-image size-large\"><img loading=\"lazy\" decoding=\"async\" width=\"1024\" height=\"460\" data-id=\"2400\" src=\"https:\/\/www.confederaciondelcobre.cl\/wp-content\/uploads\/2022\/04\/559cd5cb-6179-4cf1-9554-b9333c8ba5c3-1024x460.jpeg\" alt=\"\" class=\"wp-image-2400\" srcset=\"https:\/\/www.confederaciondelcobre.cl\/wp-content\/uploads\/2022\/04\/559cd5cb-6179-4cf1-9554-b9333c8ba5c3-1024x460.jpeg 1024w, https:\/\/www.confederaciondelcobre.cl\/wp-content\/uploads\/2022\/04\/559cd5cb-6179-4cf1-9554-b9333c8ba5c3-300x135.jpeg 300w, https:\/\/www.confederaciondelcobre.cl\/wp-content\/uploads\/2022\/04\/559cd5cb-6179-4cf1-9554-b9333c8ba5c3-768x345.jpeg 768w, https:\/\/www.confederaciondelcobre.cl\/wp-content\/uploads\/2022\/04\/559cd5cb-6179-4cf1-9554-b9333c8ba5c3-1536x690.jpeg 1536w, https:\/\/www.confederaciondelcobre.cl\/wp-content\/uploads\/2022\/04\/559cd5cb-6179-4cf1-9554-b9333c8ba5c3.jpeg 1600w\" sizes=\"auto, (max-width: 1024px) 100vw, 1024px\" \/><\/figure>\n\n\n\n<figure class=\"wp-block-image size-large\"><img loading=\"lazy\" decoding=\"async\" width=\"768\" height=\"1024\" data-id=\"2401\" src=\"https:\/\/www.confederaciondelcobre.cl\/wp-content\/uploads\/2022\/04\/5423a2e7-5b7a-49af-ba1f-16809bf90374-2.jpeg\" alt=\"\" class=\"wp-image-2401\" srcset=\"https:\/\/www.confederaciondelcobre.cl\/wp-content\/uploads\/2022\/04\/5423a2e7-5b7a-49af-ba1f-16809bf90374-2.jpeg 768w, https:\/\/www.confederaciondelcobre.cl\/wp-content\/uploads\/2022\/04\/5423a2e7-5b7a-49af-ba1f-16809bf90374-2-225x300.jpeg 225w\" sizes=\"auto, (max-width: 768px) 100vw, 768px\" \/><\/figure>\n\n\n\n<figure class=\"wp-block-image size-large\"><img loading=\"lazy\" decoding=\"async\" width=\"1024\" height=\"577\" data-id=\"2403\" src=\"https:\/\/www.confederaciondelcobre.cl\/wp-content\/uploads\/2022\/04\/16595272-8896-44ce-9106-79f8695d86b5-1024x577.jpg\" alt=\"\" class=\"wp-image-2403\" srcset=\"https:\/\/www.confederaciondelcobre.cl\/wp-content\/uploads\/2022\/04\/16595272-8896-44ce-9106-79f8695d86b5-1024x577.jpg 1024w, https:\/\/www.confederaciondelcobre.cl\/wp-content\/uploads\/2022\/04\/16595272-8896-44ce-9106-79f8695d86b5-300x169.jpg 300w, https:\/\/www.confederaciondelcobre.cl\/wp-content\/uploads\/2022\/04\/16595272-8896-44ce-9106-79f8695d86b5-768x432.jpg 768w, https:\/\/www.confederaciondelcobre.cl\/wp-content\/uploads\/2022\/04\/16595272-8896-44ce-9106-79f8695d86b5-1536x865.jpg 1536w, https:\/\/www.confederaciondelcobre.cl\/wp-content\/uploads\/2022\/04\/16595272-8896-44ce-9106-79f8695d86b5.jpg 1600w\" sizes=\"auto, (max-width: 1024px) 100vw, 1024px\" \/><\/figure>\n\n\n\n<figure class=\"wp-block-image size-large\"><img loading=\"lazy\" decoding=\"async\" width=\"1024\" height=\"460\" data-id=\"2402\" src=\"https:\/\/www.confederaciondelcobre.cl\/wp-content\/uploads\/2022\/04\/83406587-5034-4181-ad1d-757d84789752-1024x460.jpeg\" alt=\"\" class=\"wp-image-2402\" srcset=\"https:\/\/www.confederaciondelcobre.cl\/wp-content\/uploads\/2022\/04\/83406587-5034-4181-ad1d-757d84789752-1024x460.jpeg 1024w, https:\/\/www.confederaciondelcobre.cl\/wp-content\/uploads\/2022\/04\/83406587-5034-4181-ad1d-757d84789752-300x135.jpeg 300w, https:\/\/www.confederaciondelcobre.cl\/wp-content\/uploads\/2022\/04\/83406587-5034-4181-ad1d-757d84789752-768x345.jpeg 768w, https:\/\/www.confederaciondelcobre.cl\/wp-content\/uploads\/2022\/04\/83406587-5034-4181-ad1d-757d84789752-1536x690.jpeg 1536w, https:\/\/www.confederaciondelcobre.cl\/wp-content\/uploads\/2022\/04\/83406587-5034-4181-ad1d-757d84789752.jpeg 1600w\" sizes=\"auto, (max-width: 1024px) 100vw, 1024px\" \/><\/figure>\n\n\n\n<figure class=\"wp-block-image size-large\"><img loading=\"lazy\" decoding=\"async\" width=\"1024\" height=\"461\" data-id=\"2404\" src=\"https:\/\/www.confederaciondelcobre.cl\/wp-content\/uploads\/2022\/04\/a26d228d-7759-4f2f-82b7-b37908bb6752-1024x461.jpeg\" alt=\"\" class=\"wp-image-2404\" srcset=\"https:\/\/www.confederaciondelcobre.cl\/wp-content\/uploads\/2022\/04\/a26d228d-7759-4f2f-82b7-b37908bb6752-1024x461.jpeg 1024w, https:\/\/www.confederaciondelcobre.cl\/wp-content\/uploads\/2022\/04\/a26d228d-7759-4f2f-82b7-b37908bb6752-300x135.jpeg 300w, https:\/\/www.confederaciondelcobre.cl\/wp-content\/uploads\/2022\/04\/a26d228d-7759-4f2f-82b7-b37908bb6752-768x346.jpeg 768w, https:\/\/www.confederaciondelcobre.cl\/wp-content\/uploads\/2022\/04\/a26d228d-7759-4f2f-82b7-b37908bb6752-1536x691.jpeg 1536w, https:\/\/www.confederaciondelcobre.cl\/wp-content\/uploads\/2022\/04\/a26d228d-7759-4f2f-82b7-b37908bb6752.jpeg 1600w\" sizes=\"auto, (max-width: 1024px) 100vw, 1024px\" \/><\/figure>\n\n\n\n<figure class=\"wp-block-image size-large\"><img loading=\"lazy\" decoding=\"async\" width=\"1024\" height=\"461\" data-id=\"2405\" src=\"https:\/\/www.confederaciondelcobre.cl\/wp-content\/uploads\/2022\/04\/a36f5449-3c15-4298-ace4-1b1f71db3036-1024x461.jpeg\" alt=\"\" class=\"wp-image-2405\" srcset=\"https:\/\/www.confederaciondelcobre.cl\/wp-content\/uploads\/2022\/04\/a36f5449-3c15-4298-ace4-1b1f71db3036-1024x461.jpeg 1024w, https:\/\/www.confederaciondelcobre.cl\/wp-content\/uploads\/2022\/04\/a36f5449-3c15-4298-ace4-1b1f71db3036-300x135.jpeg 300w, https:\/\/www.confederaciondelcobre.cl\/wp-content\/uploads\/2022\/04\/a36f5449-3c15-4298-ace4-1b1f71db3036-768x346.jpeg 768w, https:\/\/www.confederaciondelcobre.cl\/wp-content\/uploads\/2022\/04\/a36f5449-3c15-4298-ace4-1b1f71db3036-1536x691.jpeg 1536w, https:\/\/www.confederaciondelcobre.cl\/wp-content\/uploads\/2022\/04\/a36f5449-3c15-4298-ace4-1b1f71db3036.jpeg 1600w\" sizes=\"auto, (max-width: 1024px) 100vw, 1024px\" \/><\/figure>\n\n\n\n<figure class=\"wp-block-image size-large\"><img loading=\"lazy\" decoding=\"async\" width=\"577\" height=\"1024\" data-id=\"2406\" src=\"https:\/\/www.confederaciondelcobre.cl\/wp-content\/uploads\/2022\/04\/d3c02d88-a33d-482d-bada-0083d4801144-577x1024.jpeg\" alt=\"\" class=\"wp-image-2406\" srcset=\"https:\/\/www.confederaciondelcobre.cl\/wp-content\/uploads\/2022\/04\/d3c02d88-a33d-482d-bada-0083d4801144-577x1024.jpeg 577w, https:\/\/www.confederaciondelcobre.cl\/wp-content\/uploads\/2022\/04\/d3c02d88-a33d-482d-bada-0083d4801144-169x300.jpeg 169w, https:\/\/www.confederaciondelcobre.cl\/wp-content\/uploads\/2022\/04\/d3c02d88-a33d-482d-bada-0083d4801144-768x1364.jpeg 768w, https:\/\/www.confederaciondelcobre.cl\/wp-content\/uploads\/2022\/04\/d3c02d88-a33d-482d-bada-0083d4801144-865x1536.jpeg 865w, https:\/\/www.confederaciondelcobre.cl\/wp-content\/uploads\/2022\/04\/d3c02d88-a33d-482d-bada-0083d4801144.jpeg 901w\" sizes=\"auto, (max-width: 577px) 100vw, 577px\" \/><\/figure>\n\n\n\n<figure class=\"wp-block-image size-large\"><img loading=\"lazy\" decoding=\"async\" width=\"1024\" height=\"460\" data-id=\"2407\" src=\"https:\/\/www.confederaciondelcobre.cl\/wp-content\/uploads\/2022\/04\/d47b0513-f0c6-4e79-a485-b4f496b2519d-1024x460.jpeg\" alt=\"\" class=\"wp-image-2407\" srcset=\"https:\/\/www.confederaciondelcobre.cl\/wp-content\/uploads\/2022\/04\/d47b0513-f0c6-4e79-a485-b4f496b2519d-1024x460.jpeg 1024w, https:\/\/www.confederaciondelcobre.cl\/wp-content\/uploads\/2022\/04\/d47b0513-f0c6-4e79-a485-b4f496b2519d-300x135.jpeg 300w, https:\/\/www.confederaciondelcobre.cl\/wp-content\/uploads\/2022\/04\/d47b0513-f0c6-4e79-a485-b4f496b2519d-768x345.jpeg 768w, https:\/\/www.confederaciondelcobre.cl\/wp-content\/uploads\/2022\/04\/d47b0513-f0c6-4e79-a485-b4f496b2519d-1536x690.jpeg 1536w, https:\/\/www.confederaciondelcobre.cl\/wp-content\/uploads\/2022\/04\/d47b0513-f0c6-4e79-a485-b4f496b2519d.jpeg 1600w\" sizes=\"auto, (max-width: 1024px) 100vw, 1024px\" \/><\/figure>\n\n\n\n<figure class=\"wp-block-image size-large\"><img loading=\"lazy\" decoding=\"async\" width=\"1024\" height=\"460\" data-id=\"2408\" src=\"https:\/\/www.confederaciondelcobre.cl\/wp-content\/uploads\/2022\/04\/db923389-b001-4ba5-b750-e0ff009c6055-1024x460.jpeg\" alt=\"\" class=\"wp-image-2408\" srcset=\"https:\/\/www.confederaciondelcobre.cl\/wp-content\/uploads\/2022\/04\/db923389-b001-4ba5-b750-e0ff009c6055-1024x460.jpeg 1024w, https:\/\/www.confederaciondelcobre.cl\/wp-content\/uploads\/2022\/04\/db923389-b001-4ba5-b750-e0ff009c6055-300x135.jpeg 300w, https:\/\/www.confederaciondelcobre.cl\/wp-content\/uploads\/2022\/04\/db923389-b001-4ba5-b750-e0ff009c6055-768x345.jpeg 768w, https:\/\/www.confederaciondelcobre.cl\/wp-content\/uploads\/2022\/04\/db923389-b001-4ba5-b750-e0ff009c6055-1536x690.jpeg 1536w, https:\/\/www.confederaciondelcobre.cl\/wp-content\/uploads\/2022\/04\/db923389-b001-4ba5-b750-e0ff009c6055.jpeg 1600w\" sizes=\"auto, (max-width: 1024px) 100vw, 1024px\" \/><\/figure>\n\n\n\n<figure class=\"wp-block-image size-large\"><img loading=\"lazy\" decoding=\"async\" width=\"1024\" height=\"460\" data-id=\"2409\" src=\"https:\/\/www.confederaciondelcobre.cl\/wp-content\/uploads\/2022\/04\/e58dae90-b376-4ece-be54-670d684a1886-1024x460.jpeg\" alt=\"\" class=\"wp-image-2409\" srcset=\"https:\/\/www.confederaciondelcobre.cl\/wp-content\/uploads\/2022\/04\/e58dae90-b376-4ece-be54-670d684a1886-1024x460.jpeg 1024w, https:\/\/www.confederaciondelcobre.cl\/wp-content\/uploads\/2022\/04\/e58dae90-b376-4ece-be54-670d684a1886-300x135.jpeg 300w, https:\/\/www.confederaciondelcobre.cl\/wp-content\/uploads\/2022\/04\/e58dae90-b376-4ece-be54-670d684a1886-768x345.jpeg 768w, https:\/\/www.confederaciondelcobre.cl\/wp-content\/uploads\/2022\/04\/e58dae90-b376-4ece-be54-670d684a1886-1536x690.jpeg 1536w, https:\/\/www.confederaciondelcobre.cl\/wp-content\/uploads\/2022\/04\/e58dae90-b376-4ece-be54-670d684a1886.jpeg 1600w\" sizes=\"auto, (max-width: 1024px) 100vw, 1024px\" \/><\/figure>\n\n\n\n<figure class=\"wp-block-image size-large\"><img loading=\"lazy\" decoding=\"async\" width=\"1024\" height=\"577\" data-id=\"2412\" src=\"https:\/\/www.confederaciondelcobre.cl\/wp-content\/uploads\/2022\/04\/e8280aa1-89a3-46e2-b957-ab90bb7e2fe4-1024x577.jpg\" alt=\"\" class=\"wp-image-2412\" srcset=\"https:\/\/www.confederaciondelcobre.cl\/wp-content\/uploads\/2022\/04\/e8280aa1-89a3-46e2-b957-ab90bb7e2fe4-1024x577.jpg 1024w, https:\/\/www.confederaciondelcobre.cl\/wp-content\/uploads\/2022\/04\/e8280aa1-89a3-46e2-b957-ab90bb7e2fe4-300x169.jpg 300w, https:\/\/www.confederaciondelcobre.cl\/wp-content\/uploads\/2022\/04\/e8280aa1-89a3-46e2-b957-ab90bb7e2fe4-768x432.jpg 768w, https:\/\/www.confederaciondelcobre.cl\/wp-content\/uploads\/2022\/04\/e8280aa1-89a3-46e2-b957-ab90bb7e2fe4-1536x865.jpg 1536w, https:\/\/www.confederaciondelcobre.cl\/wp-content\/uploads\/2022\/04\/e8280aa1-89a3-46e2-b957-ab90bb7e2fe4.jpg 1600w\" sizes=\"auto, (max-width: 1024px) 100vw, 1024px\" \/><\/figure>\n\n\n\n<figure class=\"wp-block-image size-large\"><img loading=\"lazy\" decoding=\"async\" width=\"1024\" height=\"461\" data-id=\"2411\" src=\"https:\/\/www.confederaciondelcobre.cl\/wp-content\/uploads\/2022\/04\/efeadb8d-54d1-4ae0-b2cd-3f71e0549b6e-1024x461.jpeg\" alt=\"\" class=\"wp-image-2411\" srcset=\"https:\/\/www.confederaciondelcobre.cl\/wp-content\/uploads\/2022\/04\/efeadb8d-54d1-4ae0-b2cd-3f71e0549b6e-1024x461.jpeg 1024w, https:\/\/www.confederaciondelcobre.cl\/wp-content\/uploads\/2022\/04\/efeadb8d-54d1-4ae0-b2cd-3f71e0549b6e-300x135.jpeg 300w, https:\/\/www.confederaciondelcobre.cl\/wp-content\/uploads\/2022\/04\/efeadb8d-54d1-4ae0-b2cd-3f71e0549b6e-768x346.jpeg 768w, https:\/\/www.confederaciondelcobre.cl\/wp-content\/uploads\/2022\/04\/efeadb8d-54d1-4ae0-b2cd-3f71e0549b6e-1536x691.jpeg 1536w, https:\/\/www.confederaciondelcobre.cl\/wp-content\/uploads\/2022\/04\/efeadb8d-54d1-4ae0-b2cd-3f71e0549b6e.jpeg 1600w\" sizes=\"auto, (max-width: 1024px) 100vw, 1024px\" \/><\/figure>\n\n\n\n<figure class=\"wp-block-image size-large\"><img loading=\"lazy\" decoding=\"async\" width=\"1024\" height=\"461\" data-id=\"2410\" src=\"https:\/\/www.confederaciondelcobre.cl\/wp-content\/uploads\/2022\/04\/f7b258f5-a9a4-472b-9a97-ec0197766dec-1024x461.jpeg\" alt=\"\" class=\"wp-image-2410\" srcset=\"https:\/\/www.confederaciondelcobre.cl\/wp-content\/uploads\/2022\/04\/f7b258f5-a9a4-472b-9a97-ec0197766dec-1024x461.jpeg 1024w, https:\/\/www.confederaciondelcobre.cl\/wp-content\/uploads\/2022\/04\/f7b258f5-a9a4-472b-9a97-ec0197766dec-300x135.jpeg 300w, https:\/\/www.confederaciondelcobre.cl\/wp-content\/uploads\/2022\/04\/f7b258f5-a9a4-472b-9a97-ec0197766dec-768x346.jpeg 768w, https:\/\/www.confederaciondelcobre.cl\/wp-content\/uploads\/2022\/04\/f7b258f5-a9a4-472b-9a97-ec0197766dec-1536x691.jpeg 1536w, https:\/\/www.confederaciondelcobre.cl\/wp-content\/uploads\/2022\/04\/f7b258f5-a9a4-472b-9a97-ec0197766dec.jpeg 1600w\" sizes=\"auto, (max-width: 1024px) 100vw, 1024px\" \/><\/figure>\n<\/figure>\n","protected":false},"excerpt":{"rendered":"<p>Esta ma\u00f1ana la Confederaci\u00f3n de Trabajadores del Cobre (CTC) entreg\u00f3, en la oficina de partes de la Convenci\u00f3n Constitucional, una carta abierta dirigida a las y los Convencionales Constituyentes y &hellip; <\/p>\n","protected":false},"author":2,"featured_media":2376,"comment_status":"closed","ping_status":"closed","sticky":false,"template":"","format":"standard","meta":{"jetpack_post_was_ever_published":false,"_jetpack_newsletter_access":"","_jetpack_dont_email_post_to_subs":false,"_jetpack_newsletter_tier_id":0,"_jetpack_memberships_contains_paywalled_content":false,"_jetpack_memberships_contains_paid_content":false,"footnotes":"","jetpack_publicize_message":"","jetpack_publicize_feature_enabled":true,"jetpack_social_post_already_shared":true,"jetpack_social_options":{"image_generator_settings":{"template":"highway","default_image_id":0,"enabled":false},"version":2}},"categories":[8,9,15],"tags":[],"class_list":["post-2375","post","type-post","status-publish","format-standard","has-post-thumbnail","hentry","category-comunicado","category-confederacion","category-nacional"],"jetpack_publicize_connections":[],"jetpack_featured_media_url":"https:\/\/www.confederaciondelcobre.cl\/wp-content\/uploads\/2022\/04\/PortWebCTC.jpg","jetpack_sharing_enabled":true,"post_mailing_queue_ids":[],"_links":{"self":[{"href":"https:\/\/www.confederaciondelcobre.cl\/index.php\/wp-json\/wp\/v2\/posts\/2375","targetHints":{"allow":["GET"]}}],"collection":[{"href":"https:\/\/www.confederaciondelcobre.cl\/index.php\/wp-json\/wp\/v2\/posts"}],"about":[{"href":"https:\/\/www.confederaciondelcobre.cl\/index.php\/wp-json\/wp\/v2\/types\/post"}],"author":[{"embeddable":true,"href":"https:\/\/www.confederaciondelcobre.cl\/index.php\/wp-json\/wp\/v2\/users\/2"}],"replies":[{"embeddable":true,"href":"https:\/\/www.confederaciondelcobre.cl\/index.php\/wp-json\/wp\/v2\/comments?post=2375"}],"version-history":[{"count":8,"href":"https:\/\/www.confederaciondelcobre.cl\/index.php\/wp-json\/wp\/v2\/posts\/2375\/revisions"}],"predecessor-version":[{"id":2413,"href":"https:\/\/www.confederaciondelcobre.cl\/index.php\/wp-json\/wp\/v2\/posts\/2375\/revisions\/2413"}],"wp:featuredmedia":[{"embeddable":true,"href":"https:\/\/www.confederaciondelcobre.cl\/index.php\/wp-json\/wp\/v2\/media\/2376"}],"wp:attachment":[{"href":"https:\/\/www.confederaciondelcobre.cl\/index.php\/wp-json\/wp\/v2\/media?parent=2375"}],"wp:term":[{"taxonomy":"category","embeddable":true,"href":"https:\/\/www.confederaciondelcobre.cl\/index.php\/wp-json\/wp\/v2\/categories?post=2375"},{"taxonomy":"post_tag","embeddable":true,"href":"https:\/\/www.confederaciondelcobre.cl\/index.php\/wp-json\/wp\/v2\/tags?post=2375"}],"curies":[{"name":"wp","href":"https:\/\/api.w.org\/{rel}","templated":true}]}}