{"id":2414,"date":"2022-04-22T18:05:30","date_gmt":"2022-04-22T18:05:30","guid":{"rendered":"https:\/\/www.confederaciondelcobre.cl\/?p=2414"},"modified":"2022-04-22T18:10:00","modified_gmt":"2022-04-22T18:10:00","slug":"calama-federacion-de-la-ctc-en-la-region-de-antofagasta-fesitram-se-reunio-con-delegado-presidencial-de-la-provincia-el-el-loa","status":"publish","type":"post","link":"https:\/\/www.confederaciondelcobre.cl\/index.php\/2022\/04\/22\/calama-federacion-de-la-ctc-en-la-region-de-antofagasta-fesitram-se-reunio-con-delegado-presidencial-de-la-provincia-el-el-loa\/","title":{"rendered":"Calama: Federaci\u00f3n de la CTC en la regi\u00f3n de Antofagasta (FESITRAM) se reuni\u00f3 con Delegado Presidencial de la Provincia el El Loa."},"content":{"rendered":"\n<p>El mi\u00e9rcoles 20 de abril, la Federaci\u00f3n de Sindicatos de Trabajadores de la Miner\u00eda y Organizaciones afines de la 2\u00aa regi\u00f3n (FESITRAM), que es brazo org\u00e1nico de la Confederaci\u00f3n de Trabajadores del Cobre (CTC) en la regi\u00f3n de Antofagasta, se reuni\u00f3 con el Delegado Presidencial de la Provincia de El Loa, Miguel Ballesteros. En la cita, de car\u00e1cter protocolar, se abordaron diversos temas que son de inter\u00e9s de las y los trabajadores de la zona, especialmente de aquellas y aquellos relacionados a la miner\u00eda del cobre.<\/p>\n\n\n\n<figure class=\"wp-block-image size-large\"><img loading=\"lazy\" decoding=\"async\" width=\"1024\" height=\"512\" src=\"https:\/\/www.confederaciondelcobre.cl\/wp-content\/uploads\/2022\/04\/Mesa-1024x512.jpg\" alt=\"\" class=\"wp-image-2416\" srcset=\"https:\/\/www.confederaciondelcobre.cl\/wp-content\/uploads\/2022\/04\/Mesa-1024x512.jpg 1024w, https:\/\/www.confederaciondelcobre.cl\/wp-content\/uploads\/2022\/04\/Mesa-300x150.jpg 300w, https:\/\/www.confederaciondelcobre.cl\/wp-content\/uploads\/2022\/04\/Mesa-768x384.jpg 768w, https:\/\/www.confederaciondelcobre.cl\/wp-content\/uploads\/2022\/04\/Mesa.jpg 1437w\" sizes=\"auto, (max-width: 1024px) 100vw, 1024px\" \/><\/figure>\n\n\n\n<p>Es as\u00ed como la delegaci\u00f3n de la FESITRAM, encabezada por su Presidente Juan Galindo, quien tambi\u00e9n es Director Nacional de la CTC, y compuesta adem\u00e1s por los dirigentes Edwin Espinosa, Vicepresidente; Jos\u00e9 Mardones, Encargado de Organizaci\u00f3n; Leonardo Illesca, Tesorero; Sonia Vargas, Encargada de G\u00e9nero;  los Directores Hern\u00e1n D\u00edaz y Oscar Avaria; y como invitado Manuel Carvajal, quien es Presidente del Sindicato Transportes Alto El Loa, presentaron sus inquietudes, por ejemplo, relativas a la necesidad de establecer un mayor acercamiento con Codelco, esto a fin de mantener un seguimiento en torno al cumplimento del vigente Acuerdo Marco entre la CTC y la mandante estatal en el territorio, un instrumento colectivo \u2014cabe recordar\u2014 de car\u00e1cter nacional conquistado por las y los trabajadores agrupados y organizados en la CTC para avanzar en dignidad, en la conquista de derechos y mejores condiciones laborales para las y los trabajadores contratistas y subcontratistas del cobre. Tambi\u00e9n mostraron su preocupaci\u00f3n sobre la seguridad en las rutas de transporte, tanto de trabajadores como del propio mineral, pues, en el caso de las y los trabajadores, estos se encuentran en una situaci\u00f3n de alta vulnerabilidad ante eventuales asaltos, sobre todo de madrugada cuando salen a tomar los buses de acercamiento.<\/p>\n\n\n\n<p>Finalmente, y por su parte, el Delegado Presidencial Miguel Ballesteros se comprometi\u00f3 a que el pr\u00f3ximo encuentro, a realizarse a mediados del mes de mayo, se realizar\u00e1 junto a los SEREMIS del Trabajo y Miner\u00eda. Esto para seguir trabajando en conjunto y abordar de manera m\u00e1s integral y focalizada los temas planteados.<\/p>\n","protected":false},"excerpt":{"rendered":"<p>El mi\u00e9rcoles 20 de abril, la Federaci\u00f3n de Sindicatos de Trabajadores de la Miner\u00eda y Organizaciones afines de la 2\u00aa regi\u00f3n (FESITRAM), que es brazo org\u00e1nico de la Confederaci\u00f3n de &hellip; <\/p>\n","protected":false},"author":2,"featured_media":2415,"comment_status":"closed","ping_status":"closed","sticky":false,"template":"","format":"standard","meta":{"jetpack_post_was_ever_published":false,"_jetpack_newsletter_access":"","_jetpack_dont_email_post_to_subs":false,"_jetpack_newsletter_tier_id":0,"_jetpack_memberships_contains_paywalled_content":false,"_jetpack_memberships_contains_paid_content":false,"footnotes":"","jetpack_publicize_message":"","jetpack_publicize_feature_enabled":false,"jetpack_social_post_already_shared":true,"jetpack_social_options":{"image_generator_settings":{"template":"highway","default_image_id":0,"enabled":false},"version":2}},"categories":[9,21,33,17,19],"tags":[],"class_list":["post-2414","post","type-post","status-publish","format-standard","has-post-thumbnail","hentry","category-confederacion","category-federaciones","category-fesitram","category-regiones","category-trabajadores"],"jetpack_publicize_connections":[],"jetpack_featured_media_url":"https:\/\/www.confederaciondelcobre.cl\/wp-content\/uploads\/2022\/04\/PortadareuDelPresElLoa.jpg","jetpack_sharing_enabled":true,"post_mailing_queue_ids":[],"_links":{"self":[{"href":"https:\/\/www.confederaciondelcobre.cl\/index.php\/wp-json\/wp\/v2\/posts\/2414","targetHints":{"allow":["GET"]}}],"collection":[{"href":"https:\/\/www.confederaciondelcobre.cl\/index.php\/wp-json\/wp\/v2\/posts"}],"about":[{"href":"https:\/\/www.confederaciondelcobre.cl\/index.php\/wp-json\/wp\/v2\/types\/post"}],"author":[{"embeddable":true,"href":"https:\/\/www.confederaciondelcobre.cl\/index.php\/wp-json\/wp\/v2\/users\/2"}],"replies":[{"embeddable":true,"href":"https:\/\/www.confederaciondelcobre.cl\/index.php\/wp-json\/wp\/v2\/comments?post=2414"}],"version-history":[{"count":4,"href":"https:\/\/www.confederaciondelcobre.cl\/index.php\/wp-json\/wp\/v2\/posts\/2414\/revisions"}],"predecessor-version":[{"id":2424,"href":"https:\/\/www.confederaciondelcobre.cl\/index.php\/wp-json\/wp\/v2\/posts\/2414\/revisions\/2424"}],"wp:featuredmedia":[{"embeddable":true,"href":"https:\/\/www.confederaciondelcobre.cl\/index.php\/wp-json\/wp\/v2\/media\/2415"}],"wp:attachment":[{"href":"https:\/\/www.confederaciondelcobre.cl\/index.php\/wp-json\/wp\/v2\/media?parent=2414"}],"wp:term":[{"taxonomy":"category","embeddable":true,"href":"https:\/\/www.confederaciondelcobre.cl\/index.php\/wp-json\/wp\/v2\/categories?post=2414"},{"taxonomy":"post_tag","embeddable":true,"href":"https:\/\/www.confederaciondelcobre.cl\/index.php\/wp-json\/wp\/v2\/tags?post=2414"}],"curies":[{"name":"wp","href":"https:\/\/api.w.org\/{rel}","templated":true}]}}