{"id":2418,"date":"2022-04-22T01:21:23","date_gmt":"2022-04-22T01:21:23","guid":{"rendered":"https:\/\/www.confederaciondelcobre.cl\/?p=2418"},"modified":"2022-04-22T01:21:25","modified_gmt":"2022-04-22T01:21:25","slug":"comunicadoctc-urgente-a-las-y-los-convencionales-y-al-pais","status":"publish","type":"post","link":"https:\/\/www.confederaciondelcobre.cl\/index.php\/2022\/04\/22\/comunicadoctc-urgente-a-las-y-los-convencionales-y-al-pais\/","title":{"rendered":"#ComunicadoCTC: urgente, a las y los Convencionales y al pa\u00eds."},"content":{"rendered":"\n<p class=\"has-text-align-center\"><strong>COMUNICADO URGENTE<\/strong><\/p>\n\n\n\n<p class=\"has-text-align-center\"><strong>A LAS Y LOS CONVENCIONALES Y AL PA\u00cdS.<\/strong><\/p>\n\n\n\n<p><strong>Ante el rechazo que se ha producido en la Convenci\u00f3n Constitucional de consignar expresamente el dominio estatal sobre los recursos mineros de Chile<\/strong>, como Confederaci\u00f3n de Trabajadores del Cobre, organizaci\u00f3n nacional que agrupa y organiza a las y los trabajadores contratistas y subcontratistas del cobre de Chile, expresamos a las y los Convencionales Constituyentes y al pa\u00eds lo siguiente:<\/p>\n\n\n\n<p>Nos llama poderosamente la atenci\u00f3n, y nos impacta dolorosamente, el hecho que, <strong>habi\u00e9ndose demostrado con datos concretos que toda la campa\u00f1a de la industria minera respecto a la p\u00e9rdida de empleo, debacle econ\u00f3mica y desfinanciamiento del Estado que se producir\u00eda al renacionalizar el cobre es completamente falsa<\/strong>, y que, a pesar de haber recibido informaci\u00f3n fidedigna de grandes economistas como Galarce, Caputo y Riesco, <strong>los Convencionales Constituyentes del &#8220;Colectivo Socialista&#8221; hayan decidido rechazar en la nueva Constituci\u00f3n la nacionalizaci\u00f3n de nuestros recursos mineros<\/strong>, buscando, en la pr\u00e1ctica, dejar con rango constitucional las pol\u00edticas privatizadoras a trav\u00e9s de las concesiones.<\/p>\n\n\n\n<p><strong>Nos llama a\u00fan m\u00e1s poderosamente la atenci\u00f3n que, enarbolando el apelativo de &#8220;socialistas&#8221;, est\u00e9n enterrando una parte trascendental del legado del Presidente Allende<\/strong>. Un legado que la dictadura ni el tirano se atrevieron a eliminar. Con su rechazo a la inclusi\u00f3n del hist\u00f3rico texto de la nacionalizaci\u00f3n del cobre en la nueva Constituci\u00f3n, no hacen m\u00e1s que alinearse con los sectores m\u00e1s retr\u00f3grados del pa\u00eds.<\/p>\n\n\n\n<p>Como organizaci\u00f3n de trabajadoras y trabajadores de la miner\u00eda cabe preguntarnos: \u00bflas y los chilenos que eligieron a los convencionales del &#8220;Colectivo Socialista&#8221;, entre ellos a Claudio G\u00f3mez en la regi\u00f3n de Aconcagua, lo hicieron para que defendiera los intereses de Chile o para que hiciera una defensa corporativa de los intereses de las grandes transnacionales?<\/p>\n\n\n\n<p>Los convencionales del Colectivo Socialista parecen no entender que en el proceso de desnacionalizaci\u00f3n de la miner\u00eda, que cursa hasta el d\u00eda de hoy, <strong>los p\u00e1rrafos constitucionales que reivindican el dominio estatal de los minerales son <\/strong><strong>los \u00faltimos vestigios de lo que fue la hist\u00f3rica nacionalizaci\u00f3n, y que una vez que esos \u00faltimos vestigios sean borrados de la constituci\u00f3n y las leyes, ya no quedar\u00e1 nada, absolutamente nada, de lo que fue la soberan\u00eda nacional sobre nuestro principal recurso natural estrat\u00e9gico<\/strong>. Entonces, los grandes poderes econ\u00f3micos privados, nacionales y transnacionales, podr\u00e1n respirar tranquilos. Sin obst\u00e1culos constitucionales y legales, ya nada detendr\u00e1 la amenaza de sus infinitas ansias de poder ni su insaciable apetito de lucro.<\/p>\n\n\n\n<p><strong>La historia juzgar\u00e1 a quienes hoy d\u00eda, tergiversando y traicionando el mandato y la confianza que el pueblo les entregara, colaboran con la definitiva desnacionalizaci\u00f3n de nuestros recursos mineros y de favorecer con sus actos a los intereses mezquinos y antichilenos de capitalistas privados extranjeros<\/strong>. Pero a\u00fan es tiempo de que reflexionen, que vuelvan a la cordura, que reconsideren y corrijan su postura en beneficio de los intereses del pueblo, que, si ha dejado sangre, ojos y vidas en la calle, ha sido para avanzar en la historia y no para retroceder.<\/p>\n\n\n\n<p class=\"has-text-align-center\"><strong>CONFEDERACI\u00d3N DE TRABAJADORES DEL COBRE<\/strong><\/p>\n\n\n\n<p class=\"has-text-align-right\">Chile, 21 de abril de 2022.<\/p>\n\n\n\n<figure class=\"wp-block-image size-large\"><img loading=\"lazy\" decoding=\"async\" width=\"658\" height=\"1024\" src=\"https:\/\/www.confederaciondelcobre.cl\/wp-content\/uploads\/2022\/04\/Comunicado-Urgente-a-lxs-CC-658x1024.png\" alt=\"\" class=\"wp-image-2420\" srcset=\"https:\/\/www.confederaciondelcobre.cl\/wp-content\/uploads\/2022\/04\/Comunicado-Urgente-a-lxs-CC-658x1024.png 658w, https:\/\/www.confederaciondelcobre.cl\/wp-content\/uploads\/2022\/04\/Comunicado-Urgente-a-lxs-CC-193x300.png 193w, https:\/\/www.confederaciondelcobre.cl\/wp-content\/uploads\/2022\/04\/Comunicado-Urgente-a-lxs-CC.png 694w\" sizes=\"auto, (max-width: 658px) 100vw, 658px\" \/><\/figure>\n","protected":false},"excerpt":{"rendered":"<p>COMUNICADO URGENTE A LAS Y LOS CONVENCIONALES Y AL PA\u00cdS. Ante el rechazo que se ha producido en la Convenci\u00f3n Constitucional de consignar expresamente el dominio estatal sobre los recursos &hellip; <\/p>\n","protected":false},"author":2,"featured_media":2419,"comment_status":"closed","ping_status":"closed","sticky":false,"template":"","format":"standard","meta":{"jetpack_post_was_ever_published":false,"_jetpack_newsletter_access":"","_jetpack_dont_email_post_to_subs":false,"_jetpack_newsletter_tier_id":0,"_jetpack_memberships_contains_paywalled_content":false,"_jetpack_memberships_contains_paid_content":false,"footnotes":"","jetpack_publicize_message":"","jetpack_publicize_feature_enabled":false,"jetpack_social_post_already_shared":true,"jetpack_social_options":{"image_generator_settings":{"template":"highway","default_image_id":0,"enabled":false},"version":2}},"categories":[8,9,15,19],"tags":[],"class_list":["post-2418","post","type-post","status-publish","format-standard","has-post-thumbnail","hentry","category-comunicado","category-confederacion","category-nacional","category-trabajadores"],"jetpack_publicize_connections":[],"jetpack_featured_media_url":"https:\/\/www.confederaciondelcobre.cl\/wp-content\/uploads\/2022\/04\/PortadaComUrCC.jpg","jetpack_sharing_enabled":true,"post_mailing_queue_ids":[],"_links":{"self":[{"href":"https:\/\/www.confederaciondelcobre.cl\/index.php\/wp-json\/wp\/v2\/posts\/2418","targetHints":{"allow":["GET"]}}],"collection":[{"href":"https:\/\/www.confederaciondelcobre.cl\/index.php\/wp-json\/wp\/v2\/posts"}],"about":[{"href":"https:\/\/www.confederaciondelcobre.cl\/index.php\/wp-json\/wp\/v2\/types\/post"}],"author":[{"embeddable":true,"href":"https:\/\/www.confederaciondelcobre.cl\/index.php\/wp-json\/wp\/v2\/users\/2"}],"replies":[{"embeddable":true,"href":"https:\/\/www.confederaciondelcobre.cl\/index.php\/wp-json\/wp\/v2\/comments?post=2418"}],"version-history":[{"count":1,"href":"https:\/\/www.confederaciondelcobre.cl\/index.php\/wp-json\/wp\/v2\/posts\/2418\/revisions"}],"predecessor-version":[{"id":2421,"href":"https:\/\/www.confederaciondelcobre.cl\/index.php\/wp-json\/wp\/v2\/posts\/2418\/revisions\/2421"}],"wp:featuredmedia":[{"embeddable":true,"href":"https:\/\/www.confederaciondelcobre.cl\/index.php\/wp-json\/wp\/v2\/media\/2419"}],"wp:attachment":[{"href":"https:\/\/www.confederaciondelcobre.cl\/index.php\/wp-json\/wp\/v2\/media?parent=2418"}],"wp:term":[{"taxonomy":"category","embeddable":true,"href":"https:\/\/www.confederaciondelcobre.cl\/index.php\/wp-json\/wp\/v2\/categories?post=2418"},{"taxonomy":"post_tag","embeddable":true,"href":"https:\/\/www.confederaciondelcobre.cl\/index.php\/wp-json\/wp\/v2\/tags?post=2418"}],"curies":[{"name":"wp","href":"https:\/\/api.w.org\/{rel}","templated":true}]}}