{"id":2425,"date":"2022-04-23T18:36:31","date_gmt":"2022-04-23T18:36:31","guid":{"rendered":"https:\/\/www.confederaciondelcobre.cl\/?p=2425"},"modified":"2022-04-23T18:36:33","modified_gmt":"2022-04-23T18:36:33","slug":"rancagua-federacion-de-la-ctc-en-la-region-de-ohiggins-fetratec-se-reunio-con-seremi-del-trabajo","status":"publish","type":"post","link":"https:\/\/www.confederaciondelcobre.cl\/index.php\/2022\/04\/23\/rancagua-federacion-de-la-ctc-en-la-region-de-ohiggins-fetratec-se-reunio-con-seremi-del-trabajo\/","title":{"rendered":"Rancagua: Federaci\u00f3n de la CTC en la regi\u00f3n de O&#8217;Higgins (FETRATEC) se reuni\u00f3 con SEREMI del Trabajo."},"content":{"rendered":"\n<p>El martes 19 de abril, la Federaci\u00f3n de Trabajadores Territorial del Cobre (FETRATEC), que es brazo org\u00e1nico de la Confederaci\u00f3n de Trabajadores del Cobre (CTC) en la VI regi\u00f3n, se reuni\u00f3 con la SEREMI del Trabajo y Previsi\u00f3n Social, Sof\u00eda Del Carmen Mayor Mej\u00edas. El encuentro, de car\u00e1cter protocolar, se desarroll\u00f3 en torno a la exposici\u00f3n de diversos temas relativos a las y los trabajadores contratistas y subcontratistas de la miner\u00eda del cobre.<\/p>\n\n\n\n<div class=\"wp-block-image\"><figure class=\"aligncenter size-large\"><img loading=\"lazy\" decoding=\"async\" width=\"1024\" height=\"576\" src=\"https:\/\/www.confederaciondelcobre.cl\/wp-content\/uploads\/2022\/04\/967de2ac-8df0-4051-87b2-462ef2cbe5ff-1024x576.jpeg\" alt=\"\" class=\"wp-image-2427\" srcset=\"https:\/\/www.confederaciondelcobre.cl\/wp-content\/uploads\/2022\/04\/967de2ac-8df0-4051-87b2-462ef2cbe5ff-1024x576.jpeg 1024w, https:\/\/www.confederaciondelcobre.cl\/wp-content\/uploads\/2022\/04\/967de2ac-8df0-4051-87b2-462ef2cbe5ff-300x169.jpeg 300w, https:\/\/www.confederaciondelcobre.cl\/wp-content\/uploads\/2022\/04\/967de2ac-8df0-4051-87b2-462ef2cbe5ff-768x432.jpeg 768w, https:\/\/www.confederaciondelcobre.cl\/wp-content\/uploads\/2022\/04\/967de2ac-8df0-4051-87b2-462ef2cbe5ff-1536x864.jpeg 1536w, https:\/\/www.confederaciondelcobre.cl\/wp-content\/uploads\/2022\/04\/967de2ac-8df0-4051-87b2-462ef2cbe5ff.jpeg 1600w\" sizes=\"auto, (max-width: 1024px) 100vw, 1024px\" \/><\/figure><\/div>\n\n\n\n<p>En la oportunidad, los dirigentes de la FETRATEC, representada por Jos\u00e9 Irarr\u00e1zabal Camus, Presidente; Luis Marchant Vald\u00e9s, Vicepresidente; y Tom\u00e1s Cisternas, Tesorero, hicieron exposici\u00f3n de tres ejes principales de la CTC: el fin a todo tipo de discriminacion laboral, el fin a la subcontrataci\u00f3n como mecanismo de precarizaci\u00f3n laboral y la renacionalizaci\u00f3n del cobre. Asuntos, todos ellos, que nacen como objetivos de la CTC desde su fundaci\u00f3n por all\u00e1 en 2007. Tambi\u00e9n se refierieron a asuntos de alta preocupaci\u00f3n entre las y los trabajadores y la propia organizaci\u00f3n sindical, tales como la existencia de listas negras y pr\u00e1cticas antisindicales. Lo anterior, junto con ser altamente preocupante, es especialmente grave, pues afecta a derechos humanos fundamentales como lo son el derecho al trabajo y la libertad sindical.<\/p>\n\n\n\n<p>Por su parte la SEREMI del Trabajo y Previsi\u00f3n Social, Sof\u00eda Del Carmen Mayor Mej\u00edas, se mostr\u00f3 solidaria y disponible a desarrollar en el futuro un trabajo en conjunto para ir abordando y encontrando soluci\u00f3n a los temas conversados.<\/p>\n\n\n\n<p>Finalmente la reuni\u00f3n, que se desenvolvi\u00f3 en un clima de cercan\u00eda y buenas voluntades, culmin\u00f3 con la intenci\u00f3n y compromiso por parte de la autoridad de generar un mayor acercamiento a nivel local entre la Federaci\u00f3n y Codelco, precisamente para ir haciendo seguimiento, entre otros, a los asuntos conversados.<\/p>\n","protected":false},"excerpt":{"rendered":"<p>El martes 19 de abril, la Federaci\u00f3n de Trabajadores Territorial del Cobre (FETRATEC), que es brazo org\u00e1nico de la Confederaci\u00f3n de Trabajadores del Cobre (CTC) en la VI regi\u00f3n, se &hellip; <\/p>\n","protected":false},"author":2,"featured_media":2426,"comment_status":"closed","ping_status":"closed","sticky":false,"template":"","format":"standard","meta":{"jetpack_post_was_ever_published":false,"_jetpack_newsletter_access":"","_jetpack_dont_email_post_to_subs":false,"_jetpack_newsletter_tier_id":0,"_jetpack_memberships_contains_paywalled_content":false,"_jetpack_memberships_contains_paid_content":false,"footnotes":"","jetpack_publicize_message":"","jetpack_publicize_feature_enabled":false,"jetpack_social_post_already_shared":true,"jetpack_social_options":{"image_generator_settings":{"template":"highway","default_image_id":0,"enabled":false},"version":2}},"categories":[9,21,31,17,19],"tags":[],"class_list":["post-2425","post","type-post","status-publish","format-standard","has-post-thumbnail","hentry","category-confederacion","category-federaciones","category-fetratec","category-regiones","category-trabajadores"],"jetpack_publicize_connections":[],"jetpack_featured_media_url":"https:\/\/www.confederaciondelcobre.cl\/wp-content\/uploads\/2022\/04\/PortReuSeremiTrabVI.jpg","jetpack_sharing_enabled":true,"post_mailing_queue_ids":[],"_links":{"self":[{"href":"https:\/\/www.confederaciondelcobre.cl\/index.php\/wp-json\/wp\/v2\/posts\/2425","targetHints":{"allow":["GET"]}}],"collection":[{"href":"https:\/\/www.confederaciondelcobre.cl\/index.php\/wp-json\/wp\/v2\/posts"}],"about":[{"href":"https:\/\/www.confederaciondelcobre.cl\/index.php\/wp-json\/wp\/v2\/types\/post"}],"author":[{"embeddable":true,"href":"https:\/\/www.confederaciondelcobre.cl\/index.php\/wp-json\/wp\/v2\/users\/2"}],"replies":[{"embeddable":true,"href":"https:\/\/www.confederaciondelcobre.cl\/index.php\/wp-json\/wp\/v2\/comments?post=2425"}],"version-history":[{"count":2,"href":"https:\/\/www.confederaciondelcobre.cl\/index.php\/wp-json\/wp\/v2\/posts\/2425\/revisions"}],"predecessor-version":[{"id":2429,"href":"https:\/\/www.confederaciondelcobre.cl\/index.php\/wp-json\/wp\/v2\/posts\/2425\/revisions\/2429"}],"wp:featuredmedia":[{"embeddable":true,"href":"https:\/\/www.confederaciondelcobre.cl\/index.php\/wp-json\/wp\/v2\/media\/2426"}],"wp:attachment":[{"href":"https:\/\/www.confederaciondelcobre.cl\/index.php\/wp-json\/wp\/v2\/media?parent=2425"}],"wp:term":[{"taxonomy":"category","embeddable":true,"href":"https:\/\/www.confederaciondelcobre.cl\/index.php\/wp-json\/wp\/v2\/categories?post=2425"},{"taxonomy":"post_tag","embeddable":true,"href":"https:\/\/www.confederaciondelcobre.cl\/index.php\/wp-json\/wp\/v2\/tags?post=2425"}],"curies":[{"name":"wp","href":"https:\/\/api.w.org\/{rel}","templated":true}]}}