{"id":2431,"date":"2022-04-29T18:21:35","date_gmt":"2022-04-29T18:21:35","guid":{"rendered":"https:\/\/www.confederaciondelcobre.cl\/?p=2431"},"modified":"2022-04-29T18:21:37","modified_gmt":"2022-04-29T18:21:37","slug":"seminario-por-las-40-horas-se-desarrollo-en-la-ctc","status":"publish","type":"post","link":"https:\/\/www.confederaciondelcobre.cl\/index.php\/2022\/04\/29\/seminario-por-las-40-horas-se-desarrollo-en-la-ctc\/","title":{"rendered":"Seminario por las 40 horas se desarroll\u00f3 en la CTC."},"content":{"rendered":"\n<p>El d\u00eda de hoy, y en la sede central de la Confederaci\u00f3n de las y los Trabajadores del Cobre (CTC), la Coordinadora de Trabajadoras y Trabajadores por las 40 horas organiz\u00f3 un seminario sobre el proyecto de Ley que busca rebajar la jornada laboral a 40 horas semanales. <\/p>\n\n\n\n<p> A la jornada \u2014que tambi\u00e9n fue transmitida v\u00eda telem\u00e1tica\u2014, entre trabajadores y dirigentes sindicales, asistieron el Subsecretario del Trabajo y Previsi\u00f3n Social, Giorgio Boccardo; las Diputadas Karol Cariola y Daniela Serrano; y el Diputado Andr\u00e9s Giordano. Tambi\u00e9n, v\u00eda telem\u00e1tica, particip\u00f3 la Convencional Constituyente B\u00e1rbara Sep\u00falveda, quien coment\u00f3 el trabajo que se est\u00e1 realizando en la Convenci\u00f3n Constitucional a prop\u00f3sito de avanzar en derechos para las y los trabajadores que, entre otros, van precisamente en direcci\u00f3n de compatibilizar el trabajo y sus jornadas con la vida familiar y avanzar en dignidad.<\/p>\n\n\n\n<figure class=\"wp-block-gallery has-nested-images columns-default is-cropped wp-block-gallery-1 is-layout-flex wp-block-gallery-is-layout-flex\">\n<figure class=\"wp-block-image size-large\"><img loading=\"lazy\" decoding=\"async\" width=\"1024\" height=\"578\" data-id=\"2436\" src=\"https:\/\/www.confederaciondelcobre.cl\/wp-content\/uploads\/2022\/04\/IMG_0056-1024x578.jpg\" alt=\"\" class=\"wp-image-2436\" srcset=\"https:\/\/www.confederaciondelcobre.cl\/wp-content\/uploads\/2022\/04\/IMG_0056-1024x578.jpg 1024w, https:\/\/www.confederaciondelcobre.cl\/wp-content\/uploads\/2022\/04\/IMG_0056-300x169.jpg 300w, https:\/\/www.confederaciondelcobre.cl\/wp-content\/uploads\/2022\/04\/IMG_0056-768x434.jpg 768w, https:\/\/www.confederaciondelcobre.cl\/wp-content\/uploads\/2022\/04\/IMG_0056-1536x867.jpg 1536w, https:\/\/www.confederaciondelcobre.cl\/wp-content\/uploads\/2022\/04\/IMG_0056-2048x1156.jpg 2048w\" sizes=\"auto, (max-width: 1024px) 100vw, 1024px\" \/><\/figure>\n\n\n\n<figure class=\"wp-block-image size-large\"><img loading=\"lazy\" decoding=\"async\" width=\"1024\" height=\"578\" data-id=\"2437\" src=\"https:\/\/www.confederaciondelcobre.cl\/wp-content\/uploads\/2022\/04\/IMG_0060-1024x578.jpg\" alt=\"\" class=\"wp-image-2437\" srcset=\"https:\/\/www.confederaciondelcobre.cl\/wp-content\/uploads\/2022\/04\/IMG_0060-1024x578.jpg 1024w, https:\/\/www.confederaciondelcobre.cl\/wp-content\/uploads\/2022\/04\/IMG_0060-300x169.jpg 300w, https:\/\/www.confederaciondelcobre.cl\/wp-content\/uploads\/2022\/04\/IMG_0060-768x434.jpg 768w, https:\/\/www.confederaciondelcobre.cl\/wp-content\/uploads\/2022\/04\/IMG_0060-1536x867.jpg 1536w, https:\/\/www.confederaciondelcobre.cl\/wp-content\/uploads\/2022\/04\/IMG_0060-2048x1156.jpg 2048w\" sizes=\"auto, (max-width: 1024px) 100vw, 1024px\" \/><\/figure>\n\n\n\n<figure class=\"wp-block-image size-large\"><img loading=\"lazy\" decoding=\"async\" width=\"1024\" height=\"578\" data-id=\"2435\" src=\"https:\/\/www.confederaciondelcobre.cl\/wp-content\/uploads\/2022\/04\/IMG_0066-1024x578.jpg\" alt=\"\" class=\"wp-image-2435\" srcset=\"https:\/\/www.confederaciondelcobre.cl\/wp-content\/uploads\/2022\/04\/IMG_0066-1024x578.jpg 1024w, https:\/\/www.confederaciondelcobre.cl\/wp-content\/uploads\/2022\/04\/IMG_0066-300x169.jpg 300w, https:\/\/www.confederaciondelcobre.cl\/wp-content\/uploads\/2022\/04\/IMG_0066-768x434.jpg 768w, https:\/\/www.confederaciondelcobre.cl\/wp-content\/uploads\/2022\/04\/IMG_0066-1536x867.jpg 1536w, https:\/\/www.confederaciondelcobre.cl\/wp-content\/uploads\/2022\/04\/IMG_0066-2048x1156.jpg 2048w\" sizes=\"auto, (max-width: 1024px) 100vw, 1024px\" \/><\/figure>\n<\/figure>\n\n\n\n<p>Por su parte, la Diputada Karol Cariola, quien actualmente es Presidenta de la Comisi\u00f3n de Constituci\u00f3n de la C\u00e1mara, recalc\u00f3 que detr\u00e1s de este proyecto y de la necesidad de rebajar la jornada laboral no est\u00e1n solo las y los trabajadores, sino que tambi\u00e9n sus familias, pues compatibilizar la jornada laboral y sus condiciones trasciende e involucra a la poblaci\u00f3n en general, y que, en ese sentido, desde la c\u00e1mara \u2014se\u00f1al\u00f3\u2014 seguir\u00e1n trabajando por seguir impulsando este proyecto, pues espera que esta sea una conquista de las y los trabajadores durante este gobierno.<\/p>\n\n\n\n<div class=\"wp-block-image\"><figure class=\"aligncenter size-large\"><img loading=\"lazy\" decoding=\"async\" width=\"1024\" height=\"578\" src=\"https:\/\/www.confederaciondelcobre.cl\/wp-content\/uploads\/2022\/04\/IMG_0072-1024x578.jpg\" alt=\"\" class=\"wp-image-2433\" srcset=\"https:\/\/www.confederaciondelcobre.cl\/wp-content\/uploads\/2022\/04\/IMG_0072-1024x578.jpg 1024w, https:\/\/www.confederaciondelcobre.cl\/wp-content\/uploads\/2022\/04\/IMG_0072-300x169.jpg 300w, https:\/\/www.confederaciondelcobre.cl\/wp-content\/uploads\/2022\/04\/IMG_0072-768x434.jpg 768w, https:\/\/www.confederaciondelcobre.cl\/wp-content\/uploads\/2022\/04\/IMG_0072-1536x867.jpg 1536w, https:\/\/www.confederaciondelcobre.cl\/wp-content\/uploads\/2022\/04\/IMG_0072-2048x1156.jpg 2048w\" sizes=\"auto, (max-width: 1024px) 100vw, 1024px\" \/><figcaption>Ana Lamas Aguirre, Secretaria General de la Confederaci\u00f3n de Trabajadores del Cobre (CTC)<\/figcaption><\/figure><\/div>\n\n\n\n<p>En tanto Ana Lamas Aguirre, Secretaria General de la CTC, y en conversaci\u00f3n con las y los asistentes destac\u00f3 y salud\u00f3 que este tipo de encuentros contin\u00faen realiz\u00e1ndose a fin de seguir impulsando este proyecto de Ley, que busca hacer justicia social sobre un derecho humano fundamental, como es el derecho al descanso, al disfrute del tiempo libre y a un limite razonable de la jornada de trabajo, pero que tambi\u00e9n se convierten en espacios de coordinaci\u00f3n entre las y los trabajadores y sus dirigencias. Es importante, se\u00f1al\u00f3, mantener la interacci\u00f3n y cercan\u00eda, pues, como el propio proyecto de Ley que busca rebajar la jornada laboral a 40 horas semanales, son varios m\u00e1s los asuntos que tambi\u00e9n son transversales a la clase trabajadora. Esa es la disposici\u00f3n que tenemos, y que este seminario se haya realizado en la sede de la CTC, es muestra e invitaci\u00f3n a aquello, puntualiz\u00f3.<\/p>\n","protected":false},"excerpt":{"rendered":"<p>El d\u00eda de hoy, y en la sede central de la Confederaci\u00f3n de las y los Trabajadores del Cobre (CTC), la Coordinadora de Trabajadoras y Trabajadores por las 40 horas &hellip; <\/p>\n","protected":false},"author":2,"featured_media":2432,"comment_status":"closed","ping_status":"closed","sticky":false,"template":"","format":"standard","meta":{"jetpack_post_was_ever_published":false,"_jetpack_newsletter_access":"","_jetpack_dont_email_post_to_subs":false,"_jetpack_newsletter_tier_id":0,"_jetpack_memberships_contains_paywalled_content":false,"_jetpack_memberships_contains_paid_content":false,"footnotes":"","jetpack_publicize_message":"","jetpack_publicize_feature_enabled":true,"jetpack_social_post_already_shared":true,"jetpack_social_options":{"image_generator_settings":{"template":"highway","default_image_id":0,"enabled":false},"version":2}},"categories":[9,14,15,19],"tags":[],"class_list":["post-2431","post","type-post","status-publish","format-standard","has-post-thumbnail","hentry","category-confederacion","category-movimientos-sociales","category-nacional","category-trabajadores"],"jetpack_publicize_connections":[],"jetpack_featured_media_url":"https:\/\/www.confederaciondelcobre.cl\/wp-content\/uploads\/2022\/04\/PortSem40h.jpg","jetpack_sharing_enabled":true,"post_mailing_queue_ids":[],"_links":{"self":[{"href":"https:\/\/www.confederaciondelcobre.cl\/index.php\/wp-json\/wp\/v2\/posts\/2431","targetHints":{"allow":["GET"]}}],"collection":[{"href":"https:\/\/www.confederaciondelcobre.cl\/index.php\/wp-json\/wp\/v2\/posts"}],"about":[{"href":"https:\/\/www.confederaciondelcobre.cl\/index.php\/wp-json\/wp\/v2\/types\/post"}],"author":[{"embeddable":true,"href":"https:\/\/www.confederaciondelcobre.cl\/index.php\/wp-json\/wp\/v2\/users\/2"}],"replies":[{"embeddable":true,"href":"https:\/\/www.confederaciondelcobre.cl\/index.php\/wp-json\/wp\/v2\/comments?post=2431"}],"version-history":[{"count":3,"href":"https:\/\/www.confederaciondelcobre.cl\/index.php\/wp-json\/wp\/v2\/posts\/2431\/revisions"}],"predecessor-version":[{"id":2440,"href":"https:\/\/www.confederaciondelcobre.cl\/index.php\/wp-json\/wp\/v2\/posts\/2431\/revisions\/2440"}],"wp:featuredmedia":[{"embeddable":true,"href":"https:\/\/www.confederaciondelcobre.cl\/index.php\/wp-json\/wp\/v2\/media\/2432"}],"wp:attachment":[{"href":"https:\/\/www.confederaciondelcobre.cl\/index.php\/wp-json\/wp\/v2\/media?parent=2431"}],"wp:term":[{"taxonomy":"category","embeddable":true,"href":"https:\/\/www.confederaciondelcobre.cl\/index.php\/wp-json\/wp\/v2\/categories?post=2431"},{"taxonomy":"post_tag","embeddable":true,"href":"https:\/\/www.confederaciondelcobre.cl\/index.php\/wp-json\/wp\/v2\/tags?post=2431"}],"curies":[{"name":"wp","href":"https:\/\/api.w.org\/{rel}","templated":true}]}}