{"id":244,"date":"2019-07-08T18:48:40","date_gmt":"2019-07-08T18:48:40","guid":{"rendered":"http:\/\/www.ctc2018.cl\/?p=244"},"modified":"2020-04-26T23:53:59","modified_gmt":"2020-04-26T23:53:59","slug":"se-abre-postulacion-al-fondo-unico-de-vivienda-concursable-ano-2019","status":"publish","type":"post","link":"https:\/\/www.confederaciondelcobre.cl\/index.php\/2019\/07\/08\/se-abre-postulacion-al-fondo-unico-de-vivienda-concursable-ano-2019\/","title":{"rendered":"Se abre postulaci\u00f3n al Fondo \u00danico de Vivienda Concursable a\u00f1o 2019"},"content":{"rendered":"\n<p><strong>Compa\u00f1eras y compa\u00f1eros, a partir de este lunes o8 de julio de 2019 comienza la postulaci\u00f3n y entrega de antecedentes para el Fondo \u00danico de Vivienda Concursable<\/strong>, para&nbsp;trabajadores&nbsp;<strong>Contratistas y Subcontratistas que presten sus servicios a Codelco, quedando excluidos aquellos que presten sus servicios para la Vicepresidencia de Proyectos (VP) .<\/strong><\/p>\n\n\n\n<ul class=\"wp-block-list\"><li>Dicho&nbsp;beneficio consiste en un&nbsp;<strong>aporte \u00fanico<\/strong>&nbsp;para&nbsp;<strong>la compra, construcci\u00f3n o prepago de cr\u00e9ditos hipotecarios&nbsp;de la primera vivienda<\/strong>.<\/li><\/ul>\n\n\n\n<p><strong>Desde el a\u00f1o 2007 los trabajadores contratistas y subcontratistas de Codelco Chile, adem\u00e1s de sus familias<\/strong>, tienen acceso a una variedad de beneficios laborales y sociales que establece el&nbsp;<strong>Acuerdo Marco firmado entre la Confederaci\u00f3n de Trabajadores del Cobre (CTC), las empresas contratistas y Codelco Chile<\/strong>. Esta conquista de la Clase Trabajadora ha sido gracias a la&nbsp;<strong>Unidad, Organizaci\u00f3n y Lucha<\/strong>&nbsp;de todas y todos quienes, agrupados en la CTC, lograron el Acuerdo Marco con la cupr\u00edfera estatal.<\/p>\n\n\n\n<p><strong>Para este a\u00f1o 2019<\/strong>&nbsp;<strong>se dispondr\u00e1 de 1.000 cupos por un monto de UF20<\/strong>&nbsp;<strong>(veinte unidades de fomento) cada uno, que ser\u00e1n pagados el d\u00eda viernes 11 de octubre de 2019<\/strong>, mediante vale vista que podr\u00e1 ser cobrado en cualquier sucursal del Banco de Chile.&nbsp;<strong>Este documento ser\u00e1 emitido a nombre del beneficiario y podr\u00e1 ser retirado a partir de la fecha indicada en el calendario, por el titular junto a su C\u00e9dula de Identidad, en un plazo de 6 meses<\/strong>. Posterior a dicho plazo el documento quedar\u00e1 sin efecto.<\/p>\n\n\n\n<p>Este beneficio es exclusivo y \u00fanico para la primera vivienda del trabajador,&nbsp;<strong>por lo que toda compa\u00f1era o compa\u00f1ero que ya se haya adjudicado este beneficio en a\u00f1os anteriores, se debe abstener de postular nuevamente en este proceso<\/strong>.<\/p>\n\n\n\n<blockquote class=\"wp-block-quote is-layout-flow wp-block-quote-is-layout-flow\"><p>Para postular al Fondo \u00danico de Vivienda Concursable, a\u00f1o 2019, puedes hacerlo ingresando al sitio web de la OTIC de la C\u00e1mara Chilena de la Construcci\u00f3n&nbsp;<a href=\"http:\/\/www.oticdelaconstruccion.cl\/fondos2019\/portada.php\">haciendo click aqu\u00ed<\/a>. All\u00ed encontrar\u00e1s la secci\u00f3n &#8220;Fondos para la Primera Vivienda&#8221;, donde se solicitar\u00e1 ingresar el RUT del trabajador o trabajadora que postula.<\/p><\/blockquote>\n\n\n\n<p><\/p>\n","protected":false},"excerpt":{"rendered":"<p>Compa\u00f1eras y compa\u00f1eros, a partir de este lunes o8 de julio de 2019 comienza la postulaci\u00f3n y entrega de antecedentes para el Fondo \u00danico de Vivienda Concursable, para&nbsp;trabajadores&nbsp;Contratistas y Subcontratistas &hellip; <\/p>\n","protected":false},"author":2,"featured_media":246,"comment_status":"open","ping_status":"open","sticky":false,"template":"","format":"standard","meta":{"jetpack_post_was_ever_published":false,"_jetpack_newsletter_access":"","_jetpack_dont_email_post_to_subs":false,"_jetpack_newsletter_tier_id":0,"_jetpack_memberships_contains_paywalled_content":false,"_jetpack_memberships_contains_paid_content":false,"footnotes":"","jetpack_publicize_message":"","jetpack_publicize_feature_enabled":true,"jetpack_social_post_already_shared":false,"jetpack_social_options":{"image_generator_settings":{"template":"highway","default_image_id":0,"enabled":false},"version":2}},"categories":[23,9,21],"tags":[],"class_list":["post-244","post","type-post","status-publish","format-standard","has-post-thumbnail","hentry","category-acuerdo-marco-codelco","category-confederacion","category-federaciones"],"jetpack_publicize_connections":[],"jetpack_featured_media_url":"https:\/\/www.confederaciondelcobre.cl\/wp-content\/uploads\/2019\/11\/BannerFondoVivienda.jpg","jetpack_sharing_enabled":true,"post_mailing_queue_ids":[],"_links":{"self":[{"href":"https:\/\/www.confederaciondelcobre.cl\/index.php\/wp-json\/wp\/v2\/posts\/244","targetHints":{"allow":["GET"]}}],"collection":[{"href":"https:\/\/www.confederaciondelcobre.cl\/index.php\/wp-json\/wp\/v2\/posts"}],"about":[{"href":"https:\/\/www.confederaciondelcobre.cl\/index.php\/wp-json\/wp\/v2\/types\/post"}],"author":[{"embeddable":true,"href":"https:\/\/www.confederaciondelcobre.cl\/index.php\/wp-json\/wp\/v2\/users\/2"}],"replies":[{"embeddable":true,"href":"https:\/\/www.confederaciondelcobre.cl\/index.php\/wp-json\/wp\/v2\/comments?post=244"}],"version-history":[{"count":3,"href":"https:\/\/www.confederaciondelcobre.cl\/index.php\/wp-json\/wp\/v2\/posts\/244\/revisions"}],"predecessor-version":[{"id":721,"href":"https:\/\/www.confederaciondelcobre.cl\/index.php\/wp-json\/wp\/v2\/posts\/244\/revisions\/721"}],"wp:featuredmedia":[{"embeddable":true,"href":"https:\/\/www.confederaciondelcobre.cl\/index.php\/wp-json\/wp\/v2\/media\/246"}],"wp:attachment":[{"href":"https:\/\/www.confederaciondelcobre.cl\/index.php\/wp-json\/wp\/v2\/media?parent=244"}],"wp:term":[{"taxonomy":"category","embeddable":true,"href":"https:\/\/www.confederaciondelcobre.cl\/index.php\/wp-json\/wp\/v2\/categories?post=244"},{"taxonomy":"post_tag","embeddable":true,"href":"https:\/\/www.confederaciondelcobre.cl\/index.php\/wp-json\/wp\/v2\/tags?post=244"}],"curies":[{"name":"wp","href":"https:\/\/api.w.org\/{rel}","templated":true}]}}