{"id":2441,"date":"2022-04-30T18:17:23","date_gmt":"2022-04-30T18:17:23","guid":{"rendered":"https:\/\/www.confederaciondelcobre.cl\/?p=2441"},"modified":"2022-04-30T18:17:25","modified_gmt":"2022-04-30T18:17:25","slug":"presidente-boric-anuncia-ratificacion-del-convenio-190-de-la-oit","status":"publish","type":"post","link":"https:\/\/www.confederaciondelcobre.cl\/index.php\/2022\/04\/30\/presidente-boric-anuncia-ratificacion-del-convenio-190-de-la-oit\/","title":{"rendered":"Presidente Boric anuncia ratificaci\u00f3n del Convenio 190 de la OIT."},"content":{"rendered":"\n<p>En la sede de la CUT, y en el marco de una nueva conmemoraci\u00f3n del D\u00eda Internacional de las y los Trabajadores, el Presidente <strong>Gabriel Boric anunci\u00f3 la ratificaci\u00f3n del <a rel=\"noreferrer noopener\" href=\"https:\/\/c190.lim.ilo.org\/\" target=\"_blank\">Convenio 190 de la Organizaci\u00f3n Internacional del Trabajo (OIT)<\/a>, sobre la eliminaci\u00f3n de la violencia y el acoso en el mundo del trabajo<\/strong>.<\/p>\n\n\n\n<figure class=\"wp-block-gallery has-nested-images columns-default is-cropped wp-block-gallery-1 is-layout-flex wp-block-gallery-is-layout-flex\">\n<figure class=\"wp-block-image size-large\"><img loading=\"lazy\" decoding=\"async\" width=\"1024\" height=\"768\" data-id=\"2447\" src=\"https:\/\/www.confederaciondelcobre.cl\/wp-content\/uploads\/2022\/04\/ca8c3c12-eec0-4130-8301-97bd0a7e3f81-1024x768.jpeg\" alt=\"\" class=\"wp-image-2447\" srcset=\"https:\/\/www.confederaciondelcobre.cl\/wp-content\/uploads\/2022\/04\/ca8c3c12-eec0-4130-8301-97bd0a7e3f81-1024x768.jpeg 1024w, https:\/\/www.confederaciondelcobre.cl\/wp-content\/uploads\/2022\/04\/ca8c3c12-eec0-4130-8301-97bd0a7e3f81-300x225.jpeg 300w, https:\/\/www.confederaciondelcobre.cl\/wp-content\/uploads\/2022\/04\/ca8c3c12-eec0-4130-8301-97bd0a7e3f81-768x576.jpeg 768w, https:\/\/www.confederaciondelcobre.cl\/wp-content\/uploads\/2022\/04\/ca8c3c12-eec0-4130-8301-97bd0a7e3f81.jpeg 1280w\" sizes=\"auto, (max-width: 1024px) 100vw, 1024px\" \/><\/figure>\n\n\n\n<figure class=\"wp-block-image size-large\"><img loading=\"lazy\" decoding=\"async\" width=\"1024\" height=\"768\" data-id=\"2444\" src=\"https:\/\/www.confederaciondelcobre.cl\/wp-content\/uploads\/2022\/04\/13834a26-eef9-4ee0-b4fb-8233d7a11594-1024x768.jpeg\" alt=\"\" class=\"wp-image-2444\" srcset=\"https:\/\/www.confederaciondelcobre.cl\/wp-content\/uploads\/2022\/04\/13834a26-eef9-4ee0-b4fb-8233d7a11594-1024x768.jpeg 1024w, https:\/\/www.confederaciondelcobre.cl\/wp-content\/uploads\/2022\/04\/13834a26-eef9-4ee0-b4fb-8233d7a11594-300x225.jpeg 300w, https:\/\/www.confederaciondelcobre.cl\/wp-content\/uploads\/2022\/04\/13834a26-eef9-4ee0-b4fb-8233d7a11594-768x576.jpeg 768w, https:\/\/www.confederaciondelcobre.cl\/wp-content\/uploads\/2022\/04\/13834a26-eef9-4ee0-b4fb-8233d7a11594.jpeg 1280w\" sizes=\"auto, (max-width: 1024px) 100vw, 1024px\" \/><\/figure>\n\n\n\n<figure class=\"wp-block-image size-large\"><img loading=\"lazy\" decoding=\"async\" width=\"1024\" height=\"768\" data-id=\"2446\" src=\"https:\/\/www.confederaciondelcobre.cl\/wp-content\/uploads\/2022\/04\/890414cd-bdbc-41e7-b2ba-0159e3e46c5a-1024x768.jpeg\" alt=\"\" class=\"wp-image-2446\" srcset=\"https:\/\/www.confederaciondelcobre.cl\/wp-content\/uploads\/2022\/04\/890414cd-bdbc-41e7-b2ba-0159e3e46c5a-1024x768.jpeg 1024w, https:\/\/www.confederaciondelcobre.cl\/wp-content\/uploads\/2022\/04\/890414cd-bdbc-41e7-b2ba-0159e3e46c5a-300x225.jpeg 300w, https:\/\/www.confederaciondelcobre.cl\/wp-content\/uploads\/2022\/04\/890414cd-bdbc-41e7-b2ba-0159e3e46c5a-768x576.jpeg 768w, https:\/\/www.confederaciondelcobre.cl\/wp-content\/uploads\/2022\/04\/890414cd-bdbc-41e7-b2ba-0159e3e46c5a.jpeg 1152w\" sizes=\"auto, (max-width: 1024px) 100vw, 1024px\" \/><\/figure>\n<\/figure>\n\n\n\n<p>Al encuentro, que cont\u00f3 la presencia de dirigentas y dirigentes sindicales de todo el pa\u00eds, entre ellos la Secretaria General y Director Nacional Encargado de Organizaci\u00f3n de la Confederaci\u00f3n de Trabajadores del Cobre (CTC), Ana Lamas Aguirre y Patricio Roco Bucarey, concurrieron acompa\u00f1ando al Presidente las Ministras Vocera de Gobierno, Camila Vallejo; del Trabajo y Previsi\u00f3n Social, Jeannette Jara; y de Relaciones Exteriores, Antonia Urrejola.  All\u00ed, y junto con el anuncio de ratificaci\u00f3n del mencionado Convenio, el Presidente <strong>se\u00f1al\u00f3 que en su gobierno y programa est\u00e1n incluidas la expansi\u00f3n de los derechos y negociaciones colectivas, haciendo menci\u00f3n expresa a la inclusi\u00f3n de la negociaci\u00f3n por rama<\/strong>. De igual forma, tambi\u00e9n coment\u00f3 que en su gobierno <strong>est\u00e1n avanzando en la implementaci\u00f3n de una serie de medidas, tales como la reducci\u00f3n de la jornada laboral<\/strong>. Esto \u00faltimo haci\u00e9ndose eco de la <a rel=\"noreferrer noopener\" href=\"https:\/\/www.confederaciondelcobre.cl\/index.php\/2022\/04\/29\/seminario-por-las-40-horas-se-desarrollo-en-la-ctc\/\" target=\"_blank\">campa\u00f1a por la rebaja de la jornada laboral a 40 horas semanales<\/a>, un proyecto de Ley impulsado originalmente por la entonces Diputada Camila Vallejo, y que en la actualidad \u2014sumando cada vez m\u00e1s apoyo\u2014 contin\u00faa en tr\u00e1mite legislativo.<\/p>\n\n\n\n<p>Finalmente, el encuentro en la sede de la Central Unitaria de Trabajadores culmin\u00f3 con un punto de prensa encabezado por el Presidente de la Central y el propio Presidente de la Rep\u00fablica (<a rel=\"noreferrer noopener\" href=\"https:\/\/www.facebook.com\/watch\/live\/?ref=watch_permalink&amp;v=1924531191065508\" target=\"_blank\">que puedes ver aqu\u00ed<\/a>), donde la m\u00e1xima autoridad del pa\u00eds relev\u00f3 la importancia de fortalecer una agenda de trabajo conjunto, tanto con la CUT como con las organizaciones sindicales en general. Recalc\u00f3 que tienen una agenda ambiciosa en torno a las 40 horas, y en una serie de medidas en torno a la reforma tributaria y tambi\u00e9n previsional, medidas en las que esperan avanzar de la mano de las organizaciones de las y los trabajadores del Chile.<\/p>\n","protected":false},"excerpt":{"rendered":"<p>En la sede de la CUT, y en el marco de una nueva conmemoraci\u00f3n del D\u00eda Internacional de las y los Trabajadores, el Presidente Gabriel Boric anunci\u00f3 la ratificaci\u00f3n del &hellip; <\/p>\n","protected":false},"author":2,"featured_media":2443,"comment_status":"closed","ping_status":"closed","sticky":false,"template":"","format":"standard","meta":{"jetpack_post_was_ever_published":false,"_jetpack_newsletter_access":"","_jetpack_dont_email_post_to_subs":false,"_jetpack_newsletter_tier_id":0,"_jetpack_memberships_contains_paywalled_content":false,"_jetpack_memberships_contains_paid_content":false,"footnotes":"","jetpack_publicize_message":"Presidente Boric anuncia ratificaci\u00f3n del Convenio 190 de la #OIT.","jetpack_publicize_feature_enabled":true,"jetpack_social_post_already_shared":true,"jetpack_social_options":{"image_generator_settings":{"template":"highway","default_image_id":0,"enabled":false},"version":2}},"categories":[9,15,16,19],"tags":[],"class_list":["post-2441","post","type-post","status-publish","format-standard","has-post-thumbnail","hentry","category-confederacion","category-nacional","category-noticias","category-trabajadores"],"jetpack_publicize_connections":[],"jetpack_featured_media_url":"https:\/\/www.confederaciondelcobre.cl\/wp-content\/uploads\/2022\/04\/PortPdteEnCUT.jpg","jetpack_sharing_enabled":true,"post_mailing_queue_ids":[],"_links":{"self":[{"href":"https:\/\/www.confederaciondelcobre.cl\/index.php\/wp-json\/wp\/v2\/posts\/2441","targetHints":{"allow":["GET"]}}],"collection":[{"href":"https:\/\/www.confederaciondelcobre.cl\/index.php\/wp-json\/wp\/v2\/posts"}],"about":[{"href":"https:\/\/www.confederaciondelcobre.cl\/index.php\/wp-json\/wp\/v2\/types\/post"}],"author":[{"embeddable":true,"href":"https:\/\/www.confederaciondelcobre.cl\/index.php\/wp-json\/wp\/v2\/users\/2"}],"replies":[{"embeddable":true,"href":"https:\/\/www.confederaciondelcobre.cl\/index.php\/wp-json\/wp\/v2\/comments?post=2441"}],"version-history":[{"count":2,"href":"https:\/\/www.confederaciondelcobre.cl\/index.php\/wp-json\/wp\/v2\/posts\/2441\/revisions"}],"predecessor-version":[{"id":2448,"href":"https:\/\/www.confederaciondelcobre.cl\/index.php\/wp-json\/wp\/v2\/posts\/2441\/revisions\/2448"}],"wp:featuredmedia":[{"embeddable":true,"href":"https:\/\/www.confederaciondelcobre.cl\/index.php\/wp-json\/wp\/v2\/media\/2443"}],"wp:attachment":[{"href":"https:\/\/www.confederaciondelcobre.cl\/index.php\/wp-json\/wp\/v2\/media?parent=2441"}],"wp:term":[{"taxonomy":"category","embeddable":true,"href":"https:\/\/www.confederaciondelcobre.cl\/index.php\/wp-json\/wp\/v2\/categories?post=2441"},{"taxonomy":"post_tag","embeddable":true,"href":"https:\/\/www.confederaciondelcobre.cl\/index.php\/wp-json\/wp\/v2\/tags?post=2441"}],"curies":[{"name":"wp","href":"https:\/\/api.w.org\/{rel}","templated":true}]}}