{"id":2449,"date":"2022-05-01T10:00:00","date_gmt":"2022-05-01T10:00:00","guid":{"rendered":"https:\/\/www.confederaciondelcobre.cl\/?p=2449"},"modified":"2022-05-01T04:10:18","modified_gmt":"2022-05-01T04:10:18","slug":"1o-de-mayo-dia-internacional-de-las-y-los-trabajadores","status":"publish","type":"post","link":"https:\/\/www.confederaciondelcobre.cl\/index.php\/2022\/05\/01\/1o-de-mayo-dia-internacional-de-las-y-los-trabajadores\/","title":{"rendered":"1\u00ba de mayo: d\u00eda internacional de las y los trabajadores."},"content":{"rendered":"\n<p>Este 1\u00ba de mayo, d\u00eda en que se conmemora un nuevo D\u00eda Internacional de las y los Trabajadores, fecha en que el movimiento obrero mundial conmemora a los m\u00e1rtires de Chicago (EE.UU) que hace 136 a\u00f1os fueron condenados a muerte por luchar, entre otras reivindicaciones, por una jornada laboral de ocho horas;  la Confederaci\u00f3n de Trabajadores del Cobre (CTC) env\u00eda a todas y todos los trabajadores del pa\u00eds \u2014especialmente a aquellas y aquellos que se desempe\u00f1an en la miner\u00eda del cobre\u2014 su m\u00e1s afectuoso saludo.<\/p>\n\n\n\n<p class=\"has-text-align-left\">Los tiempos que corren sin duda son tiempos dif\u00edciles, pero tambi\u00e9n, dentro de todo el torbellino mundial de crisis econ\u00f3mica y sanitaria, de conflictos internacionales en donde las y los que finalmente siempre pierden son los pueblos; en nuestro pa\u00eds est\u00e1n la esperanza y el proceso de construcci\u00f3n de un nuevo Chile. Un proceso en el que, como toda conquista social en la historia, las y los trabajadores estamos llamados a protagonizar con todos nuestros esfuerzos. <br><br>La elaboraci\u00f3n del nuevo proyecto constitucional ha tenido que sufrir y sortear diversos ataques de parte de los sectores m\u00e1s conservadores y retr\u00f3grados de nuestro pa\u00eds, donde, con la sola intenci\u00f3n de mantener vigente la vieja institucionalidad que ha significado tanta injusticia para el pueblo de Chile y sus naciones, la mentira y anuncios catastr\u00f3ficos se han convertido en la orden del d\u00eda. No obstante, y a pesar de lo anterior, las y los trabajadores organizados sabemos que con este proceso de cambios nada tenemos que perder sino que, por el contrario, hay mucho por ganar. El texto de la nueva constituci\u00f3n va tomando forma y ya no es una hoja en blanco. En \u00e9l, y con el ejercicio de un \u00f3rgano redactor democr\u00e1ticamente elegido como nunca ha habido en la historia de nuestro pa\u00eds, han ido integr\u00e1ndose reivindicaciones y necesidades de los distintos sectores de la sociedad. Aquello, como organizaci\u00f3n nacional de las y los trabajadores contratistas y subcontratistas del cobre de Chile, lo saludamos, valoramos y apoyamos. No obstante consideramos que a\u00fan falta, por ejemplo, ratificar y refrendar la soberan\u00eda de Chile, de su pueblo y sus naciones, sobre sus recursos naturales estrat\u00e9gicos. Nuestra organizaci\u00f3n, en ese sentido, hace un nuevo llamado a la Convenci\u00f3n Constitucional de incluir en la redacci\u00f3n de la nueva carta magna la Renacionalizaci\u00f3n del Cobre y Bienes P\u00fablicos Estrat\u00e9gicos, una medida hist\u00f3rica que sella la propiedad exclusiva, inalienable e imprescriptible de todas las minas por parte del Estado, y que asegurar\u00eda para el pueblo de Chile el uso y goce de las riquezas que hoy, en gran medida, quedan en manos particulares priv\u00e1ndonos de avanzar en v\u00edas a un desarrollo incluso sustentable, respetuoso de los equilibrios ecol\u00f3gicos, y haciendo de este nuestro pa\u00eds un pa\u00eds mas justo y por sobre todo soberano.<br><br>En este proceso de cambios las y los trabajadores nada tenemos que perder sino que, por el contrario, hay mucho por ganar.<br><br>\u00a1Arriba las y los que luchan y no se rinden jam\u00e1s!<\/p>\n\n\n\n<div class=\"wp-block-image\"><figure class=\"aligncenter size-large\"><img loading=\"lazy\" decoding=\"async\" width=\"1024\" height=\"1024\" src=\"https:\/\/www.confederaciondelcobre.cl\/wp-content\/uploads\/2022\/04\/1deMayo-1024x1024.png\" alt=\"\" class=\"wp-image-2451\" srcset=\"https:\/\/www.confederaciondelcobre.cl\/wp-content\/uploads\/2022\/04\/1deMayo-1024x1024.png 1024w, https:\/\/www.confederaciondelcobre.cl\/wp-content\/uploads\/2022\/04\/1deMayo-300x300.png 300w, https:\/\/www.confederaciondelcobre.cl\/wp-content\/uploads\/2022\/04\/1deMayo-150x150.png 150w, https:\/\/www.confederaciondelcobre.cl\/wp-content\/uploads\/2022\/04\/1deMayo-768x768.png 768w, https:\/\/www.confederaciondelcobre.cl\/wp-content\/uploads\/2022\/04\/1deMayo.png 1080w\" sizes=\"auto, (max-width: 1024px) 100vw, 1024px\" \/><\/figure><\/div>\n","protected":false},"excerpt":{"rendered":"<p>Este 1\u00ba de mayo, d\u00eda en que se conmemora un nuevo D\u00eda Internacional de las y los Trabajadores, fecha en que el movimiento obrero mundial conmemora a los m\u00e1rtires de &hellip; <\/p>\n","protected":false},"author":2,"featured_media":2450,"comment_status":"closed","ping_status":"closed","sticky":false,"template":"","format":"standard","meta":{"jetpack_post_was_ever_published":false,"_jetpack_newsletter_access":"","_jetpack_dont_email_post_to_subs":false,"_jetpack_newsletter_tier_id":0,"_jetpack_memberships_contains_paywalled_content":false,"_jetpack_memberships_contains_paid_content":false,"footnotes":"","jetpack_publicize_message":"#1DeMayo: d\u00eda internacional de las y los trabajadores | Unidad, Organizaci\u00f3n y Lucha.","jetpack_publicize_feature_enabled":true,"jetpack_social_post_already_shared":true,"jetpack_social_options":{"image_generator_settings":{"template":"highway","default_image_id":0,"enabled":false},"version":2}},"categories":[9,21,13,15,19],"tags":[],"class_list":["post-2449","post","type-post","status-publish","format-standard","has-post-thumbnail","hentry","category-confederacion","category-federaciones","category-internacional","category-nacional","category-trabajadores"],"jetpack_publicize_connections":[],"jetpack_featured_media_url":"https:\/\/www.confederaciondelcobre.cl\/wp-content\/uploads\/2022\/04\/Port1deMayo.jpg","jetpack_sharing_enabled":true,"post_mailing_queue_ids":[],"_links":{"self":[{"href":"https:\/\/www.confederaciondelcobre.cl\/index.php\/wp-json\/wp\/v2\/posts\/2449","targetHints":{"allow":["GET"]}}],"collection":[{"href":"https:\/\/www.confederaciondelcobre.cl\/index.php\/wp-json\/wp\/v2\/posts"}],"about":[{"href":"https:\/\/www.confederaciondelcobre.cl\/index.php\/wp-json\/wp\/v2\/types\/post"}],"author":[{"embeddable":true,"href":"https:\/\/www.confederaciondelcobre.cl\/index.php\/wp-json\/wp\/v2\/users\/2"}],"replies":[{"embeddable":true,"href":"https:\/\/www.confederaciondelcobre.cl\/index.php\/wp-json\/wp\/v2\/comments?post=2449"}],"version-history":[{"count":3,"href":"https:\/\/www.confederaciondelcobre.cl\/index.php\/wp-json\/wp\/v2\/posts\/2449\/revisions"}],"predecessor-version":[{"id":2454,"href":"https:\/\/www.confederaciondelcobre.cl\/index.php\/wp-json\/wp\/v2\/posts\/2449\/revisions\/2454"}],"wp:featuredmedia":[{"embeddable":true,"href":"https:\/\/www.confederaciondelcobre.cl\/index.php\/wp-json\/wp\/v2\/media\/2450"}],"wp:attachment":[{"href":"https:\/\/www.confederaciondelcobre.cl\/index.php\/wp-json\/wp\/v2\/media?parent=2449"}],"wp:term":[{"taxonomy":"category","embeddable":true,"href":"https:\/\/www.confederaciondelcobre.cl\/index.php\/wp-json\/wp\/v2\/categories?post=2449"},{"taxonomy":"post_tag","embeddable":true,"href":"https:\/\/www.confederaciondelcobre.cl\/index.php\/wp-json\/wp\/v2\/tags?post=2449"}],"curies":[{"name":"wp","href":"https:\/\/api.w.org\/{rel}","templated":true}]}}