{"id":2460,"date":"2022-05-10T04:36:49","date_gmt":"2022-05-10T04:36:49","guid":{"rendered":"https:\/\/www.confederaciondelcobre.cl\/?p=2460"},"modified":"2022-05-10T04:48:28","modified_gmt":"2022-05-10T04:48:28","slug":"comunicadoctc-por-trabajadores-del-petroleo-una-vez-mas-queda-al-descubierto-el-abuso-e-injusticia-del-subcontrato","status":"publish","type":"post","link":"https:\/\/www.confederaciondelcobre.cl\/index.php\/2022\/05\/10\/comunicadoctc-por-trabajadores-del-petroleo-una-vez-mas-queda-al-descubierto-el-abuso-e-injusticia-del-subcontrato\/","title":{"rendered":"#ComunicadoCTC por movilizaci\u00f3n de trabajadores del petr\u00f3leo: una vez m\u00e1s queda al descubierto el abuso e injusticia del subcontrato."},"content":{"rendered":"\n<p class=\"has-text-align-center\"><strong>COMUNICADO<\/strong><\/p>\n\n\n\n<p><br>Hermanados en la discriminaci\u00f3n, y consecuentes con nuestra hist\u00f3rica y permanente lucha por mejorar las condiciones de trabajo de miles y miles de trabajadoras y trabajadores, v\u00edctimas del subcontrato, que no es m\u00e1s que un perverso mecanismo de discriminaci\u00f3n y precarizaci\u00f3n laboral que aspiramos pronto llegue a su fin, la Confederaci\u00f3n de Trabajadores del Cobre (CTC), organizaci\u00f3n nacional que agrupa y organiza a las y los trabajadores subcontratados de la miner\u00eda nacional, comunica a la opini\u00f3n p\u00fablica lo siguiente:<\/p>\n\n\n\n<p><strong>1.- Solidarizamos con las y los compa\u00f1eros subcontratados del petr\u00f3leo<\/strong>, quienes, enfrentados al desprecio por parte de la gerencia de la mandante ENAP, y movilizados hace ya m\u00e1s de una semana en b\u00fasqueda de mejores condiciones laborales, ayer sufrieron la represi\u00f3n de Carabineros en los recintos de la Refiner\u00eda Biob\u00edo, en un operativo ordenado por la Delegaci\u00f3n Presidencial de la misma regi\u00f3n. Lo anterior, denunciamos, va en direcci\u00f3n absolutamente contraria a las voluntades manifestadas por el Presidente Gabriel Boric en relaci\u00f3n a la expansi\u00f3n de derechos y negociaciones colectivas multinivel o ramales.<\/p>\n\n\n\n<p>2.-<strong> La amenaza, la persecuci\u00f3n y represi\u00f3n en contra de trabajadoras y trabajadores, que leg\u00edtimamente se movilizan por mejores condiciones laborales, jam\u00e1s ser\u00e1 el camino<\/strong> para la resoluci\u00f3n de conflictos.<\/p>\n\n\n\n<p>3.- <strong>Una vez m\u00e1s queda al descubierto el abuso e injusticia del subcontrato,<\/strong> un sistema que impide que existan condiciones laborales y remuneraciones justas para un n\u00famero importante de trabajadoras y trabajadores. Del mismo modo quedan demostradas la intransigencia de las empresas contratistas y mandantes, as\u00ed como la contradicci\u00f3n del sistema: <strong>pueden las y los trabajadores (subcontratados y de planta) hacer el mismo trabajo y para el mismo empleador final, pero, una vez m\u00e1s, no son considerados como interlocutores v\u00e1lidos<\/strong>.<\/p>\n\n\n\n<p>Por tales razones, en lo inmediato, y para llegar a una pronta soluci\u00f3n frente a la situaci\u00f3n en que se encuentran las y los trabajadores subcontratados del petr\u00f3leo, <strong>urge avanzar en la instalaci\u00f3n de una mesa de negociaci\u00f3n participativa en la que se involucren trabajadores, la empresa mandante y empresas contratistas<\/strong>.<\/p>\n\n\n\n<p>Finalmente, existe un imperativo de asegurar m\u00ednimos laborales para todas las y los trabajadores, sin exclusi\u00f3n y m\u00e1s all\u00e1 de su lugar en la cadena de subcontrataci\u00f3n, motivo por el que nuestra organizaci\u00f3n estar\u00e1 siempre con la justa demanda de las y los trabajadores subcontratados.<\/p>\n\n\n\n<p class=\"has-text-align-center\"><strong>CONFEDERACI\u00d3N DE TRABAJADORES DEL COBRE<\/strong><\/p>\n\n\n\n<p class=\"has-text-align-right\">Chile, 10 de mayo de 2022.<\/p>\n\n\n\n<figure class=\"wp-block-image size-large\"><img loading=\"lazy\" decoding=\"async\" width=\"665\" height=\"1024\" src=\"https:\/\/www.confederaciondelcobre.cl\/wp-content\/uploads\/2022\/05\/ComCTC_ENAP-10.05.2022-665x1024.png\" alt=\"\" class=\"wp-image-2461\" srcset=\"https:\/\/www.confederaciondelcobre.cl\/wp-content\/uploads\/2022\/05\/ComCTC_ENAP-10.05.2022-665x1024.png 665w, https:\/\/www.confederaciondelcobre.cl\/wp-content\/uploads\/2022\/05\/ComCTC_ENAP-10.05.2022-195x300.png 195w, https:\/\/www.confederaciondelcobre.cl\/wp-content\/uploads\/2022\/05\/ComCTC_ENAP-10.05.2022.png 701w\" sizes=\"auto, (max-width: 665px) 100vw, 665px\" \/><\/figure>\n","protected":false},"excerpt":{"rendered":"<p>COMUNICADO Hermanados en la discriminaci\u00f3n, y consecuentes con nuestra hist\u00f3rica y permanente lucha por mejorar las condiciones de trabajo de miles y miles de trabajadoras y trabajadores, v\u00edctimas del subcontrato, &hellip; <\/p>\n","protected":false},"author":2,"featured_media":2463,"comment_status":"closed","ping_status":"closed","sticky":false,"template":"","format":"standard","meta":{"jetpack_post_was_ever_published":false,"_jetpack_newsletter_access":"","_jetpack_dont_email_post_to_subs":false,"_jetpack_newsletter_tier_id":0,"_jetpack_memberships_contains_paywalled_content":false,"_jetpack_memberships_contains_paid_content":false,"footnotes":"","jetpack_publicize_message":"","jetpack_publicize_feature_enabled":false,"jetpack_social_post_already_shared":true,"jetpack_social_options":{"image_generator_settings":{"template":"highway","default_image_id":0,"enabled":false},"version":2}},"categories":[8,9,21,15,19],"tags":[],"class_list":["post-2460","post","type-post","status-publish","format-standard","has-post-thumbnail","hentry","category-comunicado","category-confederacion","category-federaciones","category-nacional","category-trabajadores"],"jetpack_publicize_connections":[],"jetpack_featured_media_url":"https:\/\/www.confederaciondelcobre.cl\/wp-content\/uploads\/2022\/05\/PortComCTC.jpg","jetpack_sharing_enabled":true,"post_mailing_queue_ids":[],"_links":{"self":[{"href":"https:\/\/www.confederaciondelcobre.cl\/index.php\/wp-json\/wp\/v2\/posts\/2460","targetHints":{"allow":["GET"]}}],"collection":[{"href":"https:\/\/www.confederaciondelcobre.cl\/index.php\/wp-json\/wp\/v2\/posts"}],"about":[{"href":"https:\/\/www.confederaciondelcobre.cl\/index.php\/wp-json\/wp\/v2\/types\/post"}],"author":[{"embeddable":true,"href":"https:\/\/www.confederaciondelcobre.cl\/index.php\/wp-json\/wp\/v2\/users\/2"}],"replies":[{"embeddable":true,"href":"https:\/\/www.confederaciondelcobre.cl\/index.php\/wp-json\/wp\/v2\/comments?post=2460"}],"version-history":[{"count":3,"href":"https:\/\/www.confederaciondelcobre.cl\/index.php\/wp-json\/wp\/v2\/posts\/2460\/revisions"}],"predecessor-version":[{"id":2465,"href":"https:\/\/www.confederaciondelcobre.cl\/index.php\/wp-json\/wp\/v2\/posts\/2460\/revisions\/2465"}],"wp:featuredmedia":[{"embeddable":true,"href":"https:\/\/www.confederaciondelcobre.cl\/index.php\/wp-json\/wp\/v2\/media\/2463"}],"wp:attachment":[{"href":"https:\/\/www.confederaciondelcobre.cl\/index.php\/wp-json\/wp\/v2\/media?parent=2460"}],"wp:term":[{"taxonomy":"category","embeddable":true,"href":"https:\/\/www.confederaciondelcobre.cl\/index.php\/wp-json\/wp\/v2\/categories?post=2460"},{"taxonomy":"post_tag","embeddable":true,"href":"https:\/\/www.confederaciondelcobre.cl\/index.php\/wp-json\/wp\/v2\/tags?post=2460"}],"curies":[{"name":"wp","href":"https:\/\/api.w.org\/{rel}","templated":true}]}}