{"id":2466,"date":"2022-05-16T21:37:57","date_gmt":"2022-05-16T21:37:57","guid":{"rendered":"https:\/\/www.confederaciondelcobre.cl\/?p=2466"},"modified":"2022-05-16T21:37:58","modified_gmt":"2022-05-16T21:37:58","slug":"sindicato-puic-subcontrato-de-fepasa-los-andes-inicia-primer-proceso-de-negociacion-colectiva","status":"publish","type":"post","link":"https:\/\/www.confederaciondelcobre.cl\/index.php\/2022\/05\/16\/sindicato-puic-subcontrato-de-fepasa-los-andes-inicia-primer-proceso-de-negociacion-colectiva\/","title":{"rendered":"Sindicato PUIC, subcontrato de FEPASA Los Andes, inicia primer proceso de negociaci\u00f3n colectiva."},"content":{"rendered":"\n<p>En la b\u00fasqueda del establecimiento de condiciones laborales y remuneracionales que sean de acuerdo al \u00e1rea en que se desempe\u00f1an, el viernes 13 de mayo comenzaron el primer proceso de negociaci\u00f3n colectiva del recientemente constituido Sindicato PUIC, que agrupa a trabajadores de un subcontrato de FEPASA en la divisi\u00f3n Andina de Codelco.<\/p>\n\n\n\n<figure class=\"wp-block-image size-large\"><img loading=\"lazy\" decoding=\"async\" width=\"1024\" height=\"472\" src=\"https:\/\/www.confederaciondelcobre.cl\/wp-content\/uploads\/2022\/05\/WhatsApp-Image-2022-05-13-at-2.51.35-PM-1024x472.jpeg\" alt=\"\" class=\"wp-image-2490\" srcset=\"https:\/\/www.confederaciondelcobre.cl\/wp-content\/uploads\/2022\/05\/WhatsApp-Image-2022-05-13-at-2.51.35-PM-1024x472.jpeg 1024w, https:\/\/www.confederaciondelcobre.cl\/wp-content\/uploads\/2022\/05\/WhatsApp-Image-2022-05-13-at-2.51.35-PM-300x138.jpeg 300w, https:\/\/www.confederaciondelcobre.cl\/wp-content\/uploads\/2022\/05\/WhatsApp-Image-2022-05-13-at-2.51.35-PM-768x354.jpeg 768w, https:\/\/www.confederaciondelcobre.cl\/wp-content\/uploads\/2022\/05\/WhatsApp-Image-2022-05-13-at-2.51.35-PM-1536x708.jpeg 1536w, https:\/\/www.confederaciondelcobre.cl\/wp-content\/uploads\/2022\/05\/WhatsApp-Image-2022-05-13-at-2.51.35-PM.jpeg 1600w\" sizes=\"auto, (max-width: 1024px) 100vw, 1024px\" \/><\/figure>\n\n\n\n<p>Los trabajadores, que se desempe\u00f1an principalmente en la mantenci\u00f3n de la l\u00ednea f\u00e9rrea, que es v\u00eda de transporte de material que va desde el yacimiento hasta el puerto de Ventanas, el viernes 13 de mayo presentaron formalmente su primer proyecto de negociaci\u00f3n colectiva reglada. El inicio de este proceso, que es derecho de los trabajadores por haberse constituido recientemente como Sindicato, y que principalmente busca establecer un est\u00e1ndar colectivo en torno a condiciones laborales y remuneracionales de sus afiliados, est\u00e1 siendo acompa\u00f1ado por la Confederaci\u00f3n de Trabajadores del Cobre (CTC), particularmente por su Director Nacional Encargado de Organizaci\u00f3n, Patricio Roco Bucarey, quien salud\u00f3 la decisi\u00f3n de los trabajadores de formar el primer sindicato, un sindicato que &#8220;estamos apoyando activamente, tanto en sus asambleas como en su proceso de negociaci\u00f3n colectiva reglada, donde adem\u00e1s esperamos llegar a un acuerdo que permita mejorar las condiciones integrales de sus socios&#8221;, a la vez que incentiv\u00f3 la activa participaci\u00f3n de sus miembros en la nueva organizaci\u00f3n, pues s\u00f3lo de esa forma es que puede avanzar y alcanzar m\u00e1s y mejores derechos, tanto en esta primera negociaci\u00f3n como en las que vengan a futuro, finaliz\u00f3.<\/p>\n\n\n\n<p><\/p>\n","protected":false},"excerpt":{"rendered":"<p>En la b\u00fasqueda del establecimiento de condiciones laborales y remuneracionales que sean de acuerdo al \u00e1rea en que se desempe\u00f1an, el viernes 13 de mayo comenzaron el primer proceso de &hellip; <\/p>\n","protected":false},"author":2,"featured_media":2467,"comment_status":"closed","ping_status":"closed","sticky":false,"template":"","format":"standard","meta":{"jetpack_post_was_ever_published":false,"_jetpack_newsletter_access":"","_jetpack_dont_email_post_to_subs":false,"_jetpack_newsletter_tier_id":0,"_jetpack_memberships_contains_paywalled_content":false,"_jetpack_memberships_contains_paid_content":false,"footnotes":"","jetpack_publicize_message":"","jetpack_publicize_feature_enabled":false,"jetpack_social_post_already_shared":true,"jetpack_social_options":{"image_generator_settings":{"template":"highway","default_image_id":0,"enabled":false},"version":2}},"categories":[9,20,17,19],"tags":[],"class_list":["post-2466","post","type-post","status-publish","format-standard","has-post-thumbnail","hentry","category-confederacion","category-negociacion-colectiva","category-regiones","category-trabajadores"],"jetpack_publicize_connections":[],"jetpack_featured_media_url":"https:\/\/www.confederaciondelcobre.cl\/wp-content\/uploads\/2022\/05\/SindPUIC.jpg","jetpack_sharing_enabled":true,"post_mailing_queue_ids":[],"_links":{"self":[{"href":"https:\/\/www.confederaciondelcobre.cl\/index.php\/wp-json\/wp\/v2\/posts\/2466","targetHints":{"allow":["GET"]}}],"collection":[{"href":"https:\/\/www.confederaciondelcobre.cl\/index.php\/wp-json\/wp\/v2\/posts"}],"about":[{"href":"https:\/\/www.confederaciondelcobre.cl\/index.php\/wp-json\/wp\/v2\/types\/post"}],"author":[{"embeddable":true,"href":"https:\/\/www.confederaciondelcobre.cl\/index.php\/wp-json\/wp\/v2\/users\/2"}],"replies":[{"embeddable":true,"href":"https:\/\/www.confederaciondelcobre.cl\/index.php\/wp-json\/wp\/v2\/comments?post=2466"}],"version-history":[{"count":5,"href":"https:\/\/www.confederaciondelcobre.cl\/index.php\/wp-json\/wp\/v2\/posts\/2466\/revisions"}],"predecessor-version":[{"id":2491,"href":"https:\/\/www.confederaciondelcobre.cl\/index.php\/wp-json\/wp\/v2\/posts\/2466\/revisions\/2491"}],"wp:featuredmedia":[{"embeddable":true,"href":"https:\/\/www.confederaciondelcobre.cl\/index.php\/wp-json\/wp\/v2\/media\/2467"}],"wp:attachment":[{"href":"https:\/\/www.confederaciondelcobre.cl\/index.php\/wp-json\/wp\/v2\/media?parent=2466"}],"wp:term":[{"taxonomy":"category","embeddable":true,"href":"https:\/\/www.confederaciondelcobre.cl\/index.php\/wp-json\/wp\/v2\/categories?post=2466"},{"taxonomy":"post_tag","embeddable":true,"href":"https:\/\/www.confederaciondelcobre.cl\/index.php\/wp-json\/wp\/v2\/tags?post=2466"}],"curies":[{"name":"wp","href":"https:\/\/api.w.org\/{rel}","templated":true}]}}