{"id":247,"date":"2019-07-08T21:39:26","date_gmt":"2019-07-08T21:39:26","guid":{"rendered":"http:\/\/www.ctc2018.cl\/?p=247"},"modified":"2020-04-26T23:52:38","modified_gmt":"2020-04-26T23:52:38","slug":"exitosa-negociacion-colectiva-del-sindicato-sodexo-mantoverde","status":"publish","type":"post","link":"https:\/\/www.confederaciondelcobre.cl\/index.php\/2019\/07\/08\/exitosa-negociacion-colectiva-del-sindicato-sodexo-mantoverde\/","title":{"rendered":"Exitosa Negociaci\u00f3n Colectiva del Sindicato Sodexo MantoVerde"},"content":{"rendered":"\n<p>El viernes 05 de julio reci\u00e9n pasado, el&nbsp;Sindicato Sodexo MantoVerde, que agrupa a trabajadores que prestan sus servicios en la Divisi\u00f3n MantoVerde, operaci\u00f3n de la mandante Mantos Copper en la regi\u00f3n de Atacama, finaliz\u00f3 exitosamente su proceso de Negociaci\u00f3n Colectiva Reglada.<\/p>\n\n\n\n<p>No exento de diferencias entre el Sindicato y la Empresa, el proceso de negociaci\u00f3n colectiva se desarroll\u00f3 dentro de los plazos, donde despu\u00e9s de una serie de reuniones sin llegar a un acuerdo, las y los trabajadores, por amplia mayor\u00eda, decidieron votar la huelga. Fue luego, de votada la huelga y durante el per\u00edodo de mediaci\u00f3n obligatoria, que el Sindicato Sodexo MantoVerde y la Empresa llegaron a acuerdo firmando exitosamente el instrumento colectivo.<\/p>\n\n\n\n<ul class=\"wp-block-list\"><li><em>Cabe destacar que el \u00e1nimo de las y los trabajadores, durante todo el proceso, fue siempre positivo, firmes en la convicci\u00f3n de que esta negociaci\u00f3n iba a llegar a buen puerto. Y as\u00ed fu\u00e9, pues se trat\u00f3 de un proyecto colectivo que se elabor\u00f3 desde las y los propios trabajadores sindicalizados.&nbsp;<\/em><\/li><\/ul>\n\n\n\n<p><strong>Dentro de los objetivos principales y logros del Sindicato y sus trabajadores<\/strong>, en este proceso de Negociaci\u00f3n Colectiva, se encuentran&nbsp;<strong>nuevos beneficios sociales y el aumento de los que ya exist\u00edan<\/strong>. Tambi\u00e9n, cabe se\u00f1alar,&nbsp;<strong>lograron un mejoramiento sustancial en las remuneraciones mensuales<\/strong>.<\/p>\n\n\n\n<figure class=\"wp-block-image\"><a href=\"http:\/\/www.confederaciondelcobre.cl\/erbocefnoc\/wp-content\/uploads\/2019\/07\/FirmaNG.jpg\"><img decoding=\"async\" src=\"http:\/\/www.confederaciondelcobre.cl\/erbocefnoc\/wp-content\/uploads\/2019\/07\/FirmaNG.jpg\" alt=\"FirmaNG\" class=\"wp-image-11427\"\/><\/a><\/figure>\n\n\n\n<p><strong>Stephanie Gonz\u00e1lez C., Presidenta del Sindicato Sodexo MantoVerde<\/strong>, quien es adem\u00e1s Presidenta de&nbsp;La Federaci\u00f3n de Trabajadores Contratistas Divisi\u00f3n MantoVerde (FESAMAV) y Directora Nacional de la Confederaci\u00f3n de Trabajadores del Cobre (CTC),&nbsp;<strong>salud\u00f3 a las y los trabajadores por su cohesi\u00f3n y disposici\u00f3n de lucha en torno a la organizaci\u00f3n, indicando que &#8220;es as\u00ed como los trabajadores, hist\u00f3ricamente, han podido avanzar en derechos, beneficios y sobre todo en dignidad&#8221;<\/strong>, se\u00f1alando que&nbsp;<strong>&#8220;las empresas jam\u00e1s han regalado nada a los trabajadores porque, hist\u00f3ricamente,&nbsp;los trabajadores, tienen solo lo que&nbsp;han conseguido como fruto de su organizaci\u00f3n y lucha. Es por eso que, nuevamente, como organizaci\u00f3n, saludamos la disposici\u00f3n que los compa\u00f1eros tuvieron de trabajar en torno a un objetivo com\u00fan, en beneficio de ellos y de todos sus compa\u00f1eros&#8221;<\/strong>, finaliz\u00f3.<\/p>\n","protected":false},"excerpt":{"rendered":"<p>El viernes 05 de julio reci\u00e9n pasado, el&nbsp;Sindicato Sodexo MantoVerde, que agrupa a trabajadores que prestan sus servicios en la Divisi\u00f3n MantoVerde, operaci\u00f3n de la mandante Mantos Copper en la &hellip; <\/p>\n","protected":false},"author":2,"featured_media":249,"comment_status":"open","ping_status":"open","sticky":false,"template":"","format":"standard","meta":{"jetpack_post_was_ever_published":false,"_jetpack_newsletter_access":"","_jetpack_dont_email_post_to_subs":false,"_jetpack_newsletter_tier_id":0,"_jetpack_memberships_contains_paywalled_content":false,"_jetpack_memberships_contains_paid_content":false,"footnotes":"","jetpack_publicize_message":"","jetpack_publicize_feature_enabled":true,"jetpack_social_post_already_shared":false,"jetpack_social_options":{"image_generator_settings":{"template":"highway","default_image_id":0,"enabled":false},"version":2}},"categories":[9,21,25,20],"tags":[],"class_list":["post-247","post","type-post","status-publish","format-standard","has-post-thumbnail","hentry","category-confederacion","category-federaciones","category-fesamav","category-negociacion-colectiva"],"jetpack_publicize_connections":[],"jetpack_featured_media_url":"https:\/\/www.confederaciondelcobre.cl\/wp-content\/uploads\/2019\/07\/EncWeCTC.jpg","jetpack_sharing_enabled":true,"post_mailing_queue_ids":[],"_links":{"self":[{"href":"https:\/\/www.confederaciondelcobre.cl\/index.php\/wp-json\/wp\/v2\/posts\/247","targetHints":{"allow":["GET"]}}],"collection":[{"href":"https:\/\/www.confederaciondelcobre.cl\/index.php\/wp-json\/wp\/v2\/posts"}],"about":[{"href":"https:\/\/www.confederaciondelcobre.cl\/index.php\/wp-json\/wp\/v2\/types\/post"}],"author":[{"embeddable":true,"href":"https:\/\/www.confederaciondelcobre.cl\/index.php\/wp-json\/wp\/v2\/users\/2"}],"replies":[{"embeddable":true,"href":"https:\/\/www.confederaciondelcobre.cl\/index.php\/wp-json\/wp\/v2\/comments?post=247"}],"version-history":[{"count":1,"href":"https:\/\/www.confederaciondelcobre.cl\/index.php\/wp-json\/wp\/v2\/posts\/247\/revisions"}],"predecessor-version":[{"id":248,"href":"https:\/\/www.confederaciondelcobre.cl\/index.php\/wp-json\/wp\/v2\/posts\/247\/revisions\/248"}],"wp:featuredmedia":[{"embeddable":true,"href":"https:\/\/www.confederaciondelcobre.cl\/index.php\/wp-json\/wp\/v2\/media\/249"}],"wp:attachment":[{"href":"https:\/\/www.confederaciondelcobre.cl\/index.php\/wp-json\/wp\/v2\/media?parent=247"}],"wp:term":[{"taxonomy":"category","embeddable":true,"href":"https:\/\/www.confederaciondelcobre.cl\/index.php\/wp-json\/wp\/v2\/categories?post=247"},{"taxonomy":"post_tag","embeddable":true,"href":"https:\/\/www.confederaciondelcobre.cl\/index.php\/wp-json\/wp\/v2\/tags?post=247"}],"curies":[{"name":"wp","href":"https:\/\/api.w.org\/{rel}","templated":true}]}}