{"id":2471,"date":"2022-05-13T23:21:50","date_gmt":"2022-05-13T23:21:50","guid":{"rendered":"https:\/\/www.confederaciondelcobre.cl\/?p=2471"},"modified":"2022-05-13T23:21:51","modified_gmt":"2022-05-13T23:21:51","slug":"urgente-elcobreparachile-carta-abierta-a-las-y-los-convencionales-y-al-pais","status":"publish","type":"post","link":"https:\/\/www.confederaciondelcobre.cl\/index.php\/2022\/05\/13\/urgente-elcobreparachile-carta-abierta-a-las-y-los-convencionales-y-al-pais\/","title":{"rendered":"Urgente #ElCobreParaChile: carta abierta a las y los Convencionales y al pa\u00eds."},"content":{"rendered":"\n<p class=\"has-text-align-center\"><strong>CARTA ABIERTA A LAS Y LOS CONVENCIONALES Y AL PA\u00cdS<\/strong><\/p>\n\n\n\n<p>La Confederaci\u00f3n de Trabajadores del Cobre (CTC), organizaci\u00f3n nacional que agrupa y organiza a las y los trabajadores contratistas y subcontratistas de la miner\u00eda nacional, lo hemos dicho y reiterado: el democr\u00e1tico proceso constituyente, actualmente en curso, es uno de los hitos hist\u00f3ricos m\u00e1s trascendentales en la historia de Chile como Rep\u00fablica, y es por eso que tenemos la convicci\u00f3n de que las decisiones que tome la Convenci\u00f3n Constitucional, sobre todo en esta \u00faltima etapa del proceso, son cruciales para los destinos del pa\u00eds y sus futuras generaciones para las pr\u00f3ximas cuatro o cinco d\u00e9cadas.<\/p>\n\n\n\n<p><strong>Es en esta convicci\u00f3n que hoy, junto <\/strong><strong>a la Confederaci\u00f3n Minera de Chile (CONFEMIN), la Federaci\u00f3n de Trabajadores del Cobre (FTC), la Federaci\u00f3n Minera de Chile (FMC), y la <\/strong><strong>Confederaci\u00f3n de Trabajadores Metal\u00fargicos de la Industria y Servicio (Industrial Chile, CONSTRAMET),<\/strong><strong> <\/strong><strong>hacemos un llamado a las y los Convencionales Constituyentes con un profundo sentido de urgencia, a fin de que tomen en cuenta las siguientes consideraciones:<\/strong><strong><\/strong><\/p>\n\n\n\n<p>1.- <strong>La hist\u00f3rica movilizaci\u00f3n popular comprob\u00f3, sin lugar a dudas, que el sistema econ\u00f3mico y social imperante es inviable, que es insostenible, que est\u00e1 definitiva e irremediablemente colapsado<\/strong>, y que la clase trabajadora, el pueblo en general, no lo puede seguir tolerando y por eso exige profundas transformaciones.<\/p>\n\n\n\n<p>2.- Que en el debate que cursa por estos d\u00edas, sobre c\u00f3mo financiar esas grandes transformaciones, <strong>es de vital importancia el rescate <\/strong><strong>\u2014<\/strong><strong>para el Estado de Chile<\/strong><strong>\u2014<\/strong><strong> <\/strong><strong>de las riquezas naturales que hoy controla el gran empresariado privado, principalmente extranjero, para su propio lucro y beneficio, y que, en ese contexto, rescatar la miner\u00eda, particularmente la Gran Miner\u00eda del Cobre y del Litio, como principales recursos econ\u00f3micos de Chile, resulta ser un imperativo insoslayable<\/strong>.<\/p>\n\n\n\n<p>3.- <strong>Que en ese proceso, el engendro jur\u00eddico dictatorial de la \u201cConcesi\u00f3n Plena\u201d es, hoy por hoy, el principal escollo a eliminar para concretar dicho rescate<\/strong>, y que, por el contrario, el p\u00e1rrafo hist\u00f3rico de la nacionalizaci\u00f3n, todav\u00eda presente en la actual Constituci\u00f3n, es la gran fortaleza para hacerlo realidad, y, por tanto, debe prevalecer.&nbsp;<\/p>\n\n\n\n<p>4.- <strong>Que la demanda de \u201cnacionalizaci\u00f3n\u201d de la miner\u00eda no es otra cosa que el proceso de pasar del dominio, explotaci\u00f3n y comercializaci\u00f3n para beneficio del capital privado, al dominio, explotaci\u00f3n y comercializaci\u00f3n estatal para beneficio del pueblo<\/strong>. Y que en este \u00e1mbito no hablamos del pirquinero ni de la miner\u00eda de bajo impacto econ\u00f3mico \u2014que cumple un rol social y que bien puede seguir desarroll\u00e1ndose bajo el alero estatal de ENAMI\u2014 sino que hablamos de la Gran Miner\u00eda, aquella que realmente puede financiar las grandes transformaciones sociales.<\/p>\n\n\n\n<p>5.- Que entonces, en lo que a miner\u00eda se refiere, <strong>la disyuntiva es clara: la norma ser\u00e1 para beneficio de Chile, o para beneficio del capital privado<\/strong>. Y en este sentido, asumir que <strong>ya no hay tiempo ni espacio para dudas, ni para errores, ni para ambig\u00fcedades<\/strong>.<\/p>\n\n\n\n<p>6.- <strong>Que no es comprensible ni aceptable que Convencionales, elegidos para responder a las expectativas y esperanzas del pueblo, se inclinen, de una u otra manera, por priorizar los intereses del capital privado nacional y transnacional por sobre los intereses de la mayor\u00eda del pueblo chileno<\/strong>.<\/p>\n\n\n\n<p>Como antes dijimos, y hoy lo reiteramos, no ha sido para retroceder que el pueblo ha dejado sangre, ojos y vidas en la calle, sino para avanzar en la historia.<\/p>\n\n\n\n<p class=\"has-text-align-right\">Chile, viernes 13 de mayo de 2022.<\/p>\n\n\n\n<figure class=\"wp-block-image size-large\"><img loading=\"lazy\" decoding=\"async\" width=\"661\" height=\"1024\" src=\"https:\/\/www.confederaciondelcobre.cl\/wp-content\/uploads\/2022\/05\/Carta_CC_13.05.2022-661x1024.png\" alt=\"\" class=\"wp-image-2479\" srcset=\"https:\/\/www.confederaciondelcobre.cl\/wp-content\/uploads\/2022\/05\/Carta_CC_13.05.2022-661x1024.png 661w, https:\/\/www.confederaciondelcobre.cl\/wp-content\/uploads\/2022\/05\/Carta_CC_13.05.2022-194x300.png 194w, https:\/\/www.confederaciondelcobre.cl\/wp-content\/uploads\/2022\/05\/Carta_CC_13.05.2022.png 697w\" sizes=\"auto, (max-width: 661px) 100vw, 661px\" \/><\/figure>\n","protected":false},"excerpt":{"rendered":"<p>CARTA ABIERTA A LAS Y LOS CONVENCIONALES Y AL PA\u00cdS La Confederaci\u00f3n de Trabajadores del Cobre (CTC), organizaci\u00f3n nacional que agrupa y organiza a las y los trabajadores contratistas y &hellip; <\/p>\n","protected":false},"author":2,"featured_media":2478,"comment_status":"closed","ping_status":"closed","sticky":false,"template":"","format":"standard","meta":{"jetpack_post_was_ever_published":false,"_jetpack_newsletter_access":"","_jetpack_dont_email_post_to_subs":false,"_jetpack_newsletter_tier_id":0,"_jetpack_memberships_contains_paywalled_content":false,"_jetpack_memberships_contains_paid_content":false,"footnotes":"","jetpack_publicize_message":"","jetpack_publicize_feature_enabled":false,"jetpack_social_post_already_shared":true,"jetpack_social_options":{"image_generator_settings":{"template":"highway","default_image_id":0,"enabled":false},"version":2}},"categories":[8,9,11,15,19],"tags":[],"class_list":["post-2471","post","type-post","status-publish","format-standard","has-post-thumbnail","hentry","category-comunicado","category-confederacion","category-ctmin","category-nacional","category-trabajadores"],"jetpack_publicize_connections":[],"jetpack_featured_media_url":"https:\/\/www.confederaciondelcobre.cl\/wp-content\/uploads\/2022\/05\/PortCarta_CC.jpg","jetpack_sharing_enabled":true,"post_mailing_queue_ids":[],"_links":{"self":[{"href":"https:\/\/www.confederaciondelcobre.cl\/index.php\/wp-json\/wp\/v2\/posts\/2471","targetHints":{"allow":["GET"]}}],"collection":[{"href":"https:\/\/www.confederaciondelcobre.cl\/index.php\/wp-json\/wp\/v2\/posts"}],"about":[{"href":"https:\/\/www.confederaciondelcobre.cl\/index.php\/wp-json\/wp\/v2\/types\/post"}],"author":[{"embeddable":true,"href":"https:\/\/www.confederaciondelcobre.cl\/index.php\/wp-json\/wp\/v2\/users\/2"}],"replies":[{"embeddable":true,"href":"https:\/\/www.confederaciondelcobre.cl\/index.php\/wp-json\/wp\/v2\/comments?post=2471"}],"version-history":[{"count":5,"href":"https:\/\/www.confederaciondelcobre.cl\/index.php\/wp-json\/wp\/v2\/posts\/2471\/revisions"}],"predecessor-version":[{"id":2481,"href":"https:\/\/www.confederaciondelcobre.cl\/index.php\/wp-json\/wp\/v2\/posts\/2471\/revisions\/2481"}],"wp:featuredmedia":[{"embeddable":true,"href":"https:\/\/www.confederaciondelcobre.cl\/index.php\/wp-json\/wp\/v2\/media\/2478"}],"wp:attachment":[{"href":"https:\/\/www.confederaciondelcobre.cl\/index.php\/wp-json\/wp\/v2\/media?parent=2471"}],"wp:term":[{"taxonomy":"category","embeddable":true,"href":"https:\/\/www.confederaciondelcobre.cl\/index.php\/wp-json\/wp\/v2\/categories?post=2471"},{"taxonomy":"post_tag","embeddable":true,"href":"https:\/\/www.confederaciondelcobre.cl\/index.php\/wp-json\/wp\/v2\/tags?post=2471"}],"curies":[{"name":"wp","href":"https:\/\/api.w.org\/{rel}","templated":true}]}}