{"id":2496,"date":"2022-05-30T22:20:55","date_gmt":"2022-05-30T22:20:55","guid":{"rendered":"https:\/\/www.confederaciondelcobre.cl\/?p=2496"},"modified":"2022-05-30T22:20:57","modified_gmt":"2022-05-30T22:20:57","slug":"calama-fesitram-se-reunio-con-seremi-vocera-de-gobierno-de-la-region-de-antofagasta","status":"publish","type":"post","link":"https:\/\/www.confederaciondelcobre.cl\/index.php\/2022\/05\/30\/calama-fesitram-se-reunio-con-seremi-vocera-de-gobierno-de-la-region-de-antofagasta\/","title":{"rendered":"Calama: FESITRAM se reuni\u00f3 con Seremi Vocera de Gobierno de la Regi\u00f3n de Antofagasta."},"content":{"rendered":"\n<p>La Federaci\u00f3n de Sindicatos de Trabajadores de la Miner\u00eda y Organizaciones afines de la 2\u00aa regi\u00f3n (FESITRAM), que es brazo org\u00e1nico de la Confederaci\u00f3n de Trabajadores del Cobre (CTC), junto a la Central Unitaria de Trabajadores (CUT) El Loa se reunieron con la Seremi Vocera de Gobierno de la Regi\u00f3n de Antofagasta, Elizabeth Bruna.<\/p>\n\n\n\n<p>La cita, que es parte de una serie de encuentros con autoridades de gobierno que las federaciones de la CTC est\u00e1n desarrollando en los distintos territorios, se llev\u00f3 a cabo en horas de la ma\u00f1ana del d\u00eda de hoy en dependencias de la CUT El Loa y en ella se expusieron, principalmente, tres ejes centrales de nuestra organizaci\u00f3n: el fin a todo tipo de discriminaci\u00f3n laboral, el fin a la subcontrataci\u00f3n y la renacionalizaci\u00f3n del cobre. En la oportunidad, adem\u00e1s, los dirigentes de la federaci\u00f3n, encabezados por Juan Galindo y Jos\u00e9 Mardones (Presidente y Encargado de Organizaci\u00f3n, respectivamente, y ambos dirigentes nacionales de la CTC), manifestaron su preocupaci\u00f3n en torno a las medidas sanitarias COVID y su efectivo cumplimiento, a la vez que denunciaron que los ex\u00e1menes para detectar eventuales contagios entre las y los trabajadores se realizan durante los d\u00edas de descanso, imposibilitando as\u00ed un efectivo descanso y acarreando adem\u00e1s cuadros de estr\u00e9s que ponen en peligro la salud y seguridad de las y los trabajadores. Al respecto, para asegurar un efectivo descanso, adem\u00e1s de terminar con la diferencia de trato que a\u00fan persiste respecto de trabajadores de planta y subcontratados, la Seremi de Gobierno se\u00f1al\u00f3 que dichas denuncias las pondr\u00e1 en conocimiento de las Seremias del Trabajo y  Miner\u00eda.<\/p>\n\n\n\n<p>Sobre la necesidad de un mayor acercamiento e intercambio con Codelco en sus distintas divisiones, con el prop\u00f3sito de mantener un seguimiento en torno al cumplimento del vigente Acuerdo Marco entre la CTC y la mandante estatal \u2014un instrumento colectivo que, dicho sea de paso, es de car\u00e1cter nacional y conquistado por las y los trabajadores agrupados y organizados en la CTC\u2014, la Seremi Elizabeth Bruna manifest\u00f3 su compromiso de gestionar la realizaci\u00f3n de mesas de trabajo en la zona, en donde participen la representaci\u00f3n de la CTC y su federaci\u00f3n, las Secretar\u00edas Regionales Ministeriales del Trabajo y Miner\u00eda, como tambi\u00e9n la mandante (Codelco).<\/p>\n\n\n\n<p>Uno m\u00e1s de los temas tratados fue la necesidad de realizar cursos y capacitaciones para trabajadores y dirigentes. Fue all\u00ed donde la Seremi se\u00f1al\u00f3 la iniciativa de generar instancias de capacitaci\u00f3n orientadas a mujeres y l\u00edderes sociales, entre ellos de organizaciones sindicales, adem\u00e1s de cursos gratuitos que buscan la reconversi\u00f3n y\/\u00f3 capacitaci\u00f3n de trabajadoras y trabajadores en torno al manejo de maquinaria y electricidad, entre otros, otorgando certificaci\u00f3n y licencia para desempe\u00f1arse en las distintas \u00e1reas que se ofrecen. Esto, recalc\u00f3 la Seremi, junto con las gestiones comprometidas en relaci\u00f3n a asuntos de salud y seguridad del trabajo, como tambi\u00e9n sobre las mesas de trabajo para avanzar en el seguimiento y cumplimiento del Acuerdo Marco entre la CTC y Codelco, obedece a lo establecido en el programa de gobierno y voluntad manifestada por el propio Presidente Gabriel Boric, por cuanto a la b\u00fasqueda de la ampliaci\u00f3n de derechos colectivos y laborales, como tambi\u00e9n avanzar en las negociaciones multinivel o ramales.<\/p>\n\n\n\n<p>Finalmente, Juan Galindo, Presidente de la FESITRAM, evalu\u00f3 la instancia no solo como una buena se\u00f1al, sino que adem\u00e1s la valor\u00f3 como el inicio de un trabajo que pronto se va a ir materializando entre las autoridades de gobierno y los representantes de las y los trabajadores en la zona.<\/p>\n","protected":false},"excerpt":{"rendered":"<p>La Federaci\u00f3n de Sindicatos de Trabajadores de la Miner\u00eda y Organizaciones afines de la 2\u00aa regi\u00f3n (FESITRAM), que es brazo org\u00e1nico de la Confederaci\u00f3n de Trabajadores del Cobre (CTC), junto &hellip; <\/p>\n","protected":false},"author":2,"featured_media":2508,"comment_status":"closed","ping_status":"closed","sticky":false,"template":"","format":"standard","meta":{"jetpack_post_was_ever_published":false,"_jetpack_newsletter_access":"","_jetpack_dont_email_post_to_subs":false,"_jetpack_newsletter_tier_id":0,"_jetpack_memberships_contains_paywalled_content":false,"_jetpack_memberships_contains_paid_content":false,"footnotes":"","jetpack_publicize_message":"","jetpack_publicize_feature_enabled":false,"jetpack_social_post_already_shared":true,"jetpack_social_options":{"image_generator_settings":{"template":"highway","default_image_id":0,"enabled":false},"version":2}},"categories":[9,21,33,17],"tags":[],"class_list":["post-2496","post","type-post","status-publish","format-standard","has-post-thumbnail","hentry","category-confederacion","category-federaciones","category-fesitram","category-regiones"],"jetpack_publicize_connections":[],"jetpack_featured_media_url":"https:\/\/www.confederaciondelcobre.cl\/wp-content\/uploads\/2022\/05\/Portada.jpg","jetpack_sharing_enabled":true,"post_mailing_queue_ids":[],"_links":{"self":[{"href":"https:\/\/www.confederaciondelcobre.cl\/index.php\/wp-json\/wp\/v2\/posts\/2496","targetHints":{"allow":["GET"]}}],"collection":[{"href":"https:\/\/www.confederaciondelcobre.cl\/index.php\/wp-json\/wp\/v2\/posts"}],"about":[{"href":"https:\/\/www.confederaciondelcobre.cl\/index.php\/wp-json\/wp\/v2\/types\/post"}],"author":[{"embeddable":true,"href":"https:\/\/www.confederaciondelcobre.cl\/index.php\/wp-json\/wp\/v2\/users\/2"}],"replies":[{"embeddable":true,"href":"https:\/\/www.confederaciondelcobre.cl\/index.php\/wp-json\/wp\/v2\/comments?post=2496"}],"version-history":[{"count":10,"href":"https:\/\/www.confederaciondelcobre.cl\/index.php\/wp-json\/wp\/v2\/posts\/2496\/revisions"}],"predecessor-version":[{"id":2507,"href":"https:\/\/www.confederaciondelcobre.cl\/index.php\/wp-json\/wp\/v2\/posts\/2496\/revisions\/2507"}],"wp:featuredmedia":[{"embeddable":true,"href":"https:\/\/www.confederaciondelcobre.cl\/index.php\/wp-json\/wp\/v2\/media\/2508"}],"wp:attachment":[{"href":"https:\/\/www.confederaciondelcobre.cl\/index.php\/wp-json\/wp\/v2\/media?parent=2496"}],"wp:term":[{"taxonomy":"category","embeddable":true,"href":"https:\/\/www.confederaciondelcobre.cl\/index.php\/wp-json\/wp\/v2\/categories?post=2496"},{"taxonomy":"post_tag","embeddable":true,"href":"https:\/\/www.confederaciondelcobre.cl\/index.php\/wp-json\/wp\/v2\/tags?post=2496"}],"curies":[{"name":"wp","href":"https:\/\/api.w.org\/{rel}","templated":true}]}}