{"id":250,"date":"2019-07-13T21:42:35","date_gmt":"2019-07-13T21:42:35","guid":{"rendered":"http:\/\/www.ctc2018.cl\/?p=250"},"modified":"2020-04-26T23:51:43","modified_gmt":"2020-04-26T23:51:43","slug":"fotos-emotiva-conmemoracion-a-48-anos-de-la-nacionalizacion-del-cobre-en-el-salon-de-honor-del-ex-congreso-nacional","status":"publish","type":"post","link":"https:\/\/www.confederaciondelcobre.cl\/index.php\/2019\/07\/13\/fotos-emotiva-conmemoracion-a-48-anos-de-la-nacionalizacion-del-cobre-en-el-salon-de-honor-del-ex-congreso-nacional\/","title":{"rendered":"[FOTOS] Emotiva conmemoraci\u00f3n a 48 a\u00f1os de la nacionalizaci\u00f3n del cobre en el sal\u00f3n de honor del ex congreso nacional"},"content":{"rendered":"\n<p>El d\u00eda de ayer, jueves 11 de julio y en el Sal\u00f3n de honor del ex Congreso Nacional, en la ciudad de Santiago de Chile, se conmemoraron 48 a\u00f1os desde que el Congreso pleno y por unanimidad de todos los sectores representados en el parlamento de la \u00e9poca (1971), aprobaran una modificaci\u00f3n constitucional -iniciativa del gobierno de la Unidad Popular, encabezada por el presidente Salvador Allende G.- que permiti\u00f3 la nacionalizaci\u00f3n de la miner\u00eda; la nacionalizaci\u00f3n del cobre.&nbsp;<\/p>\n\n\n\n<ul class=\"wp-block-list\"><li><em>El evento, convocado por la Confederaci\u00f3n de Trabajadores del Cobre (CTC), comenz\u00f3 alrededor de las 18:30 horas con un sal\u00f3n de honor ocupado por dirigentes y representantes sindicales, pol\u00edticos, culturales, sociales y vecinales, de agrupaciones de derechos humanos y la memoria, estudiantiles, diputados, concejales y miembros del gobierno de la Unidad Popular que tuvieron protagonismo, particularmente, en el proceso que signific\u00f3 la nacionalizaci\u00f3n del cobre, entre otros.<\/em><\/li><\/ul>\n\n\n\n<p>La ceremonia, cargada de emociones, al convertirse en un lugar de encuentro y fraternidad entre los asistentes, cont\u00f3 con bellas presentaciones musicales. La primera actuaci\u00f3n estuvo a cargo del Cuarteto Bront\u00eb, un cuarteto de cuerdas cl\u00e1sicas que nos regal\u00f3 un repertorio de importantes piezas del cancionero popular chileno. Acto seguido se di\u00f3 paso a la presentaci\u00f3n en solitario del hist\u00f3rico cantautor Eduardo Y\u00e1\u00f1ez, para luego, y de manera in\u00e9dita, interpretar junto al Cuarteto Bront\u00e9 la ic\u00f3nica canci\u00f3n &#8220;Nuestro cobre&#8221;, canci\u00f3n que relata la importancia y trascendencia que tuvo en aquellos a\u00f1os (y hasta el d\u00eda de hoy) la nacionalizaci\u00f3n del mineral.&nbsp;<\/p>\n\n\n\n<p>Como especial invitado, a prop\u00f3sito del importante protagonismo que tuvo en el proceso de nacionalizaci\u00f3n del cobre, durante el gobierno de la Unidad Popular, la ceremonia cont\u00f3 con la presencia y&nbsp;<strong>discurso&nbsp;de Jorge Arrate Mac Niven, quien fuera presidente ejecutivo de Codelco de la \u00e9poca<\/strong>. En su intervenci\u00f3n hizo una breve rese\u00f1a sobre como fue gener\u00e1ndose la articulaci\u00f3n social y pol\u00edtica que, primero, llev\u00f3 a la Unidad Popular a ser gobierno y que luego permiti\u00f3 el acuerdo transversal, de todos los sectores pol\u00edticos representados en el parlamento, para&nbsp;nacionalizar la miner\u00eda y, con ella, el cobre. Destac\u00f3 la profunda importancia que tuvo el hecho de nacionalizar la miner\u00eda, pues, para un pueblo y su gobierno, tomar real posesi\u00f3n sobre los recursos que est\u00e1n en la tierra, en el suelo de su pa\u00eds, es un acto de dignidad y soberan\u00eda incuestionables. Tambi\u00e9n, en sus \u00faltimas palabras, hizo un sentido homenaje a quienes, como \u00e9l, fueron fundamentales en aquel proceso, pero que la tragedia del golpe de estado c\u00edvico-militar terminara por arrebatar sus vidas. Dirigentes sindicales y pol\u00edticos, miembros de la administraci\u00f3n de Codelco de la \u00e9poca, sus amigos y compa\u00f1eros, en ese proceso de profundas transformaciones que busc\u00f3, como uno de los hitos m\u00e1s importantes en la historia del pa\u00eds, dar justicia a todo el pueblo de Chile.<\/p>\n\n\n\n<p>Siguiendo con las actuaciones musicales, luego&nbsp;del discurso de Jorge Arrate, fue el turno de Jorge Coul\u00f3n (miembro fundador de Inti-Illimani) que en conjunto con el grupo Imaginaci\u00f3n llenaron de emoci\u00f3n a los asistentes, con canciones que son verdaderos himnos y parte importante de la caracterizaci\u00f3n musical de la \u00e9poca y que hoy, cabe se\u00f1alar, tienen una vigencia fuera de discusi\u00f3n.<\/p>\n\n\n\n<p>Finalizada la presentaci\u00f3n de Jorge Coul\u00f3n junto a Imaginaci\u00f3n; se dio pie al discurso central.&nbsp;<strong>Las palabras de Manuel Ahumada Letelier, presidente de la Confederaci\u00f3n de Trabajadores del Cobre<\/strong>, comenzaron destacando que la ceremonia de conmemoraci\u00f3n se realizaba en el mismo lugar donde hace 48 a\u00f1os se nacionaliz\u00f3 el cobre. Se\u00f1al\u00f3 uno de los argumentos que justificaron su nacionalizaci\u00f3n, argumentos que lamentablemente, y a 48 a\u00f1os, vuelven a tomar relevancia y vigencia. Conocido es, por ejemplo, el hecho de que actualmente el 70% de la miner\u00eda nacional est\u00e1 en manos privadas. Lo anterior, evidentemente, afecta de manera grave la posibilidad de atender y solucionar muchas de las necesidades del pa\u00eds en su conjunto.<\/p>\n\n\n\n<p>Especial hincapi\u00e9 hizo en el hecho de que,&nbsp;<strong>en la actualidad, diversas organizaciones sociales se est\u00e1n agrupando y coordinando en torno a iniciativas encaminadas hacia la celebraci\u00f3n de los 50 a\u00f1os del triunfo de la Unidad Popular, a cumplirse el pr\u00f3ximo a\u00f1o (2020)<\/strong>. Hizo un llamado a coordinarse y colaborar en las distintas iniciativas que se organicen en ese contexto, y que permitan iniciar un camino de reconstrucci\u00f3n pol\u00edtica y social, donde el pueblo consciente y organizado sean los protagonistas. Para finalizar,&nbsp;<strong>invit\u00f3 a todas y todos a ser parte activa de esta iniciativa (hacia los 50 a\u00f1os de la unidad Popular) &#8220;&#8230;y as\u00ed se escuche fuerte, por todo Chile y con m\u00e1s sentido que nunca ese&nbsp;\u00a1Viva Chile, viva el pueblo, vivan los trabajadores!&#8221;<\/strong><\/p>\n\n\n\n<ul class=\"wp-block-list\"><li><strong>A continuaci\u00f3n compartimos, de manera \u00edntegra, el discurso central pronunciado por Manuel Ahumada Letelier, presidente de la Confederaci\u00f3n de Trabajadores del Cobre:<\/strong><\/li><\/ul>\n\n\n\n<p>Hoy, hace 48 a\u00f1os atr\u00e1s, en este mismo edificio, el congreso pleno y de forma un\u00e1nime aprob\u00f3 la reforma constitucional que nacionaliz\u00f3 la miner\u00eda:&nbsp; la nacionalizaci\u00f3n del cobre.<\/p>\n\n\n\n<p>Hace 48 a\u00f1os atr\u00e1s se materializa en este edificio&nbsp;el segundo hito m\u00e1s importante en la historia de nuestro pa\u00eds, despu\u00e9s de la Independencia de chile, reconocido como la independencia econ\u00f3mica de chile, la cual traer\u00eda dignidad y sustentar\u00eda los anhelos del pueblo en la construcci\u00f3n de una sociedad, en donde las riquezas naturales de nuestro pa\u00eds, la fuerza del trabajo y capacidad productora fueran en directo beneficio al desarrollo del pueblo entero.<\/p>\n\n\n\n<p>En aquel entonces el presidente de los trabajadores y del pueblo, Salvador Allende, daba cuenta que la miner\u00eda privada se llevaba en excedentes, en las \u00faltimas d\u00e9cadas, m\u00e1s de 4 mil millones de d\u00f3lares.&nbsp;Hoy, seg\u00fan estudios, entre los a\u00f1os 2005 y 2011, la miner\u00eda privada se llev\u00f3 entre remesas netas de capital, m\u00e1s utilidades despu\u00e9s de impuestos, 63 mil millones de d\u00f3lares en 7 a\u00f1os. O sea, en promedio, alrededor de 9 mil millones de d\u00f3lares por a\u00f1o. Para graficar de mejor forma lo que&nbsp;estoy se\u00f1alando; la miner\u00eda privada nos est\u00e1 quitando la posibilidad de construir m\u00e1s de 50 hospitales por cada a\u00f1o que pasa, a prop\u00f3sito de la lucha de los trabajadores de la salud hoy d\u00eda.&nbsp;<\/p>\n\n\n\n<p>Es por esta realidad que la Confederaci\u00f3n de Trabajadores del Cobre, organizaci\u00f3n que presido y que nace hace 12 a\u00f1os, desde los propios trabajadores y a partir de la necesidad de enfrentar y superar la discriminaci\u00f3n y precarizaci\u00f3n de los trabajadores del cobre a trav\u00e9s del subcontrato, entendemos, asimilamos y establecimos entre nuestros pilares pol\u00edtico-fundacionales y estrat\u00e9gicos la lucha por la renacionalizaci\u00f3n del cobre y nuestros recursos naturales estrat\u00e9gicos y esenciales, como el Litio, el Agua, la energ\u00eda etc., tal como lo hiciera la otrora Confederaci\u00f3n de Trabajadores del Cobre en 1951.<\/p>\n\n\n\n<p>As\u00ed es como vamos dando cuenta, de que los anhelos del pueblo organizado de anta\u00f1o son los mismos anhelos del pueblo organizado de hoy d\u00eda. Vamos dando cuenta que las mismas formas de discriminaci\u00f3n, de sometimiento y de explotaci\u00f3n del pueblo, en beneficio de capitales privados extranjeros y nacionales, son las mismas formas de hoy d\u00eda.&nbsp;<\/p>\n\n\n\n<p>Y tambi\u00e9n sabemos, por historia, que la conquista del pueblo de hace 49 a\u00f1os atr\u00e1s no fue una conquista espont\u00e1nea, sino que fue una conquista con construcci\u00f3n de unidad&nbsp;del pueblo organizado, plasmado en el programa de gobierno de la Unidad Popular y que reflejaba desde los anhelos m\u00e1s inmediatos a la construcci\u00f3n de una sociedad distinta, donde el eje fuese su pueblo donde todos y todo est\u00e9 al servicio de todos y romper con esa sociedad donde el eje es el dinero y el capital, donde todo y todos estamos al servicio de unos pocos. Es por esto que para estos pocos es tan peligroso que el pueblo conozca la historia. Por esta misma raz\u00f3n es que la lucha de los profesores no es solo de los profesores y de los estudiantes. Debe ser una lucha de la sociedad en su conjunto.<\/p>\n\n\n\n<p>As\u00ed es; el inter\u00e9s de esos pocos explica la sociedad que hoy vivimos.&nbsp;Y tal como dec\u00eda Allende; solo el inter\u00e9s y la voluntad insobornable del pueblo organizado lograr\u00e1 cambiar y construir una sociedad distinta. En este sentido hemos querido conmemorar los 48 a\u00f1os de la nacionalizaci\u00f3n del cobre, como Confederaci\u00f3n, en conjunto con organizaciones acad\u00e9micas, art\u00edsticas, estudiantiles, pol\u00edticas, de la memoria, de derechos humanos, sociales y sindicales. No desde el punto de vista melanc\u00f3lico, no desde el punto de vista que la historia es pasado, no desde el punto de vista de la contradicci\u00f3n falsa que se nos pretende instalar entre lo antiguo y lo nuevo, sino que desde la vigente realidad que se nos presenta en el pasado presente y futuro.<\/p>\n\n\n\n<p>Lo queremos conmemorar como propuesta de acci\u00f3n pol\u00edtica y social, desde las organizaciones populares. S\u00ed, los&nbsp;<em>patipelaos<\/em>&#8230;&nbsp;Bueno, los&nbsp;<em>patipelaos<\/em>&nbsp;estamos constituyendo un comit\u00e9 coordinador de iniciativas hacia la celebraci\u00f3n de los 50 a\u00f1os del triunfo de la Unidad Popular, para coordinar y ayudar en distintas iniciativas que se organicen en este contexto, y nos permita iniciar un camino de reconstrucci\u00f3n pol\u00edtico y social con la fuerza de la voluntad inquebrantable del pueblo consciente y organizado.<\/p>\n\n\n\n<p>\u00a1C\u00f3mo no va a ser vigente el sentido de las primeras 40 medidas, por ejemplo!&nbsp; \u00a1C\u00f3mo no va a ser vigente la recuperaci\u00f3n de nuestras riquezas naturales!<\/p>\n\n\n\n<p>Bueno, la tarea que nos estamos proponiendo es que esto lo conozca y lo sepa el chile de hoy, y que genere sentido de vigencia y construcci\u00f3n de futuro desde nuestra historia, desde nuestro presente, desde nuestro pueblo. Por eso es que en este acto los invitamos a todos y todas a ser parte activa de esta iniciativa. Y as\u00ed se escuche fuerte, por todo Chile y con m\u00e1s sentido que nunca ese&nbsp;\u00a1Viva Chile, viva el pueblo, vivan los trabajadores!<\/p>\n\n\n\n<p><em>(Sal\u00f3n de honor ex Congreso Nacional, Santiago de Chile, jueves 11 de julio de 2019)<\/em><\/p>\n\n\n\n<p><strong>A continuaci\u00f3n un \u00e1lbum de fotograf\u00edas de la ceremonia, a 48 a\u00f1os de la nacionalizaci\u00f3n del cobre:<\/strong><\/p>\n\n\n<div class=\"su-image-carousel  su-image-carousel-has-spacing su-image-carousel-crop su-image-carousel-crop-3-2 su-image-carousel-has-outline su-image-carousel-adaptive su-image-carousel-slides-style-default su-image-carousel-controls-style-dark su-image-carousel-align-center\" style=\"\" data-flickity-options='{\"groupCells\":true,\"cellSelector\":\".su-image-carousel-item\",\"adaptiveHeight\":false,\"cellAlign\":\"left\",\"prevNextButtons\":true,\"pageDots\":true,\"autoPlay\":2000,\"imagesLoaded\":true,\"contain\":true,\"selectedAttraction\":0.15,\"friction\":1}' id=\"su_image_carousel_69f146cbadeb0\"><div class=\"su-image-carousel-item\"><div class=\"su-image-carousel-item-content\"><img loading=\"lazy\" decoding=\"async\" width=\"735\" height=\"490\" src=\"https:\/\/www.confederaciondelcobre.cl\/wp-content\/uploads\/2019\/07\/IMG_4279.jpg\" class=\"\" alt=\"\" srcset=\"https:\/\/www.confederaciondelcobre.cl\/wp-content\/uploads\/2019\/07\/IMG_4279.jpg 800w, https:\/\/www.confederaciondelcobre.cl\/wp-content\/uploads\/2019\/07\/IMG_4279-300x200.jpg 300w, https:\/\/www.confederaciondelcobre.cl\/wp-content\/uploads\/2019\/07\/IMG_4279-768x512.jpg 768w\" sizes=\"auto, (max-width: 735px) 100vw, 735px\" \/><\/div><\/div><div class=\"su-image-carousel-item\"><div class=\"su-image-carousel-item-content\"><img loading=\"lazy\" decoding=\"async\" width=\"735\" height=\"490\" src=\"https:\/\/www.confederaciondelcobre.cl\/wp-content\/uploads\/2019\/07\/IMG_4278.jpg\" class=\"\" alt=\"\" srcset=\"https:\/\/www.confederaciondelcobre.cl\/wp-content\/uploads\/2019\/07\/IMG_4278.jpg 800w, https:\/\/www.confederaciondelcobre.cl\/wp-content\/uploads\/2019\/07\/IMG_4278-300x200.jpg 300w, https:\/\/www.confederaciondelcobre.cl\/wp-content\/uploads\/2019\/07\/IMG_4278-768x512.jpg 768w\" sizes=\"auto, (max-width: 735px) 100vw, 735px\" \/><\/div><\/div><div class=\"su-image-carousel-item\"><div class=\"su-image-carousel-item-content\"><img loading=\"lazy\" decoding=\"async\" width=\"735\" height=\"490\" src=\"https:\/\/www.confederaciondelcobre.cl\/wp-content\/uploads\/2019\/07\/IMG_4275.jpg\" class=\"\" alt=\"\" srcset=\"https:\/\/www.confederaciondelcobre.cl\/wp-content\/uploads\/2019\/07\/IMG_4275.jpg 800w, https:\/\/www.confederaciondelcobre.cl\/wp-content\/uploads\/2019\/07\/IMG_4275-300x200.jpg 300w, https:\/\/www.confederaciondelcobre.cl\/wp-content\/uploads\/2019\/07\/IMG_4275-768x512.jpg 768w\" sizes=\"auto, (max-width: 735px) 100vw, 735px\" \/><\/div><\/div><div class=\"su-image-carousel-item\"><div class=\"su-image-carousel-item-content\"><img loading=\"lazy\" decoding=\"async\" width=\"735\" height=\"490\" src=\"https:\/\/www.confederaciondelcobre.cl\/wp-content\/uploads\/2019\/07\/IMG_4244.jpg\" class=\"\" alt=\"\" srcset=\"https:\/\/www.confederaciondelcobre.cl\/wp-content\/uploads\/2019\/07\/IMG_4244.jpg 800w, https:\/\/www.confederaciondelcobre.cl\/wp-content\/uploads\/2019\/07\/IMG_4244-300x200.jpg 300w, https:\/\/www.confederaciondelcobre.cl\/wp-content\/uploads\/2019\/07\/IMG_4244-768x512.jpg 768w\" sizes=\"auto, (max-width: 735px) 100vw, 735px\" \/><\/div><\/div><div class=\"su-image-carousel-item\"><div class=\"su-image-carousel-item-content\"><img loading=\"lazy\" decoding=\"async\" width=\"735\" height=\"490\" src=\"https:\/\/www.confederaciondelcobre.cl\/wp-content\/uploads\/2019\/07\/IMG_4243.jpg\" class=\"\" alt=\"\" srcset=\"https:\/\/www.confederaciondelcobre.cl\/wp-content\/uploads\/2019\/07\/IMG_4243.jpg 800w, https:\/\/www.confederaciondelcobre.cl\/wp-content\/uploads\/2019\/07\/IMG_4243-300x200.jpg 300w, https:\/\/www.confederaciondelcobre.cl\/wp-content\/uploads\/2019\/07\/IMG_4243-768x512.jpg 768w\" sizes=\"auto, (max-width: 735px) 100vw, 735px\" \/><\/div><\/div><div class=\"su-image-carousel-item\"><div class=\"su-image-carousel-item-content\"><img loading=\"lazy\" decoding=\"async\" width=\"735\" height=\"490\" src=\"https:\/\/www.confederaciondelcobre.cl\/wp-content\/uploads\/2019\/07\/IMG_4217.jpg\" class=\"\" alt=\"\" srcset=\"https:\/\/www.confederaciondelcobre.cl\/wp-content\/uploads\/2019\/07\/IMG_4217.jpg 800w, https:\/\/www.confederaciondelcobre.cl\/wp-content\/uploads\/2019\/07\/IMG_4217-300x200.jpg 300w, https:\/\/www.confederaciondelcobre.cl\/wp-content\/uploads\/2019\/07\/IMG_4217-768x512.jpg 768w\" sizes=\"auto, (max-width: 735px) 100vw, 735px\" \/><\/div><\/div><div class=\"su-image-carousel-item\"><div class=\"su-image-carousel-item-content\"><img loading=\"lazy\" decoding=\"async\" width=\"735\" height=\"490\" src=\"https:\/\/www.confederaciondelcobre.cl\/wp-content\/uploads\/2019\/07\/IMG_4209.jpg\" class=\"\" alt=\"\" srcset=\"https:\/\/www.confederaciondelcobre.cl\/wp-content\/uploads\/2019\/07\/IMG_4209.jpg 800w, https:\/\/www.confederaciondelcobre.cl\/wp-content\/uploads\/2019\/07\/IMG_4209-300x200.jpg 300w, https:\/\/www.confederaciondelcobre.cl\/wp-content\/uploads\/2019\/07\/IMG_4209-768x512.jpg 768w\" sizes=\"auto, (max-width: 735px) 100vw, 735px\" \/><\/div><\/div><div class=\"su-image-carousel-item\"><div class=\"su-image-carousel-item-content\"><img loading=\"lazy\" decoding=\"async\" width=\"735\" height=\"490\" src=\"https:\/\/www.confederaciondelcobre.cl\/wp-content\/uploads\/2019\/07\/IMG_4196.jpg\" class=\"\" alt=\"\" srcset=\"https:\/\/www.confederaciondelcobre.cl\/wp-content\/uploads\/2019\/07\/IMG_4196.jpg 800w, https:\/\/www.confederaciondelcobre.cl\/wp-content\/uploads\/2019\/07\/IMG_4196-300x200.jpg 300w, https:\/\/www.confederaciondelcobre.cl\/wp-content\/uploads\/2019\/07\/IMG_4196-768x512.jpg 768w\" sizes=\"auto, (max-width: 735px) 100vw, 735px\" \/><\/div><\/div><div class=\"su-image-carousel-item\"><div class=\"su-image-carousel-item-content\"><img loading=\"lazy\" decoding=\"async\" width=\"735\" height=\"490\" src=\"https:\/\/www.confederaciondelcobre.cl\/wp-content\/uploads\/2019\/07\/IMG_4180.jpg\" class=\"\" alt=\"\" srcset=\"https:\/\/www.confederaciondelcobre.cl\/wp-content\/uploads\/2019\/07\/IMG_4180.jpg 800w, https:\/\/www.confederaciondelcobre.cl\/wp-content\/uploads\/2019\/07\/IMG_4180-300x200.jpg 300w, https:\/\/www.confederaciondelcobre.cl\/wp-content\/uploads\/2019\/07\/IMG_4180-768x512.jpg 768w\" sizes=\"auto, (max-width: 735px) 100vw, 735px\" \/><\/div><\/div><div class=\"su-image-carousel-item\"><div class=\"su-image-carousel-item-content\"><img loading=\"lazy\" decoding=\"async\" width=\"735\" height=\"490\" src=\"https:\/\/www.confederaciondelcobre.cl\/wp-content\/uploads\/2019\/07\/IMG_4169.jpg\" class=\"\" alt=\"\" srcset=\"https:\/\/www.confederaciondelcobre.cl\/wp-content\/uploads\/2019\/07\/IMG_4169.jpg 800w, https:\/\/www.confederaciondelcobre.cl\/wp-content\/uploads\/2019\/07\/IMG_4169-300x200.jpg 300w, https:\/\/www.confederaciondelcobre.cl\/wp-content\/uploads\/2019\/07\/IMG_4169-768x512.jpg 768w\" sizes=\"auto, (max-width: 735px) 100vw, 735px\" \/><\/div><\/div><div class=\"su-image-carousel-item\"><div class=\"su-image-carousel-item-content\"><img loading=\"lazy\" decoding=\"async\" width=\"735\" height=\"490\" src=\"https:\/\/www.confederaciondelcobre.cl\/wp-content\/uploads\/2019\/07\/IMG_4160.jpg\" class=\"\" alt=\"\" srcset=\"https:\/\/www.confederaciondelcobre.cl\/wp-content\/uploads\/2019\/07\/IMG_4160.jpg 800w, https:\/\/www.confederaciondelcobre.cl\/wp-content\/uploads\/2019\/07\/IMG_4160-300x200.jpg 300w, https:\/\/www.confederaciondelcobre.cl\/wp-content\/uploads\/2019\/07\/IMG_4160-768x512.jpg 768w\" sizes=\"auto, (max-width: 735px) 100vw, 735px\" \/><\/div><\/div><div class=\"su-image-carousel-item\"><div class=\"su-image-carousel-item-content\"><img loading=\"lazy\" decoding=\"async\" width=\"735\" height=\"490\" src=\"https:\/\/www.confederaciondelcobre.cl\/wp-content\/uploads\/2019\/07\/IMG_4151.jpg\" class=\"\" alt=\"\" srcset=\"https:\/\/www.confederaciondelcobre.cl\/wp-content\/uploads\/2019\/07\/IMG_4151.jpg 800w, https:\/\/www.confederaciondelcobre.cl\/wp-content\/uploads\/2019\/07\/IMG_4151-300x200.jpg 300w, https:\/\/www.confederaciondelcobre.cl\/wp-content\/uploads\/2019\/07\/IMG_4151-768x512.jpg 768w\" sizes=\"auto, (max-width: 735px) 100vw, 735px\" \/><\/div><\/div><div class=\"su-image-carousel-item\"><div class=\"su-image-carousel-item-content\"><img loading=\"lazy\" decoding=\"async\" width=\"735\" height=\"490\" src=\"https:\/\/www.confederaciondelcobre.cl\/wp-content\/uploads\/2019\/07\/IMG_4150.jpg\" class=\"\" alt=\"\" srcset=\"https:\/\/www.confederaciondelcobre.cl\/wp-content\/uploads\/2019\/07\/IMG_4150.jpg 800w, https:\/\/www.confederaciondelcobre.cl\/wp-content\/uploads\/2019\/07\/IMG_4150-300x200.jpg 300w, https:\/\/www.confederaciondelcobre.cl\/wp-content\/uploads\/2019\/07\/IMG_4150-768x512.jpg 768w\" sizes=\"auto, (max-width: 735px) 100vw, 735px\" \/><\/div><\/div><div class=\"su-image-carousel-item\"><div class=\"su-image-carousel-item-content\"><img loading=\"lazy\" decoding=\"async\" width=\"735\" height=\"490\" src=\"https:\/\/www.confederaciondelcobre.cl\/wp-content\/uploads\/2019\/07\/IMG_4146.jpg\" class=\"\" alt=\"\" srcset=\"https:\/\/www.confederaciondelcobre.cl\/wp-content\/uploads\/2019\/07\/IMG_4146.jpg 800w, https:\/\/www.confederaciondelcobre.cl\/wp-content\/uploads\/2019\/07\/IMG_4146-300x200.jpg 300w, https:\/\/www.confederaciondelcobre.cl\/wp-content\/uploads\/2019\/07\/IMG_4146-768x512.jpg 768w\" sizes=\"auto, (max-width: 735px) 100vw, 735px\" \/><\/div><\/div><div class=\"su-image-carousel-item\"><div class=\"su-image-carousel-item-content\"><img loading=\"lazy\" decoding=\"async\" width=\"735\" height=\"490\" src=\"https:\/\/www.confederaciondelcobre.cl\/wp-content\/uploads\/2019\/07\/IMG_4143.jpg\" class=\"\" alt=\"\" srcset=\"https:\/\/www.confederaciondelcobre.cl\/wp-content\/uploads\/2019\/07\/IMG_4143.jpg 800w, https:\/\/www.confederaciondelcobre.cl\/wp-content\/uploads\/2019\/07\/IMG_4143-300x200.jpg 300w, https:\/\/www.confederaciondelcobre.cl\/wp-content\/uploads\/2019\/07\/IMG_4143-768x512.jpg 768w\" sizes=\"auto, (max-width: 735px) 100vw, 735px\" \/><\/div><\/div><div class=\"su-image-carousel-item\"><div class=\"su-image-carousel-item-content\"><img loading=\"lazy\" decoding=\"async\" width=\"735\" height=\"490\" src=\"https:\/\/www.confederaciondelcobre.cl\/wp-content\/uploads\/2019\/07\/IMG_4140.jpg\" class=\"\" alt=\"\" srcset=\"https:\/\/www.confederaciondelcobre.cl\/wp-content\/uploads\/2019\/07\/IMG_4140.jpg 800w, https:\/\/www.confederaciondelcobre.cl\/wp-content\/uploads\/2019\/07\/IMG_4140-300x200.jpg 300w, https:\/\/www.confederaciondelcobre.cl\/wp-content\/uploads\/2019\/07\/IMG_4140-768x512.jpg 768w\" sizes=\"auto, (max-width: 735px) 100vw, 735px\" \/><\/div><\/div><div class=\"su-image-carousel-item\"><div class=\"su-image-carousel-item-content\"><img loading=\"lazy\" decoding=\"async\" width=\"735\" height=\"490\" src=\"https:\/\/www.confederaciondelcobre.cl\/wp-content\/uploads\/2019\/07\/IMG_4136.jpg\" class=\"\" alt=\"\" srcset=\"https:\/\/www.confederaciondelcobre.cl\/wp-content\/uploads\/2019\/07\/IMG_4136.jpg 800w, https:\/\/www.confederaciondelcobre.cl\/wp-content\/uploads\/2019\/07\/IMG_4136-300x200.jpg 300w, https:\/\/www.confederaciondelcobre.cl\/wp-content\/uploads\/2019\/07\/IMG_4136-768x512.jpg 768w\" sizes=\"auto, (max-width: 735px) 100vw, 735px\" \/><\/div><\/div><div class=\"su-image-carousel-item\"><div class=\"su-image-carousel-item-content\"><img loading=\"lazy\" decoding=\"async\" width=\"735\" height=\"490\" src=\"https:\/\/www.confederaciondelcobre.cl\/wp-content\/uploads\/2019\/07\/IMG_4130.jpg\" class=\"\" alt=\"\" srcset=\"https:\/\/www.confederaciondelcobre.cl\/wp-content\/uploads\/2019\/07\/IMG_4130.jpg 800w, https:\/\/www.confederaciondelcobre.cl\/wp-content\/uploads\/2019\/07\/IMG_4130-300x200.jpg 300w, https:\/\/www.confederaciondelcobre.cl\/wp-content\/uploads\/2019\/07\/IMG_4130-768x512.jpg 768w\" sizes=\"auto, (max-width: 735px) 100vw, 735px\" \/><\/div><\/div><div class=\"su-image-carousel-item\"><div class=\"su-image-carousel-item-content\"><img loading=\"lazy\" decoding=\"async\" width=\"735\" height=\"490\" src=\"https:\/\/www.confederaciondelcobre.cl\/wp-content\/uploads\/2019\/07\/IMG_4129.jpg\" class=\"\" alt=\"\" srcset=\"https:\/\/www.confederaciondelcobre.cl\/wp-content\/uploads\/2019\/07\/IMG_4129.jpg 800w, https:\/\/www.confederaciondelcobre.cl\/wp-content\/uploads\/2019\/07\/IMG_4129-300x200.jpg 300w, https:\/\/www.confederaciondelcobre.cl\/wp-content\/uploads\/2019\/07\/IMG_4129-768x512.jpg 768w\" sizes=\"auto, (max-width: 735px) 100vw, 735px\" \/><\/div><\/div><div class=\"su-image-carousel-item\"><div class=\"su-image-carousel-item-content\"><img loading=\"lazy\" decoding=\"async\" width=\"735\" height=\"490\" src=\"https:\/\/www.confederaciondelcobre.cl\/wp-content\/uploads\/2019\/07\/IMG_4127.jpg\" class=\"\" alt=\"\" srcset=\"https:\/\/www.confederaciondelcobre.cl\/wp-content\/uploads\/2019\/07\/IMG_4127.jpg 800w, https:\/\/www.confederaciondelcobre.cl\/wp-content\/uploads\/2019\/07\/IMG_4127-300x200.jpg 300w, https:\/\/www.confederaciondelcobre.cl\/wp-content\/uploads\/2019\/07\/IMG_4127-768x512.jpg 768w\" sizes=\"auto, (max-width: 735px) 100vw, 735px\" \/><\/div><\/div><div class=\"su-image-carousel-item\"><div class=\"su-image-carousel-item-content\"><img loading=\"lazy\" decoding=\"async\" width=\"735\" height=\"490\" src=\"https:\/\/www.confederaciondelcobre.cl\/wp-content\/uploads\/2019\/07\/IMG_4121.jpg\" class=\"\" alt=\"\" srcset=\"https:\/\/www.confederaciondelcobre.cl\/wp-content\/uploads\/2019\/07\/IMG_4121.jpg 800w, https:\/\/www.confederaciondelcobre.cl\/wp-content\/uploads\/2019\/07\/IMG_4121-300x200.jpg 300w, https:\/\/www.confederaciondelcobre.cl\/wp-content\/uploads\/2019\/07\/IMG_4121-768x512.jpg 768w\" sizes=\"auto, (max-width: 735px) 100vw, 735px\" \/><\/div><\/div><div class=\"su-image-carousel-item\"><div class=\"su-image-carousel-item-content\"><img loading=\"lazy\" decoding=\"async\" width=\"533\" height=\"800\" src=\"https:\/\/www.confederaciondelcobre.cl\/wp-content\/uploads\/2019\/07\/IMG_4117.jpg\" class=\"\" alt=\"\" srcset=\"https:\/\/www.confederaciondelcobre.cl\/wp-content\/uploads\/2019\/07\/IMG_4117.jpg 533w, https:\/\/www.confederaciondelcobre.cl\/wp-content\/uploads\/2019\/07\/IMG_4117-200x300.jpg 200w\" sizes=\"auto, (max-width: 533px) 100vw, 533px\" \/><\/div><\/div><\/div><script id=\"su_image_carousel_69f146cbadeb0_script\">if(window.SUImageCarousel){setTimeout(function() {window.SUImageCarousel.initGallery(document.getElementById(\"su_image_carousel_69f146cbadeb0\"))}, 0);}var su_image_carousel_69f146cbadeb0_script=document.getElementById(\"su_image_carousel_69f146cbadeb0_script\");if(su_image_carousel_69f146cbadeb0_script){su_image_carousel_69f146cbadeb0_script.parentNode.removeChild(su_image_carousel_69f146cbadeb0_script);}<\/script>\n","protected":false},"excerpt":{"rendered":"<p>El d\u00eda de ayer, jueves 11 de julio y en el Sal\u00f3n de honor del ex Congreso Nacional, en la ciudad de Santiago de Chile, se conmemoraron 48 a\u00f1os desde &hellip; <\/p>\n","protected":false},"author":2,"featured_media":252,"comment_status":"open","ping_status":"open","sticky":false,"template":"","format":"standard","meta":{"jetpack_post_was_ever_published":false,"_jetpack_newsletter_access":"","_jetpack_dont_email_post_to_subs":false,"_jetpack_newsletter_tier_id":0,"_jetpack_memberships_contains_paywalled_content":false,"_jetpack_memberships_contains_paid_content":false,"footnotes":"","jetpack_publicize_message":"","jetpack_publicize_feature_enabled":true,"jetpack_social_post_already_shared":false,"jetpack_social_options":{"image_generator_settings":{"template":"highway","default_image_id":0,"enabled":false},"version":2}},"categories":[9,21,15,19],"tags":[],"class_list":["post-250","post","type-post","status-publish","format-standard","has-post-thumbnail","hentry","category-confederacion","category-federaciones","category-nacional","category-trabajadores"],"jetpack_publicize_connections":[],"jetpack_featured_media_url":"https:\/\/www.confederaciondelcobre.cl\/wp-content\/uploads\/2019\/07\/EncWebCTC-1.jpg","jetpack_sharing_enabled":true,"post_mailing_queue_ids":[],"_links":{"self":[{"href":"https:\/\/www.confederaciondelcobre.cl\/index.php\/wp-json\/wp\/v2\/posts\/250","targetHints":{"allow":["GET"]}}],"collection":[{"href":"https:\/\/www.confederaciondelcobre.cl\/index.php\/wp-json\/wp\/v2\/posts"}],"about":[{"href":"https:\/\/www.confederaciondelcobre.cl\/index.php\/wp-json\/wp\/v2\/types\/post"}],"author":[{"embeddable":true,"href":"https:\/\/www.confederaciondelcobre.cl\/index.php\/wp-json\/wp\/v2\/users\/2"}],"replies":[{"embeddable":true,"href":"https:\/\/www.confederaciondelcobre.cl\/index.php\/wp-json\/wp\/v2\/comments?post=250"}],"version-history":[{"count":8,"href":"https:\/\/www.confederaciondelcobre.cl\/index.php\/wp-json\/wp\/v2\/posts\/250\/revisions"}],"predecessor-version":[{"id":517,"href":"https:\/\/www.confederaciondelcobre.cl\/index.php\/wp-json\/wp\/v2\/posts\/250\/revisions\/517"}],"wp:featuredmedia":[{"embeddable":true,"href":"https:\/\/www.confederaciondelcobre.cl\/index.php\/wp-json\/wp\/v2\/media\/252"}],"wp:attachment":[{"href":"https:\/\/www.confederaciondelcobre.cl\/index.php\/wp-json\/wp\/v2\/media?parent=250"}],"wp:term":[{"taxonomy":"category","embeddable":true,"href":"https:\/\/www.confederaciondelcobre.cl\/index.php\/wp-json\/wp\/v2\/categories?post=250"},{"taxonomy":"post_tag","embeddable":true,"href":"https:\/\/www.confederaciondelcobre.cl\/index.php\/wp-json\/wp\/v2\/tags?post=250"}],"curies":[{"name":"wp","href":"https:\/\/api.w.org\/{rel}","templated":true}]}}