{"id":2534,"date":"2022-06-05T13:00:00","date_gmt":"2022-06-05T13:00:00","guid":{"rendered":"https:\/\/www.confederaciondelcobre.cl\/?p=2534"},"modified":"2022-06-04T20:16:51","modified_gmt":"2022-06-04T20:16:51","slug":"video-lacoruna-a-97-anos-de-una-masacre-obrera","status":"publish","type":"post","link":"https:\/\/www.confederaciondelcobre.cl\/index.php\/2022\/06\/05\/video-lacoruna-a-97-anos-de-una-masacre-obrera\/","title":{"rendered":"[Video] #LaCoru\u00f1a: a 97 a\u00f1os de una masacre obrera."},"content":{"rendered":"\n<p>Un d\u00eda como hoy, pero de 1925, ocurri\u00f3 una de las masacres m\u00e1s sangrientas sufridas por el movimiento obrero chileno. Fue durante el gobierno de Arturo Alessandri Palma cuando trabajadores de la pampa del Tamarugal (regi\u00f3n de Tarapac\u00e1, Chile) desarrollaron una huelga general en la que exig\u00edan mejores condiciones laborales y econ\u00f3micas, adem\u00e1s de la estatizaci\u00f3n de la industria del salitre, que se encontraba en manos extranjeras. La huelga, que parti\u00f3 con movilizaciones locales en las distintas oficinas salitreras de la zona, r\u00e1pidamente se extendi\u00f3 y convirti\u00f3 en un paro general del sector, un paro al que el gobierno de la \u00e9poca \u2014como otros gobiernos, antes y despu\u00e9s en la historia de nuestro pa\u00eds\u2014 respondi\u00f3 con estado de sitio, militares y el asesinato de miles de trabajadores y sus familias.<\/p>\n\n\n\n<p>Hoy conmemoramos este triste acontecimiento, pero tambi\u00e9n, como debe ser, reivindicamos a las v\u00edctimas y su lucha por mejores condiciones laborales y de vida. Trabajadoras y trabajadores que, como tantos a lo largo de la historia, incluyendo estos d\u00edas, lucharon por su digndad.<\/p>\n\n\n\n<figure class=\"wp-block-embed\"><div class=\"wp-block-embed__wrapper\">\n<div class=\"jetpack-video-wrapper\"><iframe loading=\"lazy\" title=\"#LaCoru\u00f1a\" width=\"735\" height=\"413\" src=\"https:\/\/www.youtube.com\/embed\/3j7-MrdPmLQ?feature=oembed\" frameborder=\"0\" allow=\"accelerometer; autoplay; clipboard-write; encrypted-media; gyroscope; picture-in-picture\" allowfullscreen><\/iframe><\/div>\n<\/div><\/figure>\n\n\n\n<p>El 2025 se van a cumplir 100 a\u00f1os de la masacre de La Coru\u00f1a, y en ese marco es que a continuaci\u00f3n dejamos un fragmento en video del proyecto desarrollado en 2021 por la Federaci\u00f3n Minera del Norte #FEMINORT, que es brazo org\u00e1nico de la Confederaci\u00f3n de Trabajadores del Cobre #CTC en la regi\u00f3n de Tarapac\u00e1, cuyo objetivo se centra en aportar a la recuperaci\u00f3n de la memoria hist\u00f3rica de las y los trabajadores de la miner\u00eda, para promover la identidad obrera y regional, adem\u00e1s de fomentar una cultura de respeto y promoci\u00f3n de los derechos humanos y laborales.<\/p>\n\n\n\n<p>En el video<\/p>\n\n\n\n<p>&#8211; Manuel Ahumada Letelier, Expresidente de la CTC;<\/p>\n\n\n\n<p>&#8211; Francisco Cabezas Cort\u00e9s, Presidente de la FEMINORT, Vicepresidente de la Central Unitaria de Trabajadores (CUT) de Iquique, y Director Nacional Encargado Jur\u00eddico de la CTC.<\/p>\n\n\n\n<p>&#8211; Karelia Cerda, Historiadora.<\/p>\n\n\n\n<p>Puedes revisar todo el material audiovisual, en torno a la realizaci\u00f3n de dicho proyecto, en el canal de Youtube dispuesto para ello por la propia FEMINORT <a href=\"https:\/\/www.youtube.com\/channel\/UCniiXJJ0tzIYb1zwhbXGHMQ\" target=\"_blank\" rel=\"noreferrer noopener\">haciendo click aqu\u00ed.<\/a><\/p>\n","protected":false},"excerpt":{"rendered":"<p>Un d\u00eda como hoy, pero de 1925, ocurri\u00f3 una de las masacres m\u00e1s sangrientas sufridas por el movimiento obrero chileno. Fue durante el gobierno de Arturo Alessandri Palma cuando trabajadores &hellip; <\/p>\n","protected":false},"author":2,"featured_media":2535,"comment_status":"closed","ping_status":"closed","sticky":false,"template":"","format":"standard","meta":{"jetpack_post_was_ever_published":false,"_jetpack_newsletter_access":"","_jetpack_dont_email_post_to_subs":false,"_jetpack_newsletter_tier_id":0,"_jetpack_memberships_contains_paywalled_content":false,"_jetpack_memberships_contains_paid_content":false,"footnotes":"","jetpack_publicize_message":"[Video] #LaCoru\u00f1a: a 97 a\u00f1os de una masacre obrera.","jetpack_publicize_feature_enabled":true,"jetpack_social_post_already_shared":true,"jetpack_social_options":{"image_generator_settings":{"template":"highway","default_image_id":0,"enabled":false},"version":2}},"categories":[9,21,22,15,17,19],"tags":[],"class_list":["post-2534","post","type-post","status-publish","format-standard","has-post-thumbnail","hentry","category-confederacion","category-federaciones","category-feminort","category-nacional","category-regiones","category-trabajadores"],"jetpack_publicize_connections":[],"jetpack_featured_media_url":"https:\/\/www.confederaciondelcobre.cl\/wp-content\/uploads\/2022\/06\/PortLaCorun\u0303a.jpg","jetpack_sharing_enabled":true,"post_mailing_queue_ids":[],"_links":{"self":[{"href":"https:\/\/www.confederaciondelcobre.cl\/index.php\/wp-json\/wp\/v2\/posts\/2534","targetHints":{"allow":["GET"]}}],"collection":[{"href":"https:\/\/www.confederaciondelcobre.cl\/index.php\/wp-json\/wp\/v2\/posts"}],"about":[{"href":"https:\/\/www.confederaciondelcobre.cl\/index.php\/wp-json\/wp\/v2\/types\/post"}],"author":[{"embeddable":true,"href":"https:\/\/www.confederaciondelcobre.cl\/index.php\/wp-json\/wp\/v2\/users\/2"}],"replies":[{"embeddable":true,"href":"https:\/\/www.confederaciondelcobre.cl\/index.php\/wp-json\/wp\/v2\/comments?post=2534"}],"version-history":[{"count":3,"href":"https:\/\/www.confederaciondelcobre.cl\/index.php\/wp-json\/wp\/v2\/posts\/2534\/revisions"}],"predecessor-version":[{"id":2538,"href":"https:\/\/www.confederaciondelcobre.cl\/index.php\/wp-json\/wp\/v2\/posts\/2534\/revisions\/2538"}],"wp:featuredmedia":[{"embeddable":true,"href":"https:\/\/www.confederaciondelcobre.cl\/index.php\/wp-json\/wp\/v2\/media\/2535"}],"wp:attachment":[{"href":"https:\/\/www.confederaciondelcobre.cl\/index.php\/wp-json\/wp\/v2\/media?parent=2534"}],"wp:term":[{"taxonomy":"category","embeddable":true,"href":"https:\/\/www.confederaciondelcobre.cl\/index.php\/wp-json\/wp\/v2\/categories?post=2534"},{"taxonomy":"post_tag","embeddable":true,"href":"https:\/\/www.confederaciondelcobre.cl\/index.php\/wp-json\/wp\/v2\/tags?post=2534"}],"curies":[{"name":"wp","href":"https:\/\/api.w.org\/{rel}","templated":true}]}}