{"id":2565,"date":"2022-06-10T12:30:27","date_gmt":"2022-06-10T16:30:27","guid":{"rendered":"https:\/\/www.confederaciondelcobre.cl\/?p=2565"},"modified":"2022-06-10T12:30:29","modified_gmt":"2022-06-10T16:30:29","slug":"nuevas-fechas-acuerdomarco-ctc-codelco-resultados-preliminares-y-apelaciones-becas-de-educacion-superior-proceso-2022","status":"publish","type":"post","link":"https:\/\/www.confederaciondelcobre.cl\/index.php\/2022\/06\/10\/nuevas-fechas-acuerdomarco-ctc-codelco-resultados-preliminares-y-apelaciones-becas-de-educacion-superior-proceso-2022\/","title":{"rendered":"[NUEVAS FECHAS] #AcuerdoMarco CTC-Codelco: resultados preliminares y apelaciones Becas de Educaci\u00f3n Superior, proceso 2022."},"content":{"rendered":"\n<p>Compa\u00f1eras y Compa\u00f1eros, luego de una modificaci\u00f3n parcial de fechas, comunicamos que&nbsp;a partir de&nbsp;<strong>hoy viernes 10 de junio ya est\u00e1n disponibles los resultados preliminares de sus postulaciones a las Becas de Excelencia Acad\u00e9mica de Educaci\u00f3n Superior, para este a\u00f1o 2022, que corresponden al vigente Acuerdo Marco entre la Confederaci\u00f3n de Trabajadores del Cobre (CTC), Agema y Codelco.<\/strong><\/p>\n\n\n\n<ul class=\"wp-block-list\"><li>Las becas, conquistadas gracias al Acuerdo Marco firmado entre la Confederaci\u00f3n de Trabajadores del Cobre (CTC), Agema y Codelco,&nbsp;<strong>establecen para este a\u00f1o una cantidad de 2.800 cupos&nbsp;<\/strong>por un total de $857.000 brutos por cada beneficiario y est\u00e1n destinadas a&nbsp;<strong>las y los hijos, c\u00f3nyuges o convivientes&nbsp;<\/strong>\u2014<strong>independiente de su orientaci\u00f3n sexual<\/strong>\u2014<strong>&nbsp;de las y los trabajadores contratistas y subcontratistas, o a las y los propios compa\u00f1eros que prestan sus servicios de manera permanente, continua y exclusiva a las Empresas Contratistas, en los recintos industriales o establecimientos productivos, o administrativos de las Divisiones productivas y Casa Matriz de Codelco Chile, por un per\u00edodo m\u00ednimo de un mes calendario.<\/strong><\/li><\/ul>\n\n\n\n<p><strong>IMPORTANTE:<\/strong>&nbsp;cabe se\u00f1alar que, junto con los resultados preliminares,&nbsp;<strong>tambi\u00e9n inici\u00f3 a partir de hoy mismo (viernes 10 de junio) el per\u00edodo de apelaci\u00f3n cuyo plazo ser\u00e1 hasta el viernes 24 de junio.&nbsp;<\/strong>Es durante este plazo de apelaci\u00f3n que las y los compa\u00f1eros que hicieron sus postulaciones, y que hayan recibido observaciones por la falta de requisitos, podr\u00e1n corregir o ingresar los antecedentes faltantes.<strong>&nbsp;Este proceso, como es habitual, podr\u00e1 hacerse ingresando desde un computador al sitio de la OTIC de la C\u00e1mara Chilena de la Construcci\u00f3n&nbsp;<a rel=\"noreferrer noopener\" href=\"https:\/\/www.oticdelaconstruccion.cl\/fondos2022\/portada.php\" target=\"_blank\">(HACIENDO CLICK AQU\u00cd)<\/a>&nbsp;y seleccionar la opci\u00f3n \u201cBecas de Educaci\u00f3n Superior\u201d. Una vez all\u00ed, en el bot\u00f3n \u201cingresar\u201d, el trabajador o trabajadora debe ingresar su RUT, para ver los resultados preliminares y\/\u00f3 apelar a los mismos.<\/strong><\/p>\n\n\n\n<p><strong>NOTA:<\/strong>&nbsp;mayores antecedentes respecto de bases o requisitos, tambi\u00e9n se encuentran en el mismo sitio se\u00f1alado (secci\u00f3n Becas de Educaci\u00f3n Superior).<\/p>\n\n\n\n<p><strong>Las y los trabajadores agrupados y organizados en la Confederaci\u00f3n de Trabajadores del Cobre, a partir de la conquista y firma del Acuerdo Marco con Codelco Chile, han logrado una serie de derechos y beneficios, entre ellos el acceso a Becas de Educaci\u00f3n Superior, por lo que reiteramos el llamado a revisar los resultados preliminares de sus postulaciones y difundir este proceso entre sus compa\u00f1eras y compa\u00f1eros.<\/strong><\/p>\n\n\n\n<p>Dejamos a continuaci\u00f3n calendario actualizado del proceso.<\/p>\n\n\n\n<figure class=\"wp-block-image size-large\"><img loading=\"lazy\" decoding=\"async\" width=\"793\" height=\"1024\" src=\"https:\/\/www.confederaciondelcobre.cl\/wp-content\/uploads\/2022\/06\/Calrndario-Becas-AmCTCCodelco-2022-793x1024.png\" alt=\"\" class=\"wp-image-2562\" srcset=\"https:\/\/www.confederaciondelcobre.cl\/wp-content\/uploads\/2022\/06\/Calrndario-Becas-AmCTCCodelco-2022-793x1024.png 793w, https:\/\/www.confederaciondelcobre.cl\/wp-content\/uploads\/2022\/06\/Calrndario-Becas-AmCTCCodelco-2022-232x300.png 232w, https:\/\/www.confederaciondelcobre.cl\/wp-content\/uploads\/2022\/06\/Calrndario-Becas-AmCTCCodelco-2022-768x992.png 768w, https:\/\/www.confederaciondelcobre.cl\/wp-content\/uploads\/2022\/06\/Calrndario-Becas-AmCTCCodelco-2022.png 836w\" sizes=\"auto, (max-width: 793px) 100vw, 793px\" \/><\/figure>\n","protected":false},"excerpt":{"rendered":"<p>Compa\u00f1eras y Compa\u00f1eros, luego de una modificaci\u00f3n parcial de fechas, comunicamos que&nbsp;a partir de&nbsp;hoy viernes 10 de junio ya est\u00e1n disponibles los resultados preliminares de sus postulaciones a las Becas &hellip; <\/p>\n","protected":false},"author":2,"featured_media":2561,"comment_status":"closed","ping_status":"closed","sticky":false,"template":"","format":"standard","meta":{"jetpack_post_was_ever_published":false,"_jetpack_newsletter_access":"","_jetpack_dont_email_post_to_subs":false,"_jetpack_newsletter_tier_id":0,"_jetpack_memberships_contains_paywalled_content":false,"_jetpack_memberships_contains_paid_content":false,"footnotes":"","jetpack_publicize_message":"","jetpack_publicize_feature_enabled":true,"jetpack_social_post_already_shared":true,"jetpack_social_options":{"image_generator_settings":{"template":"highway","default_image_id":0,"enabled":false},"version":2}},"categories":[5,23,9,21,15,19],"tags":[],"class_list":["post-2565","post","type-post","status-publish","format-standard","has-post-thumbnail","hentry","category-acuerdo-marco","category-acuerdo-marco-codelco","category-confederacion","category-federaciones","category-nacional","category-trabajadores"],"jetpack_publicize_connections":[],"jetpack_featured_media_url":"https:\/\/www.confederaciondelcobre.cl\/wp-content\/uploads\/2022\/06\/PortBecas-AMCTCCodelco-2022.jpg","jetpack_sharing_enabled":true,"post_mailing_queue_ids":[],"_links":{"self":[{"href":"https:\/\/www.confederaciondelcobre.cl\/index.php\/wp-json\/wp\/v2\/posts\/2565","targetHints":{"allow":["GET"]}}],"collection":[{"href":"https:\/\/www.confederaciondelcobre.cl\/index.php\/wp-json\/wp\/v2\/posts"}],"about":[{"href":"https:\/\/www.confederaciondelcobre.cl\/index.php\/wp-json\/wp\/v2\/types\/post"}],"author":[{"embeddable":true,"href":"https:\/\/www.confederaciondelcobre.cl\/index.php\/wp-json\/wp\/v2\/users\/2"}],"replies":[{"embeddable":true,"href":"https:\/\/www.confederaciondelcobre.cl\/index.php\/wp-json\/wp\/v2\/comments?post=2565"}],"version-history":[{"count":1,"href":"https:\/\/www.confederaciondelcobre.cl\/index.php\/wp-json\/wp\/v2\/posts\/2565\/revisions"}],"predecessor-version":[{"id":2566,"href":"https:\/\/www.confederaciondelcobre.cl\/index.php\/wp-json\/wp\/v2\/posts\/2565\/revisions\/2566"}],"wp:featuredmedia":[{"embeddable":true,"href":"https:\/\/www.confederaciondelcobre.cl\/index.php\/wp-json\/wp\/v2\/media\/2561"}],"wp:attachment":[{"href":"https:\/\/www.confederaciondelcobre.cl\/index.php\/wp-json\/wp\/v2\/media?parent=2565"}],"wp:term":[{"taxonomy":"category","embeddable":true,"href":"https:\/\/www.confederaciondelcobre.cl\/index.php\/wp-json\/wp\/v2\/categories?post=2565"},{"taxonomy":"post_tag","embeddable":true,"href":"https:\/\/www.confederaciondelcobre.cl\/index.php\/wp-json\/wp\/v2\/tags?post=2565"}],"curies":[{"name":"wp","href":"https:\/\/api.w.org\/{rel}","templated":true}]}}