{"id":2568,"date":"2022-06-13T12:08:09","date_gmt":"2022-06-13T16:08:09","guid":{"rendered":"https:\/\/www.confederaciondelcobre.cl\/?p=2568"},"modified":"2022-06-13T12:17:49","modified_gmt":"2022-06-13T16:17:49","slug":"campana-juntas-y-organizadas-somos-mas-fuertes-vicepresidencia-de-la-mujer-cut","status":"publish","type":"post","link":"https:\/\/www.confederaciondelcobre.cl\/index.php\/2022\/06\/13\/campana-juntas-y-organizadas-somos-mas-fuertes-vicepresidencia-de-la-mujer-cut\/","title":{"rendered":"[Campa\u00f1a] Juntas y organizadas somos m\u00e1s fuerte &#8211; Vicepresidencia de la mujer CUT."},"content":{"rendered":"\n<p>Realizada gracias al patrocinio del sistema de Naciones Unidas en Chile, la campa\u00f1a \u201cDerechos Laborales con Equidad de G\u00e9nero: juntas y organizadas somos m\u00e1s fuerte&#8221; es una iniciativa impulsada por la Vicepresidencia de la Mujer y Equidad de G\u00e9nero de la Central Unitaria de Trabajadores (CUT-Chile).<\/p>\n\n\n\n<p>Este proyecto, que consiste en una serie de c\u00e1psulas educativas sobre derechos laborales, que abordan las barreras m\u00e1s frecuentes para la incorporaci\u00f3n de la mujer al mundo del trabajo remunerado, espera contribuir a la recuperaci\u00f3n del empleo femenino en el contexto de la importante ca\u00edda en la tasa de participaci\u00f3n laboral de las mujeres durante la pandemia del Covid-19. Estas cifras dan cuenta del aumento de la feminizaci\u00f3n de la pobreza que afecta de manera dram\u00e1tica a muchas familias, sobre todo a jefas de hogares monoparentales, adultas mayores, mujeres rurales, con discapacidades f\u00edsicas o neuro disidencias que deben hacer frente a este fen\u00f3meno.<\/p>\n\n\n\n<p>Es as\u00ed como la difusi\u00f3n de este material es un aporte a la informaci\u00f3n y empoderamiento de las mujeres trabajadoras, donde en los temas abordados se encuentran, por ejemplo, la importancia de los sindicatos, el acoso laboral y sexual, la corresponsabilidad, el teletrabajo y el equilibrio entre la vida familiar y laboral. Lo anterior, todos \u00e1mbitos trascendentales para el mundo laboral en nuestros d\u00edas.<\/p>\n\n\n\n<p>Dejamos, entonces, a continuaci\u00f3n una serie de c\u00e1psulas audiovisuales elaboradas por la Vicepresidencia de la Mujer y Equidad de G\u00e9nero de la Central Unitaria de Trabajadores (CUT-Chile).<\/p>\n\n\n\n<figure class=\"wp-block-embed aligncenter is-type-video is-provider-youtube wp-block-embed-youtube wp-embed-aspect-16-9 wp-has-aspect-ratio\"><div class=\"wp-block-embed__wrapper\">\n<div class=\"jetpack-video-wrapper\"><iframe loading=\"lazy\" title=\"C\u00e1psula 1: &quot;DERECHOS LABORALES CON EQUIDAD DE G\u00c9NERO, JUNTAS Y ORGANIZADAS SOMOS MAS FUERTES&quot;\" width=\"735\" height=\"413\" src=\"https:\/\/www.youtube.com\/embed\/WWhUsh2rgbU?feature=oembed\" frameborder=\"0\" allow=\"accelerometer; autoplay; clipboard-write; encrypted-media; gyroscope; picture-in-picture\" allowfullscreen><\/iframe><\/div>\n<\/div><figcaption>\u201cQu\u00e9 es un sindicato y para qu\u00e9 sirve\u201d transmite la importancia de los sindicatos para la construcci\u00f3n de una sociedad m\u00e1s justa y solidaria, define brevemente qu\u00e9 es un sindicato y sus funciones.<\/figcaption><\/figure>\n\n\n\n<figure class=\"wp-block-embed aligncenter is-type-video is-provider-youtube wp-block-embed-youtube wp-embed-aspect-16-9 wp-has-aspect-ratio\"><div class=\"wp-block-embed__wrapper\">\n<div class=\"jetpack-video-wrapper\"><iframe loading=\"lazy\" title=\"C\u00e1psula2: &quot;DERECHOS LABORALES CON EQUIDAD DE G\u00c9NERO, JUNTAS Y ORGANIZADAS SOMOS MAS FUERTES&quot;\" width=\"735\" height=\"413\" src=\"https:\/\/www.youtube.com\/embed\/v7-Ui7Fg_Og?feature=oembed\" frameborder=\"0\" allow=\"accelerometer; autoplay; clipboard-write; encrypted-media; gyroscope; picture-in-picture\" allowfullscreen><\/iframe><\/div>\n<\/div><figcaption>\u201cEquilibrio entre la vida personal y laboral I\u201d hace un llamado a avanzar en acuerdos sobre ordenaci\u00f3n del tiempo de trabajo, con \u00e9nfasis en la incorporaci\u00f3n de las mujeres como fuerza de trabajo remunerada.<\/figcaption><\/figure>\n\n\n\n<figure class=\"wp-block-embed aligncenter is-type-video is-provider-youtube wp-block-embed-youtube wp-embed-aspect-16-9 wp-has-aspect-ratio\"><div class=\"wp-block-embed__wrapper\">\n<div class=\"jetpack-video-wrapper\"><iframe loading=\"lazy\" title=\"C\u00e1psula 3: &quot;DERECHOS LABORALES CON EQUIDAD DE G\u00c9NERO, JUNTAS Y ORGANIZADAS SOMOS MAS FUERTES&quot;\" width=\"735\" height=\"413\" src=\"https:\/\/www.youtube.com\/embed\/MKCAZ-RBx30?feature=oembed\" frameborder=\"0\" allow=\"accelerometer; autoplay; clipboard-write; encrypted-media; gyroscope; picture-in-picture\" allowfullscreen><\/iframe><\/div>\n<\/div><figcaption>\u201cEquilibrio entre la vida personal y laboral II\u201d entrega informaci\u00f3n acerca de la reforma laboral como instrumento que favorece el dialogo social y negociaci\u00f3n colectiva como herramienta para construir pactos para responder a necesidades familiares en el mundo del trabajo.<\/figcaption><\/figure>\n\n\n\n<figure class=\"wp-block-embed aligncenter is-type-video is-provider-youtube wp-block-embed-youtube wp-embed-aspect-16-9 wp-has-aspect-ratio\"><div class=\"wp-block-embed__wrapper\">\n<div class=\"jetpack-video-wrapper\"><iframe loading=\"lazy\" title=\"C\u00e1psula 4: &quot;DERECHOS LABORALES CON EQUIDAD DE G\u00c9NERO, JUNTAS Y ORGANIZADAS SOMOS MAS FUERTES&quot;\" width=\"735\" height=\"413\" src=\"https:\/\/www.youtube.com\/embed\/3cO6J40bLJA?feature=oembed\" frameborder=\"0\" allow=\"accelerometer; autoplay; clipboard-write; encrypted-media; gyroscope; picture-in-picture\" allowfullscreen><\/iframe><\/div>\n<\/div><figcaption>\u201cTeletrabajo\u201d informa acerca de la ley 21.220 que modifica el c\u00f3digo del trabajo en materia de trabajo a distancia y teletrabajo, motivando el cumplimiento y su mejoramiento, con \u00e9nfasis en la visi\u00f3n del mundo sindical en esta materia.<\/figcaption><\/figure>\n\n\n\n<figure class=\"wp-block-embed aligncenter is-type-video is-provider-youtube wp-block-embed-youtube wp-embed-aspect-16-9 wp-has-aspect-ratio\"><div class=\"wp-block-embed__wrapper\">\n<div class=\"jetpack-video-wrapper\"><iframe loading=\"lazy\" title=\"C\u00e1psula 5: &quot;DERECHOS LABORALES CON EQUIDAD DE G\u00c9NERO, JUNTAS Y ORGANIZADAS SOMOS MAS FUERTES&quot;\" width=\"735\" height=\"413\" src=\"https:\/\/www.youtube.com\/embed\/0on5kXX4tw8?feature=oembed\" frameborder=\"0\" allow=\"accelerometer; autoplay; clipboard-write; encrypted-media; gyroscope; picture-in-picture\" allowfullscreen><\/iframe><\/div>\n<\/div><figcaption>\u201cCorresponsabilidad social y en el hogar\u201d informa acerca del concepto de corresponsabilidad, motivando el desarrollo de una cultura de la corresponsabilidad social y en el hogar.<\/figcaption><\/figure>\n\n\n\n<figure class=\"wp-block-embed aligncenter is-type-video is-provider-youtube wp-block-embed-youtube wp-embed-aspect-16-9 wp-has-aspect-ratio\"><div class=\"wp-block-embed__wrapper\">\n<div class=\"jetpack-video-wrapper\"><iframe loading=\"lazy\" title=\"C\u00e1psula 6: &quot;DERECHOS LABORALES CON EQUIDAD DE G\u00c9NERO, JUNTAS Y ORGANIZADAS SOMOS MAS FUERTES&quot;\" width=\"735\" height=\"413\" src=\"https:\/\/www.youtube.com\/embed\/rqptUawhRKM?feature=oembed\" frameborder=\"0\" allow=\"accelerometer; autoplay; clipboard-write; encrypted-media; gyroscope; picture-in-picture\" allowfullscreen><\/iframe><\/div>\n<\/div><figcaption>\u201cLas 5 R del cuidado\u201d entrega informaci\u00f3n acerca de las \u201c5R\u201d de la corresponsabilidad: Reconocer, Redistribuir, Reducir, Recompensar y Representar.<\/figcaption><\/figure>\n\n\n\n<figure class=\"wp-block-embed aligncenter is-type-video is-provider-youtube wp-block-embed-youtube wp-embed-aspect-16-9 wp-has-aspect-ratio\"><div class=\"wp-block-embed__wrapper\">\n<div class=\"jetpack-video-wrapper\"><iframe loading=\"lazy\" title=\"C\u00e1psula 7: &quot;DERECHOS LABORALES CON EQUIDAD DE G\u00c9NERO, JUNTAS Y ORGANIZADAS SOMOS MAS FUERTES&quot;\" width=\"735\" height=\"413\" src=\"https:\/\/www.youtube.com\/embed\/SAhFfE8SLUE?feature=oembed\" frameborder=\"0\" allow=\"accelerometer; autoplay; clipboard-write; encrypted-media; gyroscope; picture-in-picture\" allowfullscreen><\/iframe><\/div>\n<\/div><figcaption>\u201cAcoso laboral y sexual: conceptos\u201d entrega informaci\u00f3n acerca del acoso laboral y sexual, motivando su prevenci\u00f3n y sanci\u00f3n en el mundo del trabajo.<\/figcaption><\/figure>\n\n\n\n<figure class=\"wp-block-embed aligncenter is-type-video is-provider-youtube wp-block-embed-youtube wp-embed-aspect-16-9 wp-has-aspect-ratio\"><div class=\"wp-block-embed__wrapper\">\n<div class=\"jetpack-video-wrapper\"><iframe loading=\"lazy\" title=\"C\u00e1psula 8: &quot;DERECHOS LABORALES CON EQUIDAD DE G\u00c9NERO, JUNTAS Y ORGANIZADAS SOMOS MAS FUERTES&quot;\" width=\"735\" height=\"413\" src=\"https:\/\/www.youtube.com\/embed\/7wXmJEv4zgo?feature=oembed\" frameborder=\"0\" allow=\"accelerometer; autoplay; clipboard-write; encrypted-media; gyroscope; picture-in-picture\" allowfullscreen><\/iframe><\/div>\n<\/div><figcaption>\u201cAcoso laboral y sexual: marco regulatorio\u201d entrega informaci\u00f3n acerca del marco regulatorio del acoso laboral y sexual en Chile, tambi\u00e9n motivando su prevenci\u00f3n y sanci\u00f3n.<\/figcaption><\/figure>\n","protected":false},"excerpt":{"rendered":"<p>Realizada gracias al patrocinio del sistema de Naciones Unidas en Chile, la campa\u00f1a \u201cDerechos Laborales con Equidad de G\u00e9nero: juntas y organizadas somos m\u00e1s fuerte&#8221; es una iniciativa impulsada por &hellip; <\/p>\n","protected":false},"author":2,"featured_media":2571,"comment_status":"closed","ping_status":"closed","sticky":false,"template":"","format":"standard","meta":{"jetpack_post_was_ever_published":false,"_jetpack_newsletter_access":"","_jetpack_dont_email_post_to_subs":false,"_jetpack_newsletter_tier_id":0,"_jetpack_memberships_contains_paywalled_content":false,"_jetpack_memberships_contains_paid_content":false,"footnotes":"","jetpack_publicize_message":"","jetpack_publicize_feature_enabled":false,"jetpack_social_post_already_shared":true,"jetpack_social_options":{"image_generator_settings":{"template":"highway","default_image_id":0,"enabled":false},"version":2}},"categories":[27,15,19],"tags":[],"class_list":["post-2568","post","type-post","status-publish","format-standard","has-post-thumbnail","hentry","category-cut","category-nacional","category-trabajadores"],"jetpack_publicize_connections":[],"jetpack_featured_media_url":"https:\/\/www.confederaciondelcobre.cl\/wp-content\/uploads\/2022\/06\/PortCampViceMujerCUT.jpg","jetpack_sharing_enabled":true,"post_mailing_queue_ids":[],"_links":{"self":[{"href":"https:\/\/www.confederaciondelcobre.cl\/index.php\/wp-json\/wp\/v2\/posts\/2568","targetHints":{"allow":["GET"]}}],"collection":[{"href":"https:\/\/www.confederaciondelcobre.cl\/index.php\/wp-json\/wp\/v2\/posts"}],"about":[{"href":"https:\/\/www.confederaciondelcobre.cl\/index.php\/wp-json\/wp\/v2\/types\/post"}],"author":[{"embeddable":true,"href":"https:\/\/www.confederaciondelcobre.cl\/index.php\/wp-json\/wp\/v2\/users\/2"}],"replies":[{"embeddable":true,"href":"https:\/\/www.confederaciondelcobre.cl\/index.php\/wp-json\/wp\/v2\/comments?post=2568"}],"version-history":[{"count":3,"href":"https:\/\/www.confederaciondelcobre.cl\/index.php\/wp-json\/wp\/v2\/posts\/2568\/revisions"}],"predecessor-version":[{"id":2572,"href":"https:\/\/www.confederaciondelcobre.cl\/index.php\/wp-json\/wp\/v2\/posts\/2568\/revisions\/2572"}],"wp:featuredmedia":[{"embeddable":true,"href":"https:\/\/www.confederaciondelcobre.cl\/index.php\/wp-json\/wp\/v2\/media\/2571"}],"wp:attachment":[{"href":"https:\/\/www.confederaciondelcobre.cl\/index.php\/wp-json\/wp\/v2\/media?parent=2568"}],"wp:term":[{"taxonomy":"category","embeddable":true,"href":"https:\/\/www.confederaciondelcobre.cl\/index.php\/wp-json\/wp\/v2\/categories?post=2568"},{"taxonomy":"post_tag","embeddable":true,"href":"https:\/\/www.confederaciondelcobre.cl\/index.php\/wp-json\/wp\/v2\/tags?post=2568"}],"curies":[{"name":"wp","href":"https:\/\/api.w.org\/{rel}","templated":true}]}}