{"id":2573,"date":"2022-06-16T19:16:00","date_gmt":"2022-06-16T23:16:00","guid":{"rendered":"https:\/\/www.confederaciondelcobre.cl\/?p=2573"},"modified":"2022-06-16T19:38:44","modified_gmt":"2022-06-16T23:38:44","slug":"ctmin-se-reunio-con-representantes-del-ministerio-del-trabajo-y-de-la-subsecretaria-de-prevision-social","status":"publish","type":"post","link":"https:\/\/www.confederaciondelcobre.cl\/index.php\/2022\/06\/16\/ctmin-se-reunio-con-representantes-del-ministerio-del-trabajo-y-de-la-subsecretaria-de-prevision-social\/","title":{"rendered":"#CTMIN se reuni\u00f3 con representantes del Ministerio del Trabajo y de la Subsecretar\u00eda de Previsi\u00f3n Social."},"content":{"rendered":"\n<p>Con el prop\u00f3sito de establecer los inicios de un trabajo en conjunto sobre compromisos adquiridos durante la campa\u00f1a del presidente Gabriel Boric, el Coordinador de Trabajadores de la Miner\u00eda (CTMIN) se reuni\u00f3 con asesores del Ministerio del Trabajo y de la Subsecretar\u00eda de Previsi\u00f3n Social.<\/p>\n\n\n\n<hr class=\"wp-block-separator has-alpha-channel-opacity\"\/>\n\n\n\n<p>Fue durante la tarde de ayer, y en dependencias del Ministerio del Trabajo, que dirigentes del Coordinador de Trabajadores de la Miner\u00eda se reunieron con miembros asesores tanto del propio Ministerio del Trabajo como de la Subsecretar\u00eda de Previsi\u00f3n Social. La cita, en la que particip\u00f3 Ana Lamas Aguirre, Secretar\u00eda General de la Confederaci\u00f3n de Trabajadores del Cobre (CTC), se llev\u00f3 a cabo con el prop\u00f3sito de iniciar un trabajo en conjunto con la instancia ministerial, y que busca avanzar en la concreci\u00f3n de compromisos adquiridos por el Presidente de la Rep\u00fablica (durante su campa\u00f1a presidencial) con las y los trabajadores de la miner\u00eda. Es as\u00ed como los temas abordados fueron la necesidad de ratificar el Convenio 176 de la Organizaci\u00f3n Internacional del Trabajo (OIT), sobre Seguridad y Salud en las minas; y el Proyecto de Ley que busca reducir la jornada laboral a 40 horas semanales, entre otros.<\/p>\n\n\n\n<p>En la ocasi\u00f3n, los dirigentes del CTMIN insistieron en que estos asuntos no son cosa nueva. Se\u00f1alaron que, en el caso de la ratificaci\u00f3n del Convenio 176 de la OIT, las organizaciones de trabajadores de la miner\u00eda llevan muchos a\u00f1os haciendo esfuerzos para que los distintos gobiernos aprobaran dicho instrumento. Cabe recordar, por ejemplo, que el expresidente Pi\u00f1era, y a prop\u00f3sito del accidente y rescate de \u201cLos 33\u201d en la mina San Jos\u00e9 el a\u00f1o 2010, comprometi\u00f3 la voluntad suya y la de su gobierno para ratificar dicho convenio, pero que pasado el tiempo \u2014e incluso un segundo mandato\u2014 esto nunca fue realizado.<\/p>\n\n\n\n<p>\u201cLas y los trabajadores no pueden seguir esperando\u201d, afirm\u00f3 a la salida del encuentro Ana Lamas Aguirre, Secretaria General de la CTC, pues la historia del trabajo en la miner\u00eda, como todos saben, es una labor altamente riesgosa. Sin ir mas lejos, agreg\u00f3, \u201c\u2026es considerada, incluso por la OIT, como una de las ocupaciones mas riesgosas\u201d, esto considerando la cantidad de personas que est\u00e1n expuestas a los diversos riesgos y peligros que conlleva la actividad minera, refiri\u00e9ndose, por ejemplo, a las enfermedades pulmonares y accidentes en la misma faena, en el transporte, etc.<\/p>\n\n\n\n<p>Por su parte, los miembros del gabinete y asesores del Ministerio del Trabajo y de la Subsecretar\u00eda de Previsi\u00f3n Social, manifestaron la voluntad cierta de parte del Ministerio en avanzar y concretar la ratificaci\u00f3n del Convenio 176 de la OIT. Es por ello que se acord\u00f3 una nueva reuni\u00f3n, de las mismas caracter\u00edsticas, para hacer seguimiento de este y otros temas relativos a las demandas de las y los trabajadores de la miner\u00eda, que deber\u00e1n ser abordados incluso desde una arista legislativa.<\/p>\n","protected":false},"excerpt":{"rendered":"<p>Con el prop\u00f3sito de establecer los inicios de un trabajo en conjunto sobre compromisos adquiridos durante la campa\u00f1a del presidente Gabriel Boric, el Coordinador de Trabajadores de la Miner\u00eda (CTMIN) &hellip; <\/p>\n","protected":false},"author":2,"featured_media":2579,"comment_status":"closed","ping_status":"closed","sticky":false,"template":"","format":"standard","meta":{"jetpack_post_was_ever_published":false,"_jetpack_newsletter_access":"","_jetpack_dont_email_post_to_subs":false,"_jetpack_newsletter_tier_id":0,"_jetpack_memberships_contains_paywalled_content":false,"_jetpack_memberships_contains_paid_content":false,"footnotes":"","jetpack_publicize_message":"","jetpack_publicize_feature_enabled":false,"jetpack_social_post_already_shared":true,"jetpack_social_options":{"image_generator_settings":{"template":"highway","default_image_id":0,"enabled":false},"version":2}},"categories":[9,11,13,15,19],"tags":[],"class_list":["post-2573","post","type-post","status-publish","format-standard","has-post-thumbnail","hentry","category-confederacion","category-ctmin","category-internacional","category-nacional","category-trabajadores"],"jetpack_publicize_connections":[],"jetpack_featured_media_url":"https:\/\/www.confederaciondelcobre.cl\/wp-content\/uploads\/2022\/06\/PortMinTrab.jpg","jetpack_sharing_enabled":true,"post_mailing_queue_ids":[],"_links":{"self":[{"href":"https:\/\/www.confederaciondelcobre.cl\/index.php\/wp-json\/wp\/v2\/posts\/2573","targetHints":{"allow":["GET"]}}],"collection":[{"href":"https:\/\/www.confederaciondelcobre.cl\/index.php\/wp-json\/wp\/v2\/posts"}],"about":[{"href":"https:\/\/www.confederaciondelcobre.cl\/index.php\/wp-json\/wp\/v2\/types\/post"}],"author":[{"embeddable":true,"href":"https:\/\/www.confederaciondelcobre.cl\/index.php\/wp-json\/wp\/v2\/users\/2"}],"replies":[{"embeddable":true,"href":"https:\/\/www.confederaciondelcobre.cl\/index.php\/wp-json\/wp\/v2\/comments?post=2573"}],"version-history":[{"count":9,"href":"https:\/\/www.confederaciondelcobre.cl\/index.php\/wp-json\/wp\/v2\/posts\/2573\/revisions"}],"predecessor-version":[{"id":2584,"href":"https:\/\/www.confederaciondelcobre.cl\/index.php\/wp-json\/wp\/v2\/posts\/2573\/revisions\/2584"}],"wp:featuredmedia":[{"embeddable":true,"href":"https:\/\/www.confederaciondelcobre.cl\/index.php\/wp-json\/wp\/v2\/media\/2579"}],"wp:attachment":[{"href":"https:\/\/www.confederaciondelcobre.cl\/index.php\/wp-json\/wp\/v2\/media?parent=2573"}],"wp:term":[{"taxonomy":"category","embeddable":true,"href":"https:\/\/www.confederaciondelcobre.cl\/index.php\/wp-json\/wp\/v2\/categories?post=2573"},{"taxonomy":"post_tag","embeddable":true,"href":"https:\/\/www.confederaciondelcobre.cl\/index.php\/wp-json\/wp\/v2\/tags?post=2573"}],"curies":[{"name":"wp","href":"https:\/\/api.w.org\/{rel}","templated":true}]}}