{"id":2606,"date":"2022-06-21T20:34:08","date_gmt":"2022-06-22T00:34:08","guid":{"rendered":"https:\/\/www.confederaciondelcobre.cl\/?p=2606"},"modified":"2022-06-21T20:34:10","modified_gmt":"2022-06-22T00:34:10","slug":"comunicadoctc-ante-cierre-fundicion-ventanas","status":"publish","type":"post","link":"https:\/\/www.confederaciondelcobre.cl\/index.php\/2022\/06\/21\/comunicadoctc-ante-cierre-fundicion-ventanas\/","title":{"rendered":"#ComunicadoCTC ante cierre Fundici\u00f3n Ventanas."},"content":{"rendered":"\n<p class=\"has-text-align-center\"><strong>Ante cierre de Fundici\u00f3n Ventanas<\/strong><\/p>\n\n\n\n<p class=\"has-text-align-center\"><strong>COMUNICADO<\/strong><\/p>\n\n\n\n<p>En relaci\u00f3n a la decisi\u00f3n anunciada por Codelco el viernes 17 de junio reci\u00e9n pasado, respecto a cerrar la Fundici\u00f3n Ventanas, la Confederaci\u00f3n de Trabajadores del Cobre, organizaci\u00f3n nacional de las y los trabajadores contratistas y subcontratistas del cobre, expresa a la opini\u00f3n p\u00fablica lo siguiente:<\/p>\n\n\n\n<ol class=\"wp-block-list\" type=\"1\"><li>Si bien estamos conscientes de la grave situaci\u00f3n que por d\u00e9cadas viene afectando al sector Quintero-Puchuncav\u00ed, por el alto nivel de contaminaci\u00f3n ambiental que generan las industrias del sector, no deja de impactarnos lo imprevisto y sorpresivo de la decisi\u00f3n de Codelco. Es que cerrar una fundici\u00f3n de la importancia y envergadura de Ventanas en un pa\u00eds que, siendo el mayor productor de cobre del mundo, tiene un gran d\u00e9ficit de fundiciones y refiner\u00edas, no es una decisi\u00f3n menor, y, por tanto, creemos que una medida de este tipo, que sin duda va a generar graves consecuencias laborales y sociales, debe necesariamente ser producto de un proceso participativo y vinculante, que involucre a todos los estamentos y sectores directamente involucrados y afectados.<\/li><\/ol>\n\n\n\n<ol class=\"wp-block-list\" type=\"1\" start=\"2\"><li>Sin embargo, tambi\u00e9n estamos conscientes que: primero, el sector Quintero-Puchuncav\u00ed es, efectivamente, una de las mayores y m\u00e1s antiguas zonas de sacrificio existentes en el pa\u00eds. Segundo, que la Fundici\u00f3n Ventanas es una alta fuente de contaminaci\u00f3n en la zona, y, tercero, la demanda social por los efectos medioambientales y sanitarios sobre la poblaci\u00f3n del sector es justificada y de larga data. En consecuencia, tomar una decisi\u00f3n radical al respecto resultaba inevitable. Decisi\u00f3n, en ese sentido, que fue respaldada por el actual gobierno en coherencia con los lineamientos medioambientales establecidos en su programa.<\/li><\/ol>\n\n\n\n<ol class=\"wp-block-list\" type=\"1\" start=\"3\"><li>Con todo, el cierre de la Fundici\u00f3n Ventanas no resuelve, por s\u00ed mismo, la problem\u00e1tica de contaminaci\u00f3n ambiental del sector. Por tanto, la responsabilidad de Gobierno es aplicar la misma rigurosidad con las dem\u00e1s empresas que conforman el cord\u00f3n industrial en la zona, que seguir\u00e1n contaminando mientras sigan operando.<\/li><\/ol>\n\n\n\n<ol class=\"wp-block-list\" type=\"1\" start=\"4\"><li>Respecto de las y los trabajadores, Codelco ha se\u00f1alado que la continuidad laboral se asegura al personal de planta por la v\u00eda de reubicaci\u00f3n dentro de la misma empresa, pero el criterio que se aplicar\u00eda a las y los trabajadores subcontratados de la fundici\u00f3n nos parece insuficiente y discriminatorio, dado que, aun cuando se les asegura el empleo por el tiempo que dure el proceso de cierre, no les cambia ni mejora en absoluto su condici\u00f3n de trabajadores de segunda o tercera clase respecto al personal de planta.<\/li><\/ol>\n\n\n\n<ol class=\"wp-block-list\" type=\"1\" start=\"5\"><li>El cierre de la Fundici\u00f3n Ventanas es una decisi\u00f3n del directorio Codelco, una decisi\u00f3n, cabe se\u00f1alar, ratificada por el gobierno y la implementaci\u00f3n de esta medida no puede seguir la l\u00f3gica capitalista de las decisiones verticales que en Chile necesitamos superar. En consecuencia, las y los trabajadores subcontratados demandamos participaci\u00f3n efectiva y vinculante en la determinaci\u00f3n de las formas, condiciones y resguardos en que se implemente el proceso. Es tiempo de hacer efectivos los principios de igualdad y democracia que sustentan y gu\u00edan al nuevo gobierno, y, para tal efecto, esperamos se nos convoque \u2014a la brevedad\u2014 para iniciar un proceso de discusi\u00f3n respecto a las particularidades del cierre y las condiciones de las y los trabajadores, pero tambi\u00e9n respecto a la necesidad de elaborar, de manera participativa y democr\u00e1tica, una pol\u00edtica minera que:<\/li><\/ol>\n\n\n\n<p>a.- Elimine definitivamente el subcontrato como forma de precarizaci\u00f3n del empleo.<\/p>\n\n\n\n<p>b.- Supere, a trav\u00e9s de la inversi\u00f3n, fortalecimiento y cumplimiento de todos los est\u00e1ndares medioambientales, el d\u00e9ficit de Fundiciones y Refiner\u00edas en Chile. Lo anterior a fin de impedir la exportaci\u00f3n de concentrados que actualmente favorece a las empresas transnacionales.<\/p>\n\n\n\n<p>c.- Establezca formalmente la participaci\u00f3n vinculante de las organizaciones de trabajadores en la toma de decisiones.<\/p>\n\n\n\n<p>d.- Establezca un itinerario a seguir en un proceso de recuperaci\u00f3n del dominio estatal sobre la miner\u00eda y los bienes naturales estrat\u00e9gicos.<\/p>\n\n\n\n<p class=\"has-text-align-center\"><strong>CONFEDERACI\u00d3N DE TRABAJADORES DEL COBRE<\/strong><\/p>\n\n\n\n<p class=\"has-text-align-right\">Chile, 21 de junio de 2022.<\/p>\n","protected":false},"excerpt":{"rendered":"<p>Ante cierre de Fundici\u00f3n Ventanas COMUNICADO En relaci\u00f3n a la decisi\u00f3n anunciada por Codelco el viernes 17 de junio reci\u00e9n pasado, respecto a cerrar la Fundici\u00f3n Ventanas, la Confederaci\u00f3n de &hellip; <\/p>\n","protected":false},"author":2,"featured_media":2610,"comment_status":"closed","ping_status":"closed","sticky":false,"template":"","format":"standard","meta":{"jetpack_post_was_ever_published":false,"_jetpack_newsletter_access":"","_jetpack_dont_email_post_to_subs":false,"_jetpack_newsletter_tier_id":0,"_jetpack_memberships_contains_paywalled_content":false,"_jetpack_memberships_contains_paid_content":false,"footnotes":"","jetpack_publicize_message":"","jetpack_publicize_feature_enabled":false,"jetpack_social_post_already_shared":true,"jetpack_social_options":{"image_generator_settings":{"template":"highway","default_image_id":0,"enabled":false},"version":2}},"categories":[8,9,21,14,15,17,19],"tags":[],"class_list":["post-2606","post","type-post","status-publish","format-standard","has-post-thumbnail","hentry","category-comunicado","category-confederacion","category-federaciones","category-movimientos-sociales","category-nacional","category-regiones","category-trabajadores"],"jetpack_publicize_connections":[],"jetpack_featured_media_url":"https:\/\/www.confederaciondelcobre.cl\/wp-content\/uploads\/2022\/06\/PortComCTC.jpg","jetpack_sharing_enabled":true,"post_mailing_queue_ids":[],"_links":{"self":[{"href":"https:\/\/www.confederaciondelcobre.cl\/index.php\/wp-json\/wp\/v2\/posts\/2606","targetHints":{"allow":["GET"]}}],"collection":[{"href":"https:\/\/www.confederaciondelcobre.cl\/index.php\/wp-json\/wp\/v2\/posts"}],"about":[{"href":"https:\/\/www.confederaciondelcobre.cl\/index.php\/wp-json\/wp\/v2\/types\/post"}],"author":[{"embeddable":true,"href":"https:\/\/www.confederaciondelcobre.cl\/index.php\/wp-json\/wp\/v2\/users\/2"}],"replies":[{"embeddable":true,"href":"https:\/\/www.confederaciondelcobre.cl\/index.php\/wp-json\/wp\/v2\/comments?post=2606"}],"version-history":[{"count":3,"href":"https:\/\/www.confederaciondelcobre.cl\/index.php\/wp-json\/wp\/v2\/posts\/2606\/revisions"}],"predecessor-version":[{"id":2609,"href":"https:\/\/www.confederaciondelcobre.cl\/index.php\/wp-json\/wp\/v2\/posts\/2606\/revisions\/2609"}],"wp:featuredmedia":[{"embeddable":true,"href":"https:\/\/www.confederaciondelcobre.cl\/index.php\/wp-json\/wp\/v2\/media\/2610"}],"wp:attachment":[{"href":"https:\/\/www.confederaciondelcobre.cl\/index.php\/wp-json\/wp\/v2\/media?parent=2606"}],"wp:term":[{"taxonomy":"category","embeddable":true,"href":"https:\/\/www.confederaciondelcobre.cl\/index.php\/wp-json\/wp\/v2\/categories?post=2606"},{"taxonomy":"post_tag","embeddable":true,"href":"https:\/\/www.confederaciondelcobre.cl\/index.php\/wp-json\/wp\/v2\/tags?post=2606"}],"curies":[{"name":"wp","href":"https:\/\/api.w.org\/{rel}","templated":true}]}}