{"id":2621,"date":"2022-07-04T14:04:35","date_gmt":"2022-07-04T18:04:35","guid":{"rendered":"https:\/\/www.confederaciondelcobre.cl\/?p=2621"},"modified":"2022-07-04T14:04:36","modified_gmt":"2022-07-04T18:04:36","slug":"sindicato-puic-de-no-haber-acuerdo-inminente-huelga-de-trabajadores-ferroviarios","status":"publish","type":"post","link":"https:\/\/www.confederaciondelcobre.cl\/index.php\/2022\/07\/04\/sindicato-puic-de-no-haber-acuerdo-inminente-huelga-de-trabajadores-ferroviarios\/","title":{"rendered":"Sindicato PUIC: de no haber acuerdo, inminente huelga de trabajadores ferroviarios."},"content":{"rendered":"\n<p>Los trabajadores organizados en el sindicato PUIC, que tiene presencia nacional con operaci\u00f3n en Los Andes como subcontratista de la estatal CODELCO y FEPASA, y que adem\u00e1s mantiene operaciones en la octava regi\u00f3n con la estatal EFE, cuenta con 71 socios y actualmente se encuentra en su primer proceso de negociaci\u00f3n colectiva. Una negociaci\u00f3n reglada, pero no exenta de tensiones, y que de no llegar a un acuerdo con la empresa (el d\u00eda de hoy) la huelga legal se har\u00e1 efectiva a partir de ma\u00f1ana martes 05 de julio.<\/p>\n\n\n\n<figure class=\"wp-block-image size-large\"><img loading=\"lazy\" decoding=\"async\" width=\"1024\" height=\"768\" src=\"https:\/\/www.confederaciondelcobre.cl\/wp-content\/uploads\/2022\/07\/WhatsApp-Image-2022-07-04-at-12.32.53-PM-1024x768.jpeg\" alt=\"\" class=\"wp-image-2623\" srcset=\"https:\/\/www.confederaciondelcobre.cl\/wp-content\/uploads\/2022\/07\/WhatsApp-Image-2022-07-04-at-12.32.53-PM-1024x768.jpeg 1024w, https:\/\/www.confederaciondelcobre.cl\/wp-content\/uploads\/2022\/07\/WhatsApp-Image-2022-07-04-at-12.32.53-PM-300x225.jpeg 300w, https:\/\/www.confederaciondelcobre.cl\/wp-content\/uploads\/2022\/07\/WhatsApp-Image-2022-07-04-at-12.32.53-PM-768x576.jpeg 768w, https:\/\/www.confederaciondelcobre.cl\/wp-content\/uploads\/2022\/07\/WhatsApp-Image-2022-07-04-at-12.32.53-PM-1536x1152.jpeg 1536w, https:\/\/www.confederaciondelcobre.cl\/wp-content\/uploads\/2022\/07\/WhatsApp-Image-2022-07-04-at-12.32.53-PM.jpeg 1600w\" sizes=\"auto, (max-width: 1024px) 100vw, 1024px\" \/><\/figure>\n\n\n\n<p>El petitorio del Sindicato \u2014cabe se\u00f1alar\u2014 se sostiene en el deval\u00fao de las remuneraciones, que desde el a\u00f1o 2017 se encuentran estancadas y sin ning\u00fan tipo de reajuste. En ese sentido, el Presidente del Sindicato PUIC, Jos\u00e9 Fuentes Cabrera, precis\u00f3 que sus remuneraciones se han visto devaluadas en un 24% solamente en inflaci\u00f3n acumulada, una situaci\u00f3n que la empresa, en una lamentable actitud, pretende seguir manteniendo.<\/p>\n\n\n\n<p>Un dato no menor, y a prop\u00f3sito de la afirmaci\u00f3n de que la actual crisis la estamos pagando las y los trabajadores, es que los niveles de producci\u00f3n de la Empresa Mandante (Codelco), en este per\u00edodo, se han visto incrementados considerablemente. Lo anterior, evidentemente, a costa de la sobreexplotaci\u00f3n de las y los trabajadores que se ha manifestado principalmente en el aumento de la carga laboral, aumentando con ello los niveles de estr\u00e9s y riesgo de accidentes laborales. Sin embargo, a cambio de eso, las remuneraciones siguen estancadas y todo indica que, en esta negociaci\u00f3n, es inter\u00e9s de la empresa prolongar dicha situaci\u00f3n.<\/p>\n\n\n\n<p>Por otra parte&nbsp;el argumento de la empresa PUIC, para no mejorar las condiciones de las y los trabajadores,&nbsp;se sustenta en que no cuenta con las condiciones econ\u00f3micas para hacerlo. Todo esto, cabe recalcar,&nbsp;en circunstancias de que la empresa (durante el actual per\u00edodo de crisis y pandemia) no solo no detuvo sus operaciones sino que adem\u00e1s aument\u00f3 su producci\u00f3n.<\/p>\n\n\n\n<p>Finalmente, en esta negociaci\u00f3n colectiva reglada, las y los trabajadores del sindicato PUIC esperan llegar a un buen acuerdo con la empresa, pues de no hacerlo durante las tratativas del d\u00eda de hoy, la huelga legal comenzar\u00e1 a partir de ma\u00f1ana martes 05 de julio.<\/p>\n\n\n\n<hr class=\"wp-block-separator has-alpha-channel-opacity\"\/>\n\n\n\n<p>Sobre el Sindicato PUIC, te puede interesar esta nota: <strong><a href=\"https:\/\/www.confederaciondelcobre.cl\/index.php\/2022\/05\/16\/sindicato-puic-subcontrato-de-fepasa-los-andes-inicia-primer-proceso-de-negociacion-colectiva\/\" target=\"_blank\" rel=\"noreferrer noopener\">Sindicato PUIC, subcontrato de FEPASA Los Andes, inicia primer proceso de negociaci\u00f3n colectiva.<\/a><\/strong><br><\/p>\n","protected":false},"excerpt":{"rendered":"<p>Los trabajadores organizados en el sindicato PUIC, que tiene presencia nacional con operaci\u00f3n en Los Andes como subcontratista de la estatal CODELCO y FEPASA, y que adem\u00e1s mantiene operaciones en &hellip; <\/p>\n","protected":false},"author":2,"featured_media":2622,"comment_status":"closed","ping_status":"closed","sticky":false,"template":"","format":"standard","meta":{"jetpack_post_was_ever_published":false,"_jetpack_newsletter_access":"","_jetpack_dont_email_post_to_subs":false,"_jetpack_newsletter_tier_id":0,"_jetpack_memberships_contains_paywalled_content":false,"_jetpack_memberships_contains_paid_content":false,"footnotes":"","jetpack_publicize_message":"","jetpack_publicize_feature_enabled":true,"jetpack_social_post_already_shared":true,"jetpack_social_options":{"image_generator_settings":{"template":"highway","default_image_id":0,"enabled":false},"version":2}},"categories":[9,15,20,19],"tags":[],"class_list":["post-2621","post","type-post","status-publish","format-standard","has-post-thumbnail","hentry","category-confederacion","category-nacional","category-negociacion-colectiva","category-trabajadores"],"jetpack_publicize_connections":[],"jetpack_featured_media_url":"https:\/\/www.confederaciondelcobre.cl\/wp-content\/uploads\/2022\/07\/PortSindPUIC.jpg","jetpack_sharing_enabled":true,"post_mailing_queue_ids":[],"_links":{"self":[{"href":"https:\/\/www.confederaciondelcobre.cl\/index.php\/wp-json\/wp\/v2\/posts\/2621","targetHints":{"allow":["GET"]}}],"collection":[{"href":"https:\/\/www.confederaciondelcobre.cl\/index.php\/wp-json\/wp\/v2\/posts"}],"about":[{"href":"https:\/\/www.confederaciondelcobre.cl\/index.php\/wp-json\/wp\/v2\/types\/post"}],"author":[{"embeddable":true,"href":"https:\/\/www.confederaciondelcobre.cl\/index.php\/wp-json\/wp\/v2\/users\/2"}],"replies":[{"embeddable":true,"href":"https:\/\/www.confederaciondelcobre.cl\/index.php\/wp-json\/wp\/v2\/comments?post=2621"}],"version-history":[{"count":2,"href":"https:\/\/www.confederaciondelcobre.cl\/index.php\/wp-json\/wp\/v2\/posts\/2621\/revisions"}],"predecessor-version":[{"id":2625,"href":"https:\/\/www.confederaciondelcobre.cl\/index.php\/wp-json\/wp\/v2\/posts\/2621\/revisions\/2625"}],"wp:featuredmedia":[{"embeddable":true,"href":"https:\/\/www.confederaciondelcobre.cl\/index.php\/wp-json\/wp\/v2\/media\/2622"}],"wp:attachment":[{"href":"https:\/\/www.confederaciondelcobre.cl\/index.php\/wp-json\/wp\/v2\/media?parent=2621"}],"wp:term":[{"taxonomy":"category","embeddable":true,"href":"https:\/\/www.confederaciondelcobre.cl\/index.php\/wp-json\/wp\/v2\/categories?post=2621"},{"taxonomy":"post_tag","embeddable":true,"href":"https:\/\/www.confederaciondelcobre.cl\/index.php\/wp-json\/wp\/v2\/tags?post=2621"}],"curies":[{"name":"wp","href":"https:\/\/api.w.org\/{rel}","templated":true}]}}