{"id":2626,"date":"2022-07-06T15:08:16","date_gmt":"2022-07-06T19:08:16","guid":{"rendered":"https:\/\/www.confederaciondelcobre.cl\/?p=2626"},"modified":"2022-07-06T15:40:06","modified_gmt":"2022-07-06T19:40:06","slug":"sindicato-puic-y-empresa-llegan-a-acuerdo-y-finaliza-exitosamente-su-primera-negociacion-colectiva","status":"publish","type":"post","link":"https:\/\/www.confederaciondelcobre.cl\/index.php\/2022\/07\/06\/sindicato-puic-y-empresa-llegan-a-acuerdo-y-finaliza-exitosamente-su-primera-negociacion-colectiva\/","title":{"rendered":"Sindicato PUIC y empresa llegan a acuerdo y finaliza exitosamente su primera negociaci\u00f3n colectiva."},"content":{"rendered":"\n<p>Despu\u00e9s de casi dos meses de intensas negociaciones, y acompa\u00f1ado durante todo el proceso por la Confederaci\u00f3n de Trabajadores del Cobre (CTC), representada por Patricio Roco, Director Nacional Encargado de Organizaci\u00f3n, el recientemente constituido Sindicato PUIC, que agrupa a trabajadores de un subcontrato de FEPASA en la divisi\u00f3n Andina de Codelco, finaliza con \u00e9xito su primera negociaci\u00f3n colectiva.<\/p>\n\n\n\n<p>El Sindicato, que actualmente agrupa a 71 trabajadores, inici\u00f3 el 13 de mayo su primera negociaci\u00f3n colectiva, una negociaci\u00f3n en la que buscaban establecer mejoras en torno a las condiciones laborales y econ\u00f3micas de sus afiliados, y donde una de sus principales demandas era conseguir un reajuste a sus remuneraciones. As\u00ed lo indic\u00f3 el Presidente del Sindicato PUIC, Jos\u00e9 Fuentes Cabrera, quien denunci\u00f3 que <strong>sus remuneraciones hab\u00edan sufrido una devaluaci\u00f3n de hasta un 24%, esto debido a que sus salarios se encontraban estancados desde el a\u00f1o 2017<\/strong>, una situaci\u00f3n que, sumada a la inflaci\u00f3n acumulada (alza de precios generalizada de los productos y servicios) de los \u00faltimos a\u00f1os, ten\u00eda a los trabajadores en una condici\u00f3n de progresiva precarizaci\u00f3n. <strong>Esta condici\u00f3n, recalc\u00f3 Jos\u00e9 Fuentes, la empresa pretend\u00eda seguir extendi\u00e9ndola, por lo que el d\u00eda de ayer 04 de julio, y habi\u00e9ndose cumplido ciertos requisitos de una negociaci\u00f3n colectiva reglada, los trabajadores anunciaron el uso de uno de sus derechos: la huelga<\/strong>.<\/p>\n\n\n\n<figure class=\"wp-block-image size-full\"><img loading=\"lazy\" decoding=\"async\" width=\"735\" height=\"360\" src=\"https:\/\/www.confederaciondelcobre.cl\/wp-content\/uploads\/2022\/07\/PortSindPUIC.jpg\" alt=\"\" class=\"wp-image-2622\" srcset=\"https:\/\/www.confederaciondelcobre.cl\/wp-content\/uploads\/2022\/07\/PortSindPUIC.jpg 735w, https:\/\/www.confederaciondelcobre.cl\/wp-content\/uploads\/2022\/07\/PortSindPUIC-300x147.jpg 300w\" sizes=\"auto, (max-width: 735px) 100vw, 735px\" \/><\/figure>\n\n\n\n<p>La huelga que fue anunciada ayer, cabe se\u00f1alar, iba a comenzar el d\u00eda de hoy. As\u00ed lo hab\u00edan decidido los trabajadores, pero finalmente no se llev\u00f3 a cabo, pues <strong>en horas de la tarde de ayer mismo, y en un positivo cambio de actitud por parte de la empresa, trabajadores y empresa llegaron a un acuerdo que puso fin a la primera y exitosa negociaci\u00f3n colectiva del recientemente constituido Sindicato PUIC<\/strong>. <\/p>\n\n\n\n<p>En tanto Jos\u00e9 Fuentes Cabrera, junto con valorar y agradecer el apoyo de la Confederaci\u00f3n de Trabajadores del Cobre, se\u00f1al\u00f3 que <strong>algunas de las mejoras y conquistas conseguidas por los trabajadores del Sindicato PUIC en esta negociaci\u00f3n<\/strong> <strong>son el Reajuste en sus remuneraciones, que asciende a una cifra en torno al 25%; Bonos de colaci\u00f3n y movilizaci\u00f3n, tambi\u00e9n Aguinaldo, entre otros<\/strong>. Para concluir, el Presidente del Sindicato PUIC destac\u00f3 que, si bien el proceso fue a ratos tenso y tambi\u00e9n complicado, se rescata de manera notable el afianzamiento de la organizaci\u00f3n de los trabajadores en torno al sindicato. <\/p>\n\n\n\n<figure class=\"wp-block-gallery has-nested-images columns-default is-cropped wp-block-gallery-1 is-layout-flex wp-block-gallery-is-layout-flex\">\n<figure class=\"wp-block-image size-large\"><img loading=\"lazy\" decoding=\"async\" width=\"1024\" height=\"768\" data-id=\"2634\" src=\"https:\/\/www.confederaciondelcobre.cl\/wp-content\/uploads\/2022\/07\/1a27a6d0-81b8-4e03-94fd-1195bda01a7a.jpeg\" alt=\"\" class=\"wp-image-2634\" srcset=\"https:\/\/www.confederaciondelcobre.cl\/wp-content\/uploads\/2022\/07\/1a27a6d0-81b8-4e03-94fd-1195bda01a7a.jpeg 1024w, https:\/\/www.confederaciondelcobre.cl\/wp-content\/uploads\/2022\/07\/1a27a6d0-81b8-4e03-94fd-1195bda01a7a-300x225.jpeg 300w, https:\/\/www.confederaciondelcobre.cl\/wp-content\/uploads\/2022\/07\/1a27a6d0-81b8-4e03-94fd-1195bda01a7a-768x576.jpeg 768w\" sizes=\"auto, (max-width: 1024px) 100vw, 1024px\" \/><\/figure>\n\n\n\n<figure class=\"wp-block-image size-large\"><img loading=\"lazy\" decoding=\"async\" width=\"1024\" height=\"768\" data-id=\"2633\" src=\"https:\/\/www.confederaciondelcobre.cl\/wp-content\/uploads\/2022\/07\/9a832ef8-1c58-47bb-b527-56c202e55e63.jpeg\" alt=\"\" class=\"wp-image-2633\" srcset=\"https:\/\/www.confederaciondelcobre.cl\/wp-content\/uploads\/2022\/07\/9a832ef8-1c58-47bb-b527-56c202e55e63.jpeg 1024w, https:\/\/www.confederaciondelcobre.cl\/wp-content\/uploads\/2022\/07\/9a832ef8-1c58-47bb-b527-56c202e55e63-300x225.jpeg 300w, https:\/\/www.confederaciondelcobre.cl\/wp-content\/uploads\/2022\/07\/9a832ef8-1c58-47bb-b527-56c202e55e63-768x576.jpeg 768w\" sizes=\"auto, (max-width: 1024px) 100vw, 1024px\" \/><\/figure>\n<\/figure>\n\n\n\n<hr class=\"wp-block-separator has-alpha-channel-opacity\"\/>\n\n\n\n<p>Sobre el Sindicato PUIC te pueden interesar las siguientes notas:<\/p>\n\n\n\n<p><a href=\"https:\/\/www.confederaciondelcobre.cl\/index.php\/2022\/07\/04\/sindicato-puic-de-no-haber-acuerdo-inminente-huelga-de-trabajadores-ferroviarios\/\" target=\"_blank\" rel=\"noreferrer noopener\">Sindicato PUIC: de no haber acuerdo, inminente huelga de trabajadores ferroviarios.<\/a><\/p>\n\n\n\n<p><a href=\"https:\/\/www.confederaciondelcobre.cl\/index.php\/2022\/05\/16\/sindicato-puic-subcontrato-de-fepasa-los-andes-inicia-primer-proceso-de-negociacion-colectiva\/\" target=\"_blank\" rel=\"noreferrer noopener\">Sindicato PUIC, subcontrato de FEPASA Los Andes, inicia primer proceso de negociaci\u00f3n colectiva.<\/a><\/p>\n","protected":false},"excerpt":{"rendered":"<p>Despu\u00e9s de casi dos meses de intensas negociaciones, y acompa\u00f1ado durante todo el proceso por la Confederaci\u00f3n de Trabajadores del Cobre (CTC), representada por Patricio Roco, Director Nacional Encargado de &hellip; <\/p>\n","protected":false},"author":2,"featured_media":2629,"comment_status":"closed","ping_status":"closed","sticky":false,"template":"","format":"standard","meta":{"jetpack_post_was_ever_published":false,"_jetpack_newsletter_access":"","_jetpack_dont_email_post_to_subs":false,"_jetpack_newsletter_tier_id":0,"_jetpack_memberships_contains_paywalled_content":false,"_jetpack_memberships_contains_paid_content":false,"footnotes":"","jetpack_publicize_message":"","jetpack_publicize_feature_enabled":false,"jetpack_social_post_already_shared":true,"jetpack_social_options":{"image_generator_settings":{"template":"highway","default_image_id":0,"enabled":false},"version":2}},"categories":[9,20,19],"tags":[],"class_list":["post-2626","post","type-post","status-publish","format-standard","has-post-thumbnail","hentry","category-confederacion","category-negociacion-colectiva","category-trabajadores"],"jetpack_publicize_connections":[],"jetpack_featured_media_url":"https:\/\/www.confederaciondelcobre.cl\/wp-content\/uploads\/2022\/07\/PortPUIC.jpg","jetpack_sharing_enabled":true,"post_mailing_queue_ids":[],"_links":{"self":[{"href":"https:\/\/www.confederaciondelcobre.cl\/index.php\/wp-json\/wp\/v2\/posts\/2626","targetHints":{"allow":["GET"]}}],"collection":[{"href":"https:\/\/www.confederaciondelcobre.cl\/index.php\/wp-json\/wp\/v2\/posts"}],"about":[{"href":"https:\/\/www.confederaciondelcobre.cl\/index.php\/wp-json\/wp\/v2\/types\/post"}],"author":[{"embeddable":true,"href":"https:\/\/www.confederaciondelcobre.cl\/index.php\/wp-json\/wp\/v2\/users\/2"}],"replies":[{"embeddable":true,"href":"https:\/\/www.confederaciondelcobre.cl\/index.php\/wp-json\/wp\/v2\/comments?post=2626"}],"version-history":[{"count":5,"href":"https:\/\/www.confederaciondelcobre.cl\/index.php\/wp-json\/wp\/v2\/posts\/2626\/revisions"}],"predecessor-version":[{"id":2635,"href":"https:\/\/www.confederaciondelcobre.cl\/index.php\/wp-json\/wp\/v2\/posts\/2626\/revisions\/2635"}],"wp:featuredmedia":[{"embeddable":true,"href":"https:\/\/www.confederaciondelcobre.cl\/index.php\/wp-json\/wp\/v2\/media\/2629"}],"wp:attachment":[{"href":"https:\/\/www.confederaciondelcobre.cl\/index.php\/wp-json\/wp\/v2\/media?parent=2626"}],"wp:term":[{"taxonomy":"category","embeddable":true,"href":"https:\/\/www.confederaciondelcobre.cl\/index.php\/wp-json\/wp\/v2\/categories?post=2626"},{"taxonomy":"post_tag","embeddable":true,"href":"https:\/\/www.confederaciondelcobre.cl\/index.php\/wp-json\/wp\/v2\/tags?post=2626"}],"curies":[{"name":"wp","href":"https:\/\/api.w.org\/{rel}","templated":true}]}}