{"id":2647,"date":"2022-07-08T16:39:24","date_gmt":"2022-07-08T20:39:24","guid":{"rendered":"https:\/\/www.confederaciondelcobre.cl\/?p=2647"},"modified":"2022-07-08T16:39:25","modified_gmt":"2022-07-08T20:39:25","slug":"movimiento-el-litio-para-chile-se-reunio-con-ministra-de-mineria","status":"publish","type":"post","link":"https:\/\/www.confederaciondelcobre.cl\/index.php\/2022\/07\/08\/movimiento-el-litio-para-chile-se-reunio-con-ministra-de-mineria\/","title":{"rendered":"Movimiento El Litio Para Chile se reuni\u00f3 con Ministra de Miner\u00eda."},"content":{"rendered":"\n<p>En la ma\u00f1ana del d\u00eda de hoy, viernes 08 de julio, el Movimiento el Litio para Chile, representado por Ana Lamas Aguirre, Secretaria General de la Confederaci\u00f3n de Trabajadores del Cobre (CTC); \u00a0Horacio Fuentes, Presidente de Industriall Chile-Constramet; Miguel Soto y Gregorio P\u00e9rez, Coordinador y Secretario del Movimiento el Litio para Chile, respectivamente, sostuvo una reuni\u00f3n con la Ministra de Miner\u00eda, Marcela Hernando, quien asisti\u00f3 junto a los asesores Manuel Hern\u00e1ndez y Gonzalo Guti\u00e9rrez, quien es Encargado del \u00c1rea de Litio y Salares del mismo Ministerio.<\/p>\n\n\n\n<p>En el encuentro, y partiendo con la presentaci\u00f3n a cargo de Miguel Soto, los representantes y dirigentes sindicales <strong>plantearon su visi\u00f3n en torno al mineral (litio) y su potencial se\u00f1alando que, al igual que el cobre, existe la necesidad de que este sea explotado y aprovechado, en sus distintas l\u00edneas de desarrollo, por y en beneficio del pa\u00eds<\/strong>. En ese sentido, el Coordinador, y a nombre del Movimiento El Litio Para Chile, salud\u00f3 y respald\u00f3 la iniciativa de la creaci\u00f3n de una Empresa Nacional del Litio, as\u00ed anunciada por el Presidente de la Rep\u00fablica, Gabriel Boric, en su primera cuenta p\u00fablica, el primero de junio de este a\u00f1o.<\/p>\n\n\n\n<p>Respecto de las y los trabajadores en general, y de la industria minera en particular, Ana Lamas manifest\u00f3 su preocupaci\u00f3n por quienes desempe\u00f1an sus funciones bajo la modalidad del subcontrato, que, como es sabido, son las y los m\u00e1s precarizados, insistiendo en que el trato y las diferencias por cuanto a sus condiciones en general, en comparaci\u00f3n con las y los trabajadores de planta, siguen siendo muy precarias. Esta situaci\u00f3n, insisti\u00f3 la Secretaria General de la CTC, esperan cambie pronto y definitivamente. Es por ello que hoy, y a prop\u00f3sito del desarrollo de una nueva Industria del Litio, <strong>es m\u00e1s importante que nunca la participaci\u00f3n vinculante de las y los trabajadores en la toma de decisiones sobre asuntos que directamente les afecta y competen. Lo anterior, no importando su condici\u00f3n contractual o si son de planta o subcontratados, recalc\u00f3 Ana Lamas<\/strong>. <\/p>\n\n\n<div class=\"wp-block-image\">\n<figure class=\"aligncenter size-large is-resized\"><img loading=\"lazy\" decoding=\"async\" src=\"https:\/\/www.confederaciondelcobre.cl\/wp-content\/uploads\/2022\/07\/IMG_20220708_093235-1024x576.jpg\" alt=\"\" class=\"wp-image-2650\" width=\"586\" height=\"329\" srcset=\"https:\/\/www.confederaciondelcobre.cl\/wp-content\/uploads\/2022\/07\/IMG_20220708_093235-1024x576.jpg 1024w, https:\/\/www.confederaciondelcobre.cl\/wp-content\/uploads\/2022\/07\/IMG_20220708_093235-300x169.jpg 300w, https:\/\/www.confederaciondelcobre.cl\/wp-content\/uploads\/2022\/07\/IMG_20220708_093235-768x432.jpg 768w, https:\/\/www.confederaciondelcobre.cl\/wp-content\/uploads\/2022\/07\/IMG_20220708_093235-1536x864.jpg 1536w, https:\/\/www.confederaciondelcobre.cl\/wp-content\/uploads\/2022\/07\/IMG_20220708_093235-2048x1152.jpg 2048w\" sizes=\"auto, (max-width: 586px) 100vw, 586px\" \/><\/figure><\/div>\n\n\n<p>Por su parte, Horacio Fuentes se\u00f1al\u00f3 que la nueva Industria o Empresa Nacional del Litio debe ser una que busque la recuperaci\u00f3n de los recursos naturales, para y en provecho del pa\u00eds. <strong>Por supuesto que, agreg\u00f3 el Presidente de Industriall Chile-Constramet, superando el actual modelo de explotaci\u00f3n meramente extractivista, un modelo demostradamente fracasado, y que, como sabemos, impacta gravemente y sin mayores miramientos al entorno y medioambiente<\/strong>. Entonces, agreg\u00f3 el dirigente, la idea de su explotaci\u00f3n debe ir necesariamente acompa\u00f1ada de una fuerte implementaci\u00f3n tecnol\u00f3gica y de conocimientos especializados, que permitan desarrollar efectivamente una pol\u00edtica minera de explotaci\u00f3n racional y sustentable, y porque adem\u00e1s los recursos a explotar no son infinitos.<\/p>\n\n\n\n<p>En tanto Gregorio P\u00e9rez destac\u00f3 que <strong>el litio nos ofrece una experiencia \u00fanica, pues mediante la incorporaci\u00f3n de valor agregado, que quiere decir ir m\u00e1s all\u00e1 de producir solo materia prima, puede servir como una gran palanca de desarrollo, no solo para el pa\u00eds sino que adem\u00e1s para las zonas en d\u00f3nde se explota<\/strong>. El litio, agreg\u00f3 el Secretario del Movimiento El Litio Para Chile, tiene caracter\u00edsticas inmensas de desarrollo en la tecnolog\u00eda, donde el almacenamiento de la energ\u00eda es solo un ejemplo.<\/p>\n\n\n\n<p>Finalmente, a prop\u00f3sito de todo lo conversado, y ya concluyendo el encuentro, <strong>las y los dirigentes hicieron entrega (a la Ministra) de una carpeta con denuncias de pr\u00e1cticas antisindicales llevadas a cabo por SQM y Albemarle, denuncias que, cabe se\u00f1alar, han sido ratificadas por demandas de la propia Direcci\u00f3n del Trabajo.<\/strong><\/p>\n\n\n\n<p>La Ministra Marcela Hernando, por su parte, se mostr\u00f3 agradecida de la presentaci\u00f3n propositiva que los dirigentes del Movimiento El Litio Para Chile hicieron, particularmente sobre el desarrollo e implementaci\u00f3n de la futura Industria o Empresa Nacional del Litio. Tambi\u00e9n apreci\u00f3 positivamente la retroalimentaci\u00f3n de parte de las y los trabajadores, <strong>pues considera que son fundamentales no solo en el desempe\u00f1o productivo sino que tambi\u00e9n en la elaboraci\u00f3n de planes y proyectos, como es el caso de la pr\u00f3xima Empresa Nacional del Litio<\/strong>. Sobre el quehacer en adelante, la Ministra se mostr\u00f3 abierta a la propuesta hecha por el Movimiento El Litio Para Chile, que consiste en trabajar en conjunto, y que incluye adem\u00e1s el aporte de diversos profesionales y expertos que colaboran con dicho Movimiento.<\/p>\n","protected":false},"excerpt":{"rendered":"<p>En la ma\u00f1ana del d\u00eda de hoy, viernes 08 de julio, el Movimiento el Litio para Chile, representado por Ana Lamas Aguirre, Secretaria General de la Confederaci\u00f3n de Trabajadores del &hellip; <\/p>\n","protected":false},"author":2,"featured_media":2645,"comment_status":"closed","ping_status":"closed","sticky":false,"template":"","format":"standard","meta":{"jetpack_post_was_ever_published":false,"_jetpack_newsletter_access":"","_jetpack_dont_email_post_to_subs":false,"_jetpack_newsletter_tier_id":0,"_jetpack_memberships_contains_paywalled_content":false,"_jetpack_memberships_contains_paid_content":false,"footnotes":"","jetpack_publicize_message":"","jetpack_publicize_feature_enabled":false,"jetpack_social_post_already_shared":true,"jetpack_social_options":{"image_generator_settings":{"template":"highway","default_image_id":0,"enabled":false},"version":2}},"categories":[9,35,14,15,19],"tags":[],"class_list":["post-2647","post","type-post","status-publish","format-standard","has-post-thumbnail","hentry","category-confederacion","category-el-litio-para-chile","category-movimientos-sociales","category-nacional","category-trabajadores"],"jetpack_publicize_connections":[],"jetpack_featured_media_url":"https:\/\/www.confederaciondelcobre.cl\/wp-content\/uploads\/2022\/07\/PortReuMinMin080622.jpg","jetpack_sharing_enabled":true,"post_mailing_queue_ids":[],"_links":{"self":[{"href":"https:\/\/www.confederaciondelcobre.cl\/index.php\/wp-json\/wp\/v2\/posts\/2647","targetHints":{"allow":["GET"]}}],"collection":[{"href":"https:\/\/www.confederaciondelcobre.cl\/index.php\/wp-json\/wp\/v2\/posts"}],"about":[{"href":"https:\/\/www.confederaciondelcobre.cl\/index.php\/wp-json\/wp\/v2\/types\/post"}],"author":[{"embeddable":true,"href":"https:\/\/www.confederaciondelcobre.cl\/index.php\/wp-json\/wp\/v2\/users\/2"}],"replies":[{"embeddable":true,"href":"https:\/\/www.confederaciondelcobre.cl\/index.php\/wp-json\/wp\/v2\/comments?post=2647"}],"version-history":[{"count":4,"href":"https:\/\/www.confederaciondelcobre.cl\/index.php\/wp-json\/wp\/v2\/posts\/2647\/revisions"}],"predecessor-version":[{"id":2652,"href":"https:\/\/www.confederaciondelcobre.cl\/index.php\/wp-json\/wp\/v2\/posts\/2647\/revisions\/2652"}],"wp:featuredmedia":[{"embeddable":true,"href":"https:\/\/www.confederaciondelcobre.cl\/index.php\/wp-json\/wp\/v2\/media\/2645"}],"wp:attachment":[{"href":"https:\/\/www.confederaciondelcobre.cl\/index.php\/wp-json\/wp\/v2\/media?parent=2647"}],"wp:term":[{"taxonomy":"category","embeddable":true,"href":"https:\/\/www.confederaciondelcobre.cl\/index.php\/wp-json\/wp\/v2\/categories?post=2647"},{"taxonomy":"post_tag","embeddable":true,"href":"https:\/\/www.confederaciondelcobre.cl\/index.php\/wp-json\/wp\/v2\/tags?post=2647"}],"curies":[{"name":"wp","href":"https:\/\/api.w.org\/{rel}","templated":true}]}}