{"id":2654,"date":"2022-07-10T16:46:17","date_gmt":"2022-07-10T20:46:17","guid":{"rendered":"https:\/\/www.confederaciondelcobre.cl\/?p=2654"},"modified":"2022-07-10T16:46:19","modified_gmt":"2022-07-10T20:46:19","slug":"comunicadoctc-fallecimiento-por-accidente-de-trabajador-subcontratado","status":"publish","type":"post","link":"https:\/\/www.confederaciondelcobre.cl\/index.php\/2022\/07\/10\/comunicadoctc-fallecimiento-por-accidente-de-trabajador-subcontratado\/","title":{"rendered":"#ComunicadoCTC: fallecimiento por accidente de trabajador subcontratado."},"content":{"rendered":"\n<p class=\"has-text-align-center\"><strong>COMUNICADO<\/strong><\/p>\n\n\n\n<p class=\"has-text-align-center\"><strong>Fallecimiento por accidente de trabajador subcontratado.<\/strong><strong><\/strong><\/p>\n\n\n\n<p>Ante el lamentable fallecimiento de <strong>Rub\u00e9n Francisco Trigo Escobar, de 50 a\u00f1os, padre de dos hijas<\/strong> y trabajador de la empresa Consorcio Belaz Movitec que presta servicios a Codelco en la Divisi\u00f3n El Salvador, <strong>la Confederaci\u00f3n de Trabajadores del Cobre, organizaci\u00f3n que agrupa y organiza a las y los trabajadores subcontratados de la miner\u00eda, presenta sus m\u00e1s sentidas condolencias a la familia, amigas, amigos, compa\u00f1eras y compa\u00f1eros de labores de nuestro compa\u00f1ero subcontratado,<\/strong> <strong>Rub\u00e9n Francisco Trigo Escobar<\/strong>.<\/p>\n\n\n\n<p>El accidente, que devino en su fallecimiento, y seg\u00fan trascendi\u00f3 en horas de la madrugada de este domingo 10 de julio, se produjo mientras <strong>Rub\u00e9n Francisco Trigo Escobar<\/strong> realizaba funciones de movimiento de tierra para el Proyecto Rajo Inca (Divisi\u00f3n El Salvador de Codelco), hecho en el que se habr\u00eda visto involucrado un veh\u00edculo mayor de extracci\u00f3n de material.<\/p>\n\n\n\n<p><strong>Nuestra organizaci\u00f3n, junto con hacer un en\u00e9rgico llamado a la empresa Consorcio Belaz Movitec, y a la propia administraci\u00f3n de Codelco en conjunto con la Gerencia General de la Divisi\u00f3n El Salvador, a poner de forma rigurosa, transparente y fehaciente todos los antecedentes a disposici\u00f3n a fin de esclarecer los hechos y causas de este fatal accidente, insiste en\u00e9rgicamente en la necesidad de perseverar en la realizaci\u00f3n de cada labor y faena minera en condiciones que aseguren el absoluto cuidado y respeto de la salud, seguridad y vida de las personas. <\/strong>Las organizaciones de trabajadores de la miner\u00eda, principal y actualmente agrupadas en el Coordinador de Trabajadores de la Miner\u00eda (CTMIN), <strong>llevamos largo tiempo exigiendo a los sucesivos gobiernos la ratificaci\u00f3n del Convenio 176 de la Organizaci\u00f3n Internacional del Trabajo (OIT), sobre Seguridad y Salud en las Minas<\/strong>, para avanzar decididamente en lo se\u00f1alado, y que no dejaremos de reiterar: la realizaci\u00f3n de cada labor y faena minera deben desarrollarse en condiciones que aseguren el absoluto cuidado y respeto de la salud, seguridad y vida de las personas.<\/p>\n\n\n\n<p class=\"has-text-align-center\"><strong>CONFEDERACI\u00d3N DE TRABAJADORES DEL COBRE<\/strong><\/p>\n\n\n\n<p class=\"has-text-align-right\">Chile, 10 de julio de 2022.<\/p>\n\n\n<div class=\"wp-block-image\">\n<figure class=\"aligncenter size-large\"><img loading=\"lazy\" decoding=\"async\" width=\"665\" height=\"1024\" src=\"https:\/\/www.confederaciondelcobre.cl\/wp-content\/uploads\/2022\/07\/ComFallecimientoRFTE100722-665x1024.png\" alt=\"\" class=\"wp-image-2656\" srcset=\"https:\/\/www.confederaciondelcobre.cl\/wp-content\/uploads\/2022\/07\/ComFallecimientoRFTE100722-665x1024.png 665w, https:\/\/www.confederaciondelcobre.cl\/wp-content\/uploads\/2022\/07\/ComFallecimientoRFTE100722-195x300.png 195w, https:\/\/www.confederaciondelcobre.cl\/wp-content\/uploads\/2022\/07\/ComFallecimientoRFTE100722.png 701w\" sizes=\"auto, (max-width: 665px) 100vw, 665px\" \/><\/figure><\/div>","protected":false},"excerpt":{"rendered":"<p>COMUNICADO Fallecimiento por accidente de trabajador subcontratado. Ante el lamentable fallecimiento de Rub\u00e9n Francisco Trigo Escobar, de 50 a\u00f1os, padre de dos hijas y trabajador de la empresa Consorcio Belaz &hellip; <\/p>\n","protected":false},"author":2,"featured_media":2655,"comment_status":"closed","ping_status":"closed","sticky":false,"template":"","format":"standard","meta":{"jetpack_post_was_ever_published":false,"_jetpack_newsletter_access":"","_jetpack_dont_email_post_to_subs":false,"_jetpack_newsletter_tier_id":0,"_jetpack_memberships_contains_paywalled_content":false,"_jetpack_memberships_contains_paid_content":false,"footnotes":"","jetpack_publicize_message":"","jetpack_publicize_feature_enabled":false,"jetpack_social_post_already_shared":true,"jetpack_social_options":{"image_generator_settings":{"template":"highway","default_image_id":0,"enabled":false},"version":2}},"categories":[8,9,15,19],"tags":[],"class_list":["post-2654","post","type-post","status-publish","format-standard","has-post-thumbnail","hentry","category-comunicado","category-confederacion","category-nacional","category-trabajadores"],"jetpack_publicize_connections":[],"jetpack_featured_media_url":"https:\/\/www.confederaciondelcobre.cl\/wp-content\/uploads\/2022\/07\/PorFallecRFTE100722.jpg","jetpack_sharing_enabled":true,"post_mailing_queue_ids":[],"_links":{"self":[{"href":"https:\/\/www.confederaciondelcobre.cl\/index.php\/wp-json\/wp\/v2\/posts\/2654","targetHints":{"allow":["GET"]}}],"collection":[{"href":"https:\/\/www.confederaciondelcobre.cl\/index.php\/wp-json\/wp\/v2\/posts"}],"about":[{"href":"https:\/\/www.confederaciondelcobre.cl\/index.php\/wp-json\/wp\/v2\/types\/post"}],"author":[{"embeddable":true,"href":"https:\/\/www.confederaciondelcobre.cl\/index.php\/wp-json\/wp\/v2\/users\/2"}],"replies":[{"embeddable":true,"href":"https:\/\/www.confederaciondelcobre.cl\/index.php\/wp-json\/wp\/v2\/comments?post=2654"}],"version-history":[{"count":4,"href":"https:\/\/www.confederaciondelcobre.cl\/index.php\/wp-json\/wp\/v2\/posts\/2654\/revisions"}],"predecessor-version":[{"id":2660,"href":"https:\/\/www.confederaciondelcobre.cl\/index.php\/wp-json\/wp\/v2\/posts\/2654\/revisions\/2660"}],"wp:featuredmedia":[{"embeddable":true,"href":"https:\/\/www.confederaciondelcobre.cl\/index.php\/wp-json\/wp\/v2\/media\/2655"}],"wp:attachment":[{"href":"https:\/\/www.confederaciondelcobre.cl\/index.php\/wp-json\/wp\/v2\/media?parent=2654"}],"wp:term":[{"taxonomy":"category","embeddable":true,"href":"https:\/\/www.confederaciondelcobre.cl\/index.php\/wp-json\/wp\/v2\/categories?post=2654"},{"taxonomy":"post_tag","embeddable":true,"href":"https:\/\/www.confederaciondelcobre.cl\/index.php\/wp-json\/wp\/v2\/tags?post=2654"}],"curies":[{"name":"wp","href":"https:\/\/api.w.org\/{rel}","templated":true}]}}