{"id":2663,"date":"2022-07-11T18:11:23","date_gmt":"2022-07-11T22:11:23","guid":{"rendered":"https:\/\/www.confederaciondelcobre.cl\/?p=2663"},"modified":"2022-07-11T18:11:24","modified_gmt":"2022-07-11T22:11:24","slug":"video-11-de-julio-a-51-anos-de-la-nacionalizacion-del-cobre-en-chile","status":"publish","type":"post","link":"https:\/\/www.confederaciondelcobre.cl\/index.php\/2022\/07\/11\/video-11-de-julio-a-51-anos-de-la-nacionalizacion-del-cobre-en-chile\/","title":{"rendered":"[Video] 11 de julio: A 51 a\u00f1os de la nacionalizaci\u00f3n del cobre en Chile."},"content":{"rendered":"\n<p>Hoy es el d\u00eda de la Dignidad Nacional y de la Solidaridad, hoy se cumplen 51 a\u00f1os de la Nacionalizaci\u00f3n del cobre en Chile, y, como todos los a\u00f1os, la Confederaci\u00f3n de Trabajadores del Cobre (CTC) lo conmemoramos como un acontecimiento que marc\u00f3 un importante momento de nuestra historia, que nos dot\u00f3 de gran independencia econ\u00f3mica como pa\u00eds, y que estableci\u00f3 un precedente, una ruta, para la necesaria proyecci\u00f3n del nuevo Chile que nace.<\/p>\n\n\n\n<p>Han pasado los a\u00f1os y este acontecimiento, lejos de quedar atr\u00e1s, hoy cobra mas vigencia que nunca. En esta oportunidad Ana Lamas Aguirre, Secretaria General de la Confederaci\u00f3n de Trabajadores del Cobre; junto a Orlando Caputo Leiva, ex Gerente General de Codelco durante el gobierno del Presidente Salvador Allende, nos comparten en un conversatorio sus reflexiones en torno a esta fecha y nos hablan de la importancia hist\u00f3rica de la nacionalizaci\u00f3n del cobre, sobre todo de la necesidad de renacionalizarlo efectivamente. En la misma l\u00ednea, y debido a la sistem\u00e1tica y progresiva desnacionalizaci\u00f3n del cobre, que en la pr\u00e1ctica tambi\u00e9n ha significado ir perdiendo soberan\u00eda, se refieren a la cantidad de recursos que Chile ha dejado de percibir, recursos que se traducen en la posibilidad de financiar y construir una serie de derechos sociales e infraestructura que el pa\u00eds urgentemente necesita. En ese sentido, Ana Lamas Aguirre, se refiri\u00f3 al proceso constituyente y a la iniciativa popular de norma constitucional que la CTC, junto a hist\u00f3ricos colaboradores, entre ellos los economistas Graciela Galarce y el propio Orlando Caputo, promovi\u00f3 y que finalmente permiti\u00f3 traspasar a la propuesta de nueva constituci\u00f3n el hist\u00f3rico p\u00e1rrafo de la Nacionalizaci\u00f3n del cobre (de 1971, hecha bajo el gobierno de la Unidad Popular) que establece que el Estado tiene el dominio absoluto, exclusivo, inalienable e imprescriptible de todas las minas. Por su parte, Orlando Caputo Leiva nos se\u00f1ala que la mayor\u00eda del pueblo est\u00e1 por la renacionalizaci\u00f3n del cobre, por una renacionalizaci\u00f3n efectiva, y que a partir de la experiencia y demostraciones pol\u00edticas de los \u00faltimos a\u00f1os, la perspectiva y posibilidades de lograrlo a\u00fan persisten.<\/p>\n\n\n\n<p>Puedes ver el conversatorio completo a continuaci\u00f3n:<\/p>\n\n\n\n<figure class=\"wp-block-embed is-type-video is-provider-youtube wp-block-embed-youtube wp-embed-aspect-16-9 wp-has-aspect-ratio\"><div class=\"wp-block-embed__wrapper\">\n<div class=\"jetpack-video-wrapper\"><iframe loading=\"lazy\" title=\"11 de julio: A 51 a\u00f1os de la nacionalizaci\u00f3n del cobre en Chile.\" width=\"735\" height=\"413\" src=\"https:\/\/www.youtube.com\/embed\/56d2gNT10n0?feature=oembed\" frameborder=\"0\" allow=\"accelerometer; autoplay; clipboard-write; encrypted-media; gyroscope; picture-in-picture\" allowfullscreen><\/iframe><\/div>\n<\/div><\/figure>\n","protected":false},"excerpt":{"rendered":"<p>Hoy es el d\u00eda de la Dignidad Nacional y de la Solidaridad, hoy se cumplen 51 a\u00f1os de la Nacionalizaci\u00f3n del cobre en Chile, y, como todos los a\u00f1os, la &hellip; <\/p>\n","protected":false},"author":2,"featured_media":2666,"comment_status":"closed","ping_status":"closed","sticky":false,"template":"","format":"standard","meta":{"jetpack_post_was_ever_published":false,"_jetpack_newsletter_access":"","_jetpack_dont_email_post_to_subs":false,"_jetpack_newsletter_tier_id":0,"_jetpack_memberships_contains_paywalled_content":false,"_jetpack_memberships_contains_paid_content":false,"footnotes":"","jetpack_publicize_message":"","jetpack_publicize_feature_enabled":false,"jetpack_social_post_already_shared":true,"jetpack_social_options":{"image_generator_settings":{"template":"highway","default_image_id":0,"enabled":false},"version":2}},"categories":[9,21,14,15,19],"tags":[],"class_list":["post-2663","post","type-post","status-publish","format-standard","has-post-thumbnail","hentry","category-confederacion","category-federaciones","category-movimientos-sociales","category-nacional","category-trabajadores"],"jetpack_publicize_connections":[],"jetpack_featured_media_url":"https:\/\/www.confederaciondelcobre.cl\/wp-content\/uploads\/2022\/07\/Port51an\u0303osNacCobre.jpg","jetpack_sharing_enabled":true,"post_mailing_queue_ids":[],"_links":{"self":[{"href":"https:\/\/www.confederaciondelcobre.cl\/index.php\/wp-json\/wp\/v2\/posts\/2663","targetHints":{"allow":["GET"]}}],"collection":[{"href":"https:\/\/www.confederaciondelcobre.cl\/index.php\/wp-json\/wp\/v2\/posts"}],"about":[{"href":"https:\/\/www.confederaciondelcobre.cl\/index.php\/wp-json\/wp\/v2\/types\/post"}],"author":[{"embeddable":true,"href":"https:\/\/www.confederaciondelcobre.cl\/index.php\/wp-json\/wp\/v2\/users\/2"}],"replies":[{"embeddable":true,"href":"https:\/\/www.confederaciondelcobre.cl\/index.php\/wp-json\/wp\/v2\/comments?post=2663"}],"version-history":[{"count":2,"href":"https:\/\/www.confederaciondelcobre.cl\/index.php\/wp-json\/wp\/v2\/posts\/2663\/revisions"}],"predecessor-version":[{"id":2665,"href":"https:\/\/www.confederaciondelcobre.cl\/index.php\/wp-json\/wp\/v2\/posts\/2663\/revisions\/2665"}],"wp:featuredmedia":[{"embeddable":true,"href":"https:\/\/www.confederaciondelcobre.cl\/index.php\/wp-json\/wp\/v2\/media\/2666"}],"wp:attachment":[{"href":"https:\/\/www.confederaciondelcobre.cl\/index.php\/wp-json\/wp\/v2\/media?parent=2663"}],"wp:term":[{"taxonomy":"category","embeddable":true,"href":"https:\/\/www.confederaciondelcobre.cl\/index.php\/wp-json\/wp\/v2\/categories?post=2663"},{"taxonomy":"post_tag","embeddable":true,"href":"https:\/\/www.confederaciondelcobre.cl\/index.php\/wp-json\/wp\/v2\/tags?post=2663"}],"curies":[{"name":"wp","href":"https:\/\/api.w.org\/{rel}","templated":true}]}}