{"id":2667,"date":"2022-07-16T16:42:47","date_gmt":"2022-07-16T20:42:47","guid":{"rendered":"https:\/\/www.confederaciondelcobre.cl\/?p=2667"},"modified":"2022-07-16T16:42:48","modified_gmt":"2022-07-16T20:42:48","slug":"sindicato-puic-se-afilia-e-incorpora-a-la-ctc","status":"publish","type":"post","link":"https:\/\/www.confederaciondelcobre.cl\/index.php\/2022\/07\/16\/sindicato-puic-se-afilia-e-incorpora-a-la-ctc\/","title":{"rendered":"Sindicato PUIC se afilia e incorpora a la CTC."},"content":{"rendered":"\n<p>As\u00ed lo defini\u00f3 durante su reciente proceso de Negociaci\u00f3n Colectiva el Sindicato que que tiene presencia nacional, con operaci\u00f3n en Los Andes como subcontratista de la estatal CODELCO y FEPASA, y que adem\u00e1s mantiene operaciones en la octava regi\u00f3n con la estatal EFE.<\/p>\n\n\n\n<p>En asamblea de socios, durante su primera y exitosa primera Negociaci\u00f3n Colectiva, el Sindicato PUIC, que agrupa a trabajadores que se desempe\u00f1an principalmente en la mantenci\u00f3n de la l\u00ednea f\u00e9rrea que es v\u00eda de transporte de material entre el yacimiento y el puerto de Ventanas, decidi\u00f3 incorporarse a la Confederaci\u00f3n de Trabajadores del Cobre (CTC), organizaci\u00f3n nacional que agrupa y organiza a trabajadoras y trabajadores contratistas y subcontratistas de la miner\u00eda. <\/p>\n\n\n\n<p>Ante esta nueva incorporaci\u00f3n, la Confederaci\u00f3n de Trabajadores del Cobre saluda y da la bienvenida en su org\u00e1nica nacional al Sindicato PUIC, un sindicato recientemente constituido y que hace no m\u00e1s de dos semanas ha culminado con \u00e9xito su primera Negociaci\u00f3n Colectiva, una negociaci\u00f3n \u2014cabe se\u00f1alar\u2014 en que la CTC, representada por Patricio Roco Bucarey, quien es Director Nacional Encargado de Organizaci\u00f3n, acompa\u00f1\u00f3 al Sindicato en todo momento. Dado lo anterior, y junto con  reconocer en cada uno de sus socios el valioso compromiso con el fortalecimiento de la organizaci\u00f3n sindical, la CTC reitera su saludo y bienvenida al Sindicato PUIC, sindicato que a partir de ayer 15 de julio, d\u00eda en que se celebr\u00f3 la votaci\u00f3n de incorporaci\u00f3n,  pasa a ser parte de la Confederaci\u00f3n de Trabajadores del Cobre.<\/p>\n","protected":false},"excerpt":{"rendered":"<p>As\u00ed lo defini\u00f3 durante su reciente proceso de Negociaci\u00f3n Colectiva el Sindicato que que tiene presencia nacional, con operaci\u00f3n en Los Andes como subcontratista de la estatal CODELCO y FEPASA, &hellip; <\/p>\n","protected":false},"author":2,"featured_media":2622,"comment_status":"closed","ping_status":"closed","sticky":false,"template":"","format":"standard","meta":{"jetpack_post_was_ever_published":false,"_jetpack_newsletter_access":"","_jetpack_dont_email_post_to_subs":false,"_jetpack_newsletter_tier_id":0,"_jetpack_memberships_contains_paywalled_content":false,"_jetpack_memberships_contains_paid_content":false,"footnotes":"","jetpack_publicize_message":"","jetpack_publicize_feature_enabled":true,"jetpack_social_post_already_shared":true,"jetpack_social_options":{"image_generator_settings":{"template":"highway","default_image_id":0,"enabled":false},"version":2}},"categories":[9,21,19],"tags":[],"class_list":["post-2667","post","type-post","status-publish","format-standard","has-post-thumbnail","hentry","category-confederacion","category-federaciones","category-trabajadores"],"jetpack_publicize_connections":[],"jetpack_featured_media_url":"https:\/\/www.confederaciondelcobre.cl\/wp-content\/uploads\/2022\/07\/PortSindPUIC.jpg","jetpack_sharing_enabled":true,"post_mailing_queue_ids":[],"_links":{"self":[{"href":"https:\/\/www.confederaciondelcobre.cl\/index.php\/wp-json\/wp\/v2\/posts\/2667","targetHints":{"allow":["GET"]}}],"collection":[{"href":"https:\/\/www.confederaciondelcobre.cl\/index.php\/wp-json\/wp\/v2\/posts"}],"about":[{"href":"https:\/\/www.confederaciondelcobre.cl\/index.php\/wp-json\/wp\/v2\/types\/post"}],"author":[{"embeddable":true,"href":"https:\/\/www.confederaciondelcobre.cl\/index.php\/wp-json\/wp\/v2\/users\/2"}],"replies":[{"embeddable":true,"href":"https:\/\/www.confederaciondelcobre.cl\/index.php\/wp-json\/wp\/v2\/comments?post=2667"}],"version-history":[{"count":3,"href":"https:\/\/www.confederaciondelcobre.cl\/index.php\/wp-json\/wp\/v2\/posts\/2667\/revisions"}],"predecessor-version":[{"id":2675,"href":"https:\/\/www.confederaciondelcobre.cl\/index.php\/wp-json\/wp\/v2\/posts\/2667\/revisions\/2675"}],"wp:featuredmedia":[{"embeddable":true,"href":"https:\/\/www.confederaciondelcobre.cl\/index.php\/wp-json\/wp\/v2\/media\/2622"}],"wp:attachment":[{"href":"https:\/\/www.confederaciondelcobre.cl\/index.php\/wp-json\/wp\/v2\/media?parent=2667"}],"wp:term":[{"taxonomy":"category","embeddable":true,"href":"https:\/\/www.confederaciondelcobre.cl\/index.php\/wp-json\/wp\/v2\/categories?post=2667"},{"taxonomy":"post_tag","embeddable":true,"href":"https:\/\/www.confederaciondelcobre.cl\/index.php\/wp-json\/wp\/v2\/tags?post=2667"}],"curies":[{"name":"wp","href":"https:\/\/api.w.org\/{rel}","templated":true}]}}