{"id":2670,"date":"2022-07-15T20:43:10","date_gmt":"2022-07-16T00:43:10","guid":{"rendered":"https:\/\/www.confederaciondelcobre.cl\/?p=2670"},"modified":"2022-07-15T20:43:12","modified_gmt":"2022-07-16T00:43:12","slug":"negociacion-colectiva-sindicato-interempresa-tramsalpo-vota-huelga","status":"publish","type":"post","link":"https:\/\/www.confederaciondelcobre.cl\/index.php\/2022\/07\/15\/negociacion-colectiva-sindicato-interempresa-tramsalpo-vota-huelga\/","title":{"rendered":"Negociaci\u00f3n Colectiva: Sindicato Interempresa TRAMSALPO vota huelga."},"content":{"rendered":"\n<p>As\u00ed lo definieron hoy, viernes 15 de julio, las y los trabajadores que principalmente demandan mejoras en sus condiciones laborales y un reajuste real a sus remuneraciones. De no recibir una oferta adecuada, y de no llegar a un acuerdo con su contraparte empleadora, las y los trabajadores har\u00e1n efectiva la huelga a partir del martes 19.<\/p>\n\n\n\n<p>El Sindicato Interempresa Trabajadores Multiservicios Salvador Potrerillos (TRAMSALPO), que organiza a trabajadoras y trabajadores que desempe\u00f1an sus labores en El Salvador y Potrerillos, present\u00f3 a fines de mayo el instrumento que abri\u00f3 el actual proceso Negociaci\u00f3n Colectiva reglada. Entre las demandas de las y los trabajadores, cabe reiterar, se encuentran principalmente el mejoramiento de sus condiciones laborales y un reajuste real en su remuneraciones.<\/p>\n\n\n\n<p>Sus empleadores, que inicialmente hab\u00edan manifestado la disposici\u00f3n y apertura a negociar, en los hechos han demostrado todo lo contrario, pues, entre otras maniobras, hab\u00edan impugnado la participaci\u00f3n (en esta negociaci\u00f3n) de una importante cantidad de socias y socios. El argumento utilizado para excluirles era que ya hab\u00edan sido parte de una negociaci\u00f3n anterior, pero dicha negociaci\u00f3n, cabe se\u00f1alar, hab\u00eda sido v\u00eda grupos negociadores. Ante dicha situaci\u00f3n, y contradiciendo el argumento de la empresa, el Sindicato, en conjunto con la Confederaci\u00f3n de Trabajadores del Cobre (CTC), y a trav\u00e9s de sus Directores Nacionales y Equipo Jur\u00eddico, recurrieron a la Inspecci\u00f3n del Trabajo en donde finalmente se ratific\u00f3 que el argumento de la empresa no es razonable y no impide que las y los trabajadores asociados al Sindicato puedan negociar colectivamente en este proceso..<\/p>\n\n\n\n<p>A esta hora, las y los trabajadores del Sindicato TRAMSALPO se encuentran en alerta y expectantes. Como se\u00f1alamos al principio de esta nota,  de no recibir una oferta adecuada, y de no llegar a un acuerdo con su contraparte empleadora a la brevedad posible, las y los trabajadores har\u00e1n efectiva la huelga a partir del martes 19.<\/p>\n","protected":false},"excerpt":{"rendered":"<p>As\u00ed lo definieron hoy, viernes 15 de julio, las y los trabajadores que principalmente demandan mejoras en sus condiciones laborales y un reajuste real a sus remuneraciones. De no recibir &hellip; <\/p>\n","protected":false},"author":2,"featured_media":2672,"comment_status":"closed","ping_status":"closed","sticky":false,"template":"","format":"standard","meta":{"jetpack_post_was_ever_published":false,"_jetpack_newsletter_access":"","_jetpack_dont_email_post_to_subs":false,"_jetpack_newsletter_tier_id":0,"_jetpack_memberships_contains_paywalled_content":false,"_jetpack_memberships_contains_paid_content":false,"footnotes":"","jetpack_publicize_message":"","jetpack_publicize_feature_enabled":true,"jetpack_social_post_already_shared":true,"jetpack_social_options":{"image_generator_settings":{"template":"highway","default_image_id":0,"enabled":false},"version":2}},"categories":[9,21,20,19],"tags":[],"class_list":["post-2670","post","type-post","status-publish","format-standard","has-post-thumbnail","hentry","category-confederacion","category-federaciones","category-negociacion-colectiva","category-trabajadores"],"jetpack_publicize_connections":[],"jetpack_featured_media_url":"https:\/\/www.confederaciondelcobre.cl\/wp-content\/uploads\/2022\/07\/PortTRAMSALPOhuelga.jpg","jetpack_sharing_enabled":true,"post_mailing_queue_ids":[],"_links":{"self":[{"href":"https:\/\/www.confederaciondelcobre.cl\/index.php\/wp-json\/wp\/v2\/posts\/2670","targetHints":{"allow":["GET"]}}],"collection":[{"href":"https:\/\/www.confederaciondelcobre.cl\/index.php\/wp-json\/wp\/v2\/posts"}],"about":[{"href":"https:\/\/www.confederaciondelcobre.cl\/index.php\/wp-json\/wp\/v2\/types\/post"}],"author":[{"embeddable":true,"href":"https:\/\/www.confederaciondelcobre.cl\/index.php\/wp-json\/wp\/v2\/users\/2"}],"replies":[{"embeddable":true,"href":"https:\/\/www.confederaciondelcobre.cl\/index.php\/wp-json\/wp\/v2\/comments?post=2670"}],"version-history":[{"count":3,"href":"https:\/\/www.confederaciondelcobre.cl\/index.php\/wp-json\/wp\/v2\/posts\/2670\/revisions"}],"predecessor-version":[{"id":2674,"href":"https:\/\/www.confederaciondelcobre.cl\/index.php\/wp-json\/wp\/v2\/posts\/2670\/revisions\/2674"}],"wp:featuredmedia":[{"embeddable":true,"href":"https:\/\/www.confederaciondelcobre.cl\/index.php\/wp-json\/wp\/v2\/media\/2672"}],"wp:attachment":[{"href":"https:\/\/www.confederaciondelcobre.cl\/index.php\/wp-json\/wp\/v2\/media?parent=2670"}],"wp:term":[{"taxonomy":"category","embeddable":true,"href":"https:\/\/www.confederaciondelcobre.cl\/index.php\/wp-json\/wp\/v2\/categories?post=2670"},{"taxonomy":"post_tag","embeddable":true,"href":"https:\/\/www.confederaciondelcobre.cl\/index.php\/wp-json\/wp\/v2\/tags?post=2670"}],"curies":[{"name":"wp","href":"https:\/\/api.w.org\/{rel}","templated":true}]}}