{"id":2677,"date":"2022-07-18T18:22:51","date_gmt":"2022-07-18T22:22:51","guid":{"rendered":"https:\/\/www.confederaciondelcobre.cl\/?p=2677"},"modified":"2022-07-18T18:22:53","modified_gmt":"2022-07-18T22:22:53","slug":"ministerio-del-trabajo-y-coordinador-de-trabajadores-de-la-mineria-ctmin-instalan-primera-mesa-de-trabajo-del-sector-minero","status":"publish","type":"post","link":"https:\/\/www.confederaciondelcobre.cl\/index.php\/2022\/07\/18\/ministerio-del-trabajo-y-coordinador-de-trabajadores-de-la-mineria-ctmin-instalan-primera-mesa-de-trabajo-del-sector-minero\/","title":{"rendered":"Ministerio del Trabajo y Coordinador de Trabajadores de la Miner\u00eda #CTMIN instalan primera mesa de trabajo del sector minero."},"content":{"rendered":"\n<p>La instancia, que se desarroll\u00f3 en dependencias del Ministerio del Trabajo y Previsi\u00f3n Social, y que cont\u00f3 con la presencia de todas las organizaciones agrupadas en el CTMIN, tuvo el prop\u00f3sito de establecer materias que tanto el Ministerio como las organizaciones de las y los trabajadores de la miner\u00eda van a ir abordando en conjunto.<\/p>\n\n\n<div class=\"wp-block-image\">\n<figure class=\"aligncenter size-full\"><img loading=\"lazy\" decoding=\"async\" width=\"800\" height=\"600\" src=\"https:\/\/www.confederaciondelcobre.cl\/wp-content\/uploads\/2022\/07\/CTC.jpg\" alt=\"\" class=\"wp-image-2683\" srcset=\"https:\/\/www.confederaciondelcobre.cl\/wp-content\/uploads\/2022\/07\/CTC.jpg 800w, https:\/\/www.confederaciondelcobre.cl\/wp-content\/uploads\/2022\/07\/CTC-300x225.jpg 300w, https:\/\/www.confederaciondelcobre.cl\/wp-content\/uploads\/2022\/07\/CTC-768x576.jpg 768w\" sizes=\"auto, (max-width: 800px) 100vw, 800px\" \/><figcaption>Ana Lamas Aguirre, Secretaria General de la CTC; Patricio Roco Bucarey, Director Nacional Encargado de Organizaci\u00f3n de la CTC.<\/figcaption><\/figure><\/div>\n\n\n<p>El Coordinador de Trabajadores de la Miner\u00eda (CTMIN), instancia de organizaciones sindicales superiores que agrupa a la Confederaci\u00f3n de Trabajadores del Cobre (CTC), a la Federaci\u00f3n de Sindicatos de Supervisores Rol A y Profesionales de Codelco Chile (FESUC), a la Federaci\u00f3n de Supervisores de la Miner\u00eda Privada (FESUMIN), a la Federaci\u00f3n Minera de Chile (FMC), a la Confederaci\u00f3n Minera de Chile (CONFEMIN), a la Federaci\u00f3n de Sindicatos Antofagasta Minerals (FESAM) y a la Federaci\u00f3n de Trabajadores del Cobre (FTC), se reuni\u00f3 esta ma\u00f1ana con la Ministra del Trabajo y Previsi\u00f3n Social, Jeannette Jara, y el Subsecretario de la misma cartera, Giorgio Boccardo, en lo que fue la instalaci\u00f3n de la primera mesa de trabajo entre el Ministerio y las organizaciones sindicales mencionadas. Entre los temas, propuestos por las y los trabajadores, y que en lo sucesivo van a ir abord\u00e1ndose en dicha mesa, se encuentran la necesidad de ratificar el <strong>Convenio 176 de la Organizaci\u00f3n Internacional del Trabajo<\/strong> (OIT), sobre seguridad y salud en las minas; la reducci\u00f3n de la <strong>jornada laboral a 40 horas<\/strong> semanales, la calificaci\u00f3n de las <strong>labores mineras como<\/strong> <strong>trabajo pesado<\/strong> (independiente de la categor\u00eda u oficio), avanzar hacia la <strong>Negociaci\u00f3n Colectiva ramal o multinivel, <\/strong>la inclusi\u00f3n efectiva de<strong> la mujer en miner\u00eda, <\/strong>mejorar la fiscalizaci\u00f3n en torno a la <strong>accidentabilidad<\/strong>, el reconocimiento de <strong>enfermedades profesionales <\/strong>en el rubro y la <strong>eliminaci\u00f3n del subcontrato<\/strong> como mecanismo de precarizaci\u00f3n laboral, entre otras.<\/p>\n\n\n\n<p>Ana Lamas Aguirre, Secretaria General de la CTC, quien particip\u00f3 junto a Patricio Roco Bucarey (Director Nacional Encargado de Organizaci\u00f3n, tambi\u00e9n de la CTC), salud\u00f3 la instancia a la vez que insisti\u00f3 en la discriminaci\u00f3n que a\u00fan persiste respecto del trabajo al cual se relega a las mujeres en miner\u00eda, sobre todo si son contratistas o subcontratistas, recalcando que las labores que les son asignadas, en general, no son mucho m\u00e1s que la reproducci\u00f3n de trabajos hist\u00f3ricamente feminizados (aseo, alimentaci\u00f3n, hoteler\u00eda, etc). Tambi\u00e9n record\u00f3 y denunci\u00f3, a prop\u00f3sito del fallecimiento de Rub\u00e9n Trigo Escobar, trabajador de la empresa Consorcio Belaz Movitec que presta servicios a Codelco en la Divisi\u00f3n El Salvador, que en la fiscalizaci\u00f3n, tanto de los protocolos de seguridad como en la investigaci\u00f3n de accidentes laborales, la industria minera sigue muy al debe. En ese sentido, y en relaci\u00f3n a la progresiva precarizaci\u00f3n de las y los trabajadores, se\u00f1al\u00f3 la necesidad de avanzar en la implementaci\u00f3n de un trabajo decente, ya no solo como concepto sino que en la pr\u00e1ctica y en t\u00e9rminos reales. De lo anterior es que se desprende, entonces, y dado que se trata de un mecanismo de precarizaci\u00f3n laboral, avanzar en la eliminaci\u00f3n del subcontrato.<\/p>\n\n\n\n<p>Para finalizar, la Ministra y Subsecretario del Trabajo y Previsi\u00f3n Social manifestaron su satisfacci\u00f3n y disposici\u00f3n, tanto por la amplia y representativa participaci\u00f3n de las y los trabajadores, como por los asuntos que ser\u00e1n materia de trabajo en lo que ya, a partir de hoy, es la Mesa de trabajo del sector minero.<\/p>\n\n\n<div class=\"wp-block-image\">\n<figure class=\"aligncenter size-large\"><img loading=\"lazy\" decoding=\"async\" width=\"1024\" height=\"576\" src=\"https:\/\/www.confederaciondelcobre.cl\/wp-content\/uploads\/2022\/07\/CTMIN-1024x576.jpg\" alt=\"\" class=\"wp-image-2684\" srcset=\"https:\/\/www.confederaciondelcobre.cl\/wp-content\/uploads\/2022\/07\/CTMIN-1024x576.jpg 1024w, https:\/\/www.confederaciondelcobre.cl\/wp-content\/uploads\/2022\/07\/CTMIN-300x169.jpg 300w, https:\/\/www.confederaciondelcobre.cl\/wp-content\/uploads\/2022\/07\/CTMIN-768x432.jpg 768w, https:\/\/www.confederaciondelcobre.cl\/wp-content\/uploads\/2022\/07\/CTMIN-1536x864.jpg 1536w, https:\/\/www.confederaciondelcobre.cl\/wp-content\/uploads\/2022\/07\/CTMIN-2048x1152.jpg 2048w\" sizes=\"auto, (max-width: 1024px) 100vw, 1024px\" \/><\/figure><\/div>","protected":false},"excerpt":{"rendered":"<p>La instancia, que se desarroll\u00f3 en dependencias del Ministerio del Trabajo y Previsi\u00f3n Social, y que cont\u00f3 con la presencia de todas las organizaciones agrupadas en el CTMIN, tuvo el &hellip; <\/p>\n","protected":false},"author":2,"featured_media":2682,"comment_status":"closed","ping_status":"closed","sticky":false,"template":"","format":"standard","meta":{"jetpack_post_was_ever_published":false,"_jetpack_newsletter_access":"","_jetpack_dont_email_post_to_subs":false,"_jetpack_newsletter_tier_id":0,"_jetpack_memberships_contains_paywalled_content":false,"_jetpack_memberships_contains_paid_content":false,"footnotes":"","jetpack_publicize_message":"","jetpack_publicize_feature_enabled":false,"jetpack_social_post_already_shared":true,"jetpack_social_options":{"image_generator_settings":{"template":"highway","default_image_id":0,"enabled":false},"version":2}},"categories":[9,11,15,19],"tags":[],"class_list":["post-2677","post","type-post","status-publish","format-standard","has-post-thumbnail","hentry","category-confederacion","category-ctmin","category-nacional","category-trabajadores"],"jetpack_publicize_connections":[],"jetpack_featured_media_url":"https:\/\/www.confederaciondelcobre.cl\/wp-content\/uploads\/2022\/07\/PortCtMin_MinTrab.jpg","jetpack_sharing_enabled":true,"post_mailing_queue_ids":[],"_links":{"self":[{"href":"https:\/\/www.confederaciondelcobre.cl\/index.php\/wp-json\/wp\/v2\/posts\/2677","targetHints":{"allow":["GET"]}}],"collection":[{"href":"https:\/\/www.confederaciondelcobre.cl\/index.php\/wp-json\/wp\/v2\/posts"}],"about":[{"href":"https:\/\/www.confederaciondelcobre.cl\/index.php\/wp-json\/wp\/v2\/types\/post"}],"author":[{"embeddable":true,"href":"https:\/\/www.confederaciondelcobre.cl\/index.php\/wp-json\/wp\/v2\/users\/2"}],"replies":[{"embeddable":true,"href":"https:\/\/www.confederaciondelcobre.cl\/index.php\/wp-json\/wp\/v2\/comments?post=2677"}],"version-history":[{"count":4,"href":"https:\/\/www.confederaciondelcobre.cl\/index.php\/wp-json\/wp\/v2\/posts\/2677\/revisions"}],"predecessor-version":[{"id":2685,"href":"https:\/\/www.confederaciondelcobre.cl\/index.php\/wp-json\/wp\/v2\/posts\/2677\/revisions\/2685"}],"wp:featuredmedia":[{"embeddable":true,"href":"https:\/\/www.confederaciondelcobre.cl\/index.php\/wp-json\/wp\/v2\/media\/2682"}],"wp:attachment":[{"href":"https:\/\/www.confederaciondelcobre.cl\/index.php\/wp-json\/wp\/v2\/media?parent=2677"}],"wp:term":[{"taxonomy":"category","embeddable":true,"href":"https:\/\/www.confederaciondelcobre.cl\/index.php\/wp-json\/wp\/v2\/categories?post=2677"},{"taxonomy":"post_tag","embeddable":true,"href":"https:\/\/www.confederaciondelcobre.cl\/index.php\/wp-json\/wp\/v2\/tags?post=2677"}],"curies":[{"name":"wp","href":"https:\/\/api.w.org\/{rel}","templated":true}]}}