{"id":2686,"date":"2022-07-20T18:17:12","date_gmt":"2022-07-20T22:17:12","guid":{"rendered":"https:\/\/www.confederaciondelcobre.cl\/?p=2686"},"modified":"2022-07-20T18:17:15","modified_gmt":"2022-07-20T22:17:15","slug":"comunicadoctc-segundo-fallecimiento-por-accidente-en-diez-dias","status":"publish","type":"post","link":"https:\/\/www.confederaciondelcobre.cl\/index.php\/2022\/07\/20\/comunicadoctc-segundo-fallecimiento-por-accidente-en-diez-dias\/","title":{"rendered":"#ComunicadoCTC: segundo fallecimiento por accidente en diez d\u00edas."},"content":{"rendered":"\n<p class=\"has-text-align-center\"><strong>COMUNICADO<\/strong><\/p>\n\n\n\n<p class=\"has-text-align-center\"><strong>Segundo fallecimiento por accidente en diez d\u00edas.<\/strong><\/p>\n\n\n\n<p>Ante el lamentable fallecimiento de <strong>Sebasti\u00e1n Andr\u00e9s M\u00e9ndez Castro<\/strong>, trabajador de 32 a\u00f1os que se desempe\u00f1aba como mantenedor el\u00e9ctrico de la empresa Consorcio Ossa Pizzarotti, de la Vicepresidencia de Proyectos para Chuquicamata Subterr\u00e1nea, <strong>la Confederaci\u00f3n de Trabajadores del Cobre, organizaci\u00f3n que agrupa y organiza a las y los trabajadores subcontratados de la miner\u00eda, env\u00eda sus m\u00e1s sentidas condolencias a la familia, amigas, amigos, compa\u00f1eras y compa\u00f1eros de trabajo de nuestro compa\u00f1ero subcontratado,<\/strong> <strong>Sebasti\u00e1n Andr\u00e9s M\u00e9ndez Castro<\/strong>.<\/p>\n\n\n\n<p>No han pasado dos semanas, y las y los trabajadores del cobre nuevamente sufrimos la p\u00e9rdida de uno de los nuestros. El accidente, ocurrido esta vez en horas de la ma\u00f1ana de hoy, y que cuyas fatales consecuencias se habr\u00edan producido <strong>mientras<\/strong><strong> Sebasti\u00e1n Andr\u00e9s M\u00e9ndez Castro se encontraba desarrollando actividades de mantenimiento<\/strong>&nbsp;en el t\u00fanel 15 de inyecci\u00f3n del proyecto subterr\u00e1neo, viene a dar cuenta, una vez m\u00e1s, del alto riesgo que implica la actividad minera, a la vez que tambi\u00e9n devela serias insuficiencias en torno a sus protocolos y prevenci\u00f3n de accidentes laborales.<\/p>\n\n\n\n<p><strong>Nuestra organizaci\u00f3n<\/strong><strong>,<\/strong><strong> junto con llamar a la empresa <\/strong><strong>Consorcio Ossa Pizzarotti<\/strong><strong>, y a la propia administraci\u00f3n de Codelco en conjunto con la Gerencia General de la Divisi\u00f3n Chuquicamata, a poner de forma clara y transparente todos los antecedentes a disposici\u00f3n con el objetivo de dar certeza sobre los hechos y causas de este fatal accidente, iniste<\/strong><strong> <\/strong><strong>en la vital necesidad de perseverar de forma permanente en la realizaci\u00f3n de cada labor y faena minera en condiciones que aseguren el absoluto cuidado y respeto de la salud, seguridad y vida de las personas.<\/strong><\/p>\n\n\n\n<p>El lunes reci\u00e9n pasado, las organizaciones agrupadas en el Coordinador de Trabajadores de la Miner\u00eda (CTMIN), nos reunimos con la Ministra y Subsecretario del Trabajo y Previsi\u00f3n Social en lo que fue la primera mesa de trabajo del sector minero. En dicha instancia, las y los trabajadores insistimos \u2014una vez m\u00e1s\u2014 en que <strong>Chile debe ratificar el Convenio 176 de la Organizaci\u00f3n Internacional del Trabajo (OIT), sobre Seguridad y Salud en las Minas<\/strong>. Esta petici\u00f3n, que es de larga data, ha visto pasar gobierno tras gobierno y, lo que es peor, demasiados acontecimientos como el de hoy y que volvemos a lamentar.<\/p>\n\n\n\n<p><strong>Junto con reiterar nuestras m\u00e1s sentidas condolencias a las y los m\u00e1s cercanos de<\/strong> <strong>Sebasti\u00e1n Andr\u00e9s M\u00e9ndez Castro, nuestra organizaci\u00f3n insiste en su llamado a todas las autoridades pertinentes a tomar, de una vez por todas, la iniciativa y avanzar decididamente en el aseguramiento del absoluto cuidado y respeto de la salud, seguridad y vida de las y los trabajadores.<\/strong><\/p>\n\n\n\n<p class=\"has-text-align-center\"><strong>CONFEDERACI\u00d3N DE TRABAJADORES DEL COBRE<\/strong><\/p>\n\n\n\n<p class=\"has-text-align-right\">Chile, 20 de julio de 2022.<\/p>\n\n\n<div class=\"wp-block-image\">\n<figure class=\"aligncenter size-large\"><img loading=\"lazy\" decoding=\"async\" width=\"657\" height=\"1024\" src=\"https:\/\/www.confederaciondelcobre.cl\/wp-content\/uploads\/2022\/07\/Fallecimiento-por-accidente-cuquicamata-20.07.2022-657x1024.png\" alt=\"\" class=\"wp-image-2688\" srcset=\"https:\/\/www.confederaciondelcobre.cl\/wp-content\/uploads\/2022\/07\/Fallecimiento-por-accidente-cuquicamata-20.07.2022-657x1024.png 657w, https:\/\/www.confederaciondelcobre.cl\/wp-content\/uploads\/2022\/07\/Fallecimiento-por-accidente-cuquicamata-20.07.2022-193x300.png 193w, https:\/\/www.confederaciondelcobre.cl\/wp-content\/uploads\/2022\/07\/Fallecimiento-por-accidente-cuquicamata-20.07.2022.png 693w\" sizes=\"auto, (max-width: 657px) 100vw, 657px\" \/><\/figure><\/div>","protected":false},"excerpt":{"rendered":"<p>COMUNICADO Segundo fallecimiento por accidente en diez d\u00edas. Ante el lamentable fallecimiento de Sebasti\u00e1n Andr\u00e9s M\u00e9ndez Castro, trabajador de 32 a\u00f1os que se desempe\u00f1aba como mantenedor el\u00e9ctrico de la empresa &hellip; <\/p>\n","protected":false},"author":2,"featured_media":2687,"comment_status":"closed","ping_status":"closed","sticky":false,"template":"","format":"standard","meta":{"jetpack_post_was_ever_published":false,"_jetpack_newsletter_access":"","_jetpack_dont_email_post_to_subs":false,"_jetpack_newsletter_tier_id":0,"_jetpack_memberships_contains_paywalled_content":false,"_jetpack_memberships_contains_paid_content":false,"footnotes":"","jetpack_publicize_message":"","jetpack_publicize_feature_enabled":false,"jetpack_social_post_already_shared":true,"jetpack_social_options":{"image_generator_settings":{"template":"highway","default_image_id":0,"enabled":false},"version":2}},"categories":[8,9,15,19],"tags":[],"class_list":["post-2686","post","type-post","status-publish","format-standard","has-post-thumbnail","hentry","category-comunicado","category-confederacion","category-nacional","category-trabajadores"],"jetpack_publicize_connections":[],"jetpack_featured_media_url":"https:\/\/www.confederaciondelcobre.cl\/wp-content\/uploads\/2022\/07\/PortComCTC.jpg","jetpack_sharing_enabled":true,"post_mailing_queue_ids":[],"_links":{"self":[{"href":"https:\/\/www.confederaciondelcobre.cl\/index.php\/wp-json\/wp\/v2\/posts\/2686","targetHints":{"allow":["GET"]}}],"collection":[{"href":"https:\/\/www.confederaciondelcobre.cl\/index.php\/wp-json\/wp\/v2\/posts"}],"about":[{"href":"https:\/\/www.confederaciondelcobre.cl\/index.php\/wp-json\/wp\/v2\/types\/post"}],"author":[{"embeddable":true,"href":"https:\/\/www.confederaciondelcobre.cl\/index.php\/wp-json\/wp\/v2\/users\/2"}],"replies":[{"embeddable":true,"href":"https:\/\/www.confederaciondelcobre.cl\/index.php\/wp-json\/wp\/v2\/comments?post=2686"}],"version-history":[{"count":1,"href":"https:\/\/www.confederaciondelcobre.cl\/index.php\/wp-json\/wp\/v2\/posts\/2686\/revisions"}],"predecessor-version":[{"id":2689,"href":"https:\/\/www.confederaciondelcobre.cl\/index.php\/wp-json\/wp\/v2\/posts\/2686\/revisions\/2689"}],"wp:featuredmedia":[{"embeddable":true,"href":"https:\/\/www.confederaciondelcobre.cl\/index.php\/wp-json\/wp\/v2\/media\/2687"}],"wp:attachment":[{"href":"https:\/\/www.confederaciondelcobre.cl\/index.php\/wp-json\/wp\/v2\/media?parent=2686"}],"wp:term":[{"taxonomy":"category","embeddable":true,"href":"https:\/\/www.confederaciondelcobre.cl\/index.php\/wp-json\/wp\/v2\/categories?post=2686"},{"taxonomy":"post_tag","embeddable":true,"href":"https:\/\/www.confederaciondelcobre.cl\/index.php\/wp-json\/wp\/v2\/tags?post=2686"}],"curies":[{"name":"wp","href":"https:\/\/api.w.org\/{rel}","templated":true}]}}