{"id":2690,"date":"2022-07-24T11:30:37","date_gmt":"2022-07-24T15:30:37","guid":{"rendered":"https:\/\/www.confederaciondelcobre.cl\/?p=2690"},"modified":"2022-07-24T11:30:39","modified_gmt":"2022-07-24T15:30:39","slug":"nelsonquichillao-a-siete-anos-de-su-asesinato-por-fuerzas-represivas-del-estado-de-chile","status":"publish","type":"post","link":"https:\/\/www.confederaciondelcobre.cl\/index.php\/2022\/07\/24\/nelsonquichillao-a-siete-anos-de-su-asesinato-por-fuerzas-represivas-del-estado-de-chile\/","title":{"rendered":"#NelsonQuichillao: a siete a\u00f1os de su asesinato por fuerzas represivas del Estado de Chile."},"content":{"rendered":"\n<p>Hoy, 24 de julio de 2022, se cumplen siete a\u00f1os desde que Nelson Quichillao L\u00f3pez, trabajador subcontratado de la miner\u00eda del cobre, fuera asesinado por Carabineros de Chile mientras se manifestaba por defender y mejorar los derechos y conquistas de las y los trabajadores m\u00e1s precarizados de la miner\u00eda chilena.<\/p>\n\n\n\n<p>Corr\u00eda el mes de julio de 2015, en un contexto de movilizaci\u00f3n nacional por la ampliaci\u00f3n y mejoramiento del vigente Acuerdo Marco entre la Confederaci\u00f3n de Trabajadores del Cobre (CTC) y Codelco, cuando Nelson se manifestaba junto a sus compa\u00f1eras y compa\u00f1eros en el campamento minero de El Salvador (Chile).  Las autoridades pol\u00edticas del momento, al ver que las manifestaciones se hab\u00edan propagado por todas las divisiones de la mandante estatal (Codelco), tomaron la decisi\u00f3n de reprimir brutal y criminalmente la movilizaci\u00f3n de las y los trabajadores contratistas y subcontratistas del cobre, desatando sobre ellas y ellos una fatal acci\u00f3n llevada a cabo por Fuerzas Especiales de Carabineros. <strong>La prolongada represi\u00f3n, que implic\u00f3 el uso de un gran n\u00famero de bombas lacrim\u00f3genas, tiros de escopeta y munici\u00f3n letal (decenas de balas) en contra de las y los trabajadores<\/strong>, pronto se vi\u00f3 particularmente agudizada y dirigida hacia quienes se encontraban concentrados en torno a la garita de acceso a la mina. <strong>En esas circunstancias, a las 02:24 horas del d\u00eda 24, el Carabinero identificado como Marco Guerrero Mart\u00ednez dispara en contra de nuestro compa\u00f1ero Nelson Quichillao, quien cae abatido en el lugar para m\u00e1s tarde (a las 03:05 hrs.) fallecer en la Cl\u00ednica San Lorenzo de dicho campamento minero.<\/strong><\/p>\n\n\n<div class=\"wp-block-image\">\n<figure class=\"aligncenter size-full\"><img loading=\"lazy\" decoding=\"async\" width=\"500\" height=\"502\" src=\"https:\/\/www.confederaciondelcobre.cl\/wp-content\/uploads\/2022\/07\/NelsonQuichillaoLopez.jpg\" alt=\"\" class=\"wp-image-2696\" srcset=\"https:\/\/www.confederaciondelcobre.cl\/wp-content\/uploads\/2022\/07\/NelsonQuichillaoLopez.jpg 500w, https:\/\/www.confederaciondelcobre.cl\/wp-content\/uploads\/2022\/07\/NelsonQuichillaoLopez-300x300.jpg 300w, https:\/\/www.confederaciondelcobre.cl\/wp-content\/uploads\/2022\/07\/NelsonQuichillaoLopez-150x150.jpg 150w\" sizes=\"auto, (max-width: 500px) 100vw, 500px\" \/><\/figure><\/div>\n\n\n<ul class=\"wp-block-list\"><li><strong>Nelson Quichillao L\u00f3pez<\/strong> era un trabajador subcontratado de la miner\u00eda del cobre, socio del Sindicato N\u00ba2 de la empresa Geovita, afiliado a la Federaci\u00f3n de Sindicatos El Salvador y a la Confederaci\u00f3n de Trabajadores del Cobre.<\/li><\/ul>\n\n\n\n<p>Despu\u00e9s de haber presentado en agosto de 2015, en conjunto con su familia, <strong>una querella criminal por el asesinato de Nelson<\/strong>, de haber hecho <strong>denuncias ante el Instituto Nacional de Derechos Humanos<\/strong>, lo mismo <strong>ante el Relator Encargado Especial de la Organizaci\u00f3n de Naciones Unidas (ONU) sobre el Derecho a la Libertad de Reuni\u00f3n y Asociaci\u00f3n<\/strong>, tambi\u00e9n <strong>ante la propia Organizaci\u00f3n Internacional del Trabajo (OIT)<\/strong> y de haber sostenido <strong>encuentros con parlamentarias y parlamentarios con el prop\u00f3sito de denunciar una eventual denegaci\u00f3n de justicia<\/strong>, y que posteriormente <strong>la fiscal\u00eda decidiera no perseverar en la causa por su asesinato<\/strong> (cerrando as\u00ed el caso en instancias nacionales), la Confederaci\u00f3n de Trabajadores del Cobre present\u00f3 <strong>en noviembre de 2018 una denuncia que persigue la responsabilidad internacional del Estado de Chile ante la Comisi\u00f3n Interamericana de Derechos Humanos (CIDH)<\/strong>. Dicha denuncia acusa la violaci\u00f3n de un conjunto de derechos, principalmente <strong>por no investigar adecuadamente su muerte a manos de Carabineros de Chile, por vulnerar el derecho a la verdad, a la justicia, a la integridad f\u00edsica y, en definitiva, el derecho a la vida de Nelson Quichillao<\/strong>. En la actualidad, cabe se\u00f1alar, y luego de haber pasado la etapa de admisibilidad, <strong>la Comisi\u00f3n Interamericana de Derechos Humanos a\u00fan se encuentra a la espera del informe que el Estado de Chile debe presentar con todos los antecedentes que disponga del caso<\/strong>. Despu\u00e9s de aquello la causa en la CIDH debe continuar su curso y pasos que conducir\u00e1n a una resoluci\u00f3n definitiva y que, como organizaci\u00f3n, esperamos sea condenatoria.<\/p>\n\n\n\n<p>Han pasado siete a\u00f1os, e igual que desde el primer d\u00eda en que la acci\u00f3n represiva del Estado de Chile asesinara a nuestro compa\u00f1ero Nelson Quichillao L\u00f3pez, la Confederaci\u00f3n de Trabajadores del Cobre seguimos en la b\u00fasqueda de verdad y justicia. Verdad y justicia para nuestro compa\u00f1ero y su familia, verdad y justicia sobre las responsabilidades pol\u00edticas y materiales, verdad y justicia para las y los trabajadores de Chile.<\/p>\n","protected":false},"excerpt":{"rendered":"<p>Hoy, 24 de julio de 2022, se cumplen siete a\u00f1os desde que Nelson Quichillao L\u00f3pez, trabajador subcontratado de la miner\u00eda del cobre, fuera asesinado por Carabineros de Chile mientras se &hellip; <\/p>\n","protected":false},"author":2,"featured_media":2695,"comment_status":"closed","ping_status":"closed","sticky":false,"template":"","format":"standard","meta":{"jetpack_post_was_ever_published":false,"_jetpack_newsletter_access":"","_jetpack_dont_email_post_to_subs":false,"_jetpack_newsletter_tier_id":0,"_jetpack_memberships_contains_paywalled_content":false,"_jetpack_memberships_contains_paid_content":false,"footnotes":"","jetpack_publicize_message":"","jetpack_publicize_feature_enabled":false,"jetpack_social_post_already_shared":true,"jetpack_social_options":{"image_generator_settings":{"template":"highway","default_image_id":0,"enabled":false},"version":2}},"categories":[23,9,15,32,19],"tags":[],"class_list":["post-2690","post","type-post","status-publish","format-standard","has-post-thumbnail","hentry","category-acuerdo-marco-codelco","category-confederacion","category-nacional","category-nelson-quichillao","category-trabajadores"],"jetpack_publicize_connections":[],"jetpack_featured_media_url":"https:\/\/www.confederaciondelcobre.cl\/wp-content\/uploads\/2022\/07\/PortNQ2022.jpg","jetpack_sharing_enabled":true,"post_mailing_queue_ids":[],"_links":{"self":[{"href":"https:\/\/www.confederaciondelcobre.cl\/index.php\/wp-json\/wp\/v2\/posts\/2690","targetHints":{"allow":["GET"]}}],"collection":[{"href":"https:\/\/www.confederaciondelcobre.cl\/index.php\/wp-json\/wp\/v2\/posts"}],"about":[{"href":"https:\/\/www.confederaciondelcobre.cl\/index.php\/wp-json\/wp\/v2\/types\/post"}],"author":[{"embeddable":true,"href":"https:\/\/www.confederaciondelcobre.cl\/index.php\/wp-json\/wp\/v2\/users\/2"}],"replies":[{"embeddable":true,"href":"https:\/\/www.confederaciondelcobre.cl\/index.php\/wp-json\/wp\/v2\/comments?post=2690"}],"version-history":[{"count":7,"href":"https:\/\/www.confederaciondelcobre.cl\/index.php\/wp-json\/wp\/v2\/posts\/2690\/revisions"}],"predecessor-version":[{"id":2699,"href":"https:\/\/www.confederaciondelcobre.cl\/index.php\/wp-json\/wp\/v2\/posts\/2690\/revisions\/2699"}],"wp:featuredmedia":[{"embeddable":true,"href":"https:\/\/www.confederaciondelcobre.cl\/index.php\/wp-json\/wp\/v2\/media\/2695"}],"wp:attachment":[{"href":"https:\/\/www.confederaciondelcobre.cl\/index.php\/wp-json\/wp\/v2\/media?parent=2690"}],"wp:term":[{"taxonomy":"category","embeddable":true,"href":"https:\/\/www.confederaciondelcobre.cl\/index.php\/wp-json\/wp\/v2\/categories?post=2690"},{"taxonomy":"post_tag","embeddable":true,"href":"https:\/\/www.confederaciondelcobre.cl\/index.php\/wp-json\/wp\/v2\/tags?post=2690"}],"curies":[{"name":"wp","href":"https:\/\/api.w.org\/{rel}","templated":true}]}}