{"id":2700,"date":"2022-07-25T15:40:13","date_gmt":"2022-07-25T19:40:13","guid":{"rendered":"https:\/\/www.confederaciondelcobre.cl\/?p=2700"},"modified":"2022-07-25T15:40:15","modified_gmt":"2022-07-25T19:40:15","slug":"nelsonquichillao-velaton-y-conmemoracion-en-el-salvador-y-rancagua","status":"publish","type":"post","link":"https:\/\/www.confederaciondelcobre.cl\/index.php\/2022\/07\/25\/nelsonquichillao-velaton-y-conmemoracion-en-el-salvador-y-rancagua\/","title":{"rendered":"#NelsonQuichillao: velat\u00f3n y conmemoraci\u00f3n en El Salvador y Rancagua."},"content":{"rendered":"\n<p>Ayer, 24 de julio, y a siete a\u00f1os desde que nuestro compa\u00f1ero Nelson Quichillao L\u00f3pez fuera asesinado por fuerzas represivas del Estado, mientras se manifestaba junto a sus compa\u00f1eras y compa\u00f1eros por la defensa y mejora de conquistas y derechos de las y los trabajadores subcontratados del cobre, se realizaron una velat\u00f3n y conmemoraci\u00f3n en El Salvador y Rancagua. <\/p>\n\n\n\n<p><strong>El Salvador<\/strong><\/p>\n\n\n\n<p>Organizada por la Federaci\u00f3n de Sindicatos El Salvador #FESAL, encabezada por su Presidenta, Ana Lamas Aguirre, quien tambi\u00e9n es Secretaria General de la Confederaci\u00f3n de Trabajadores del Cobre #CTC; y con la participaci\u00f3n de los Directores Nacionales de la CTC, Patricio Rocco Bucarey y Stephanie Gonz\u00e1lez Ch\u00e1vez; adem\u00e1s de la presencia de Alex Calder\u00f3n, representante de la Delegaci\u00f3n Presidencial Provincial de Cha\u00f1aral,  se realiz\u00f3 una velat\u00f3n en el memorial a Nelson Quichillao emplazado en el campamento minero de El Salvador (reg. de Atacama).<\/p>\n\n\n\n<p>El encuentro, que se desarroll\u00f3 en un clima de intimidad y recogimiento, y que cont\u00f3 con la presencia de dirigentas y dirigentes de la Federaci\u00f3n de Sindicatos MantoVerde #FESAMAV, de la propia Federaci\u00f3n de Sindicatos El Salvador #FESAL y del Sindicato Interempresa Trabajadores Multiservicios Salvador Potrerillos #TRAMSALPO, tuvo como protagonista a la figura de nuestro compa\u00f1ero, un trabajador subcontratado del cobre quien destacara como una persona consciente y activa en la lucha sindical por los derechos de la clase obrera. As\u00ed di\u00f3 cuenta de ello la secretaria General de la CTC al destacar a Nelson como un &#8220;trabajador honesto, responsable, que se gan\u00f3 siempre el amor de su familia y el cari\u00f1o de sus compa\u00f1eros de trabajo, y que siendo como era, amante de la justicia y con un alto sentido de solidaridad de clase, no dud\u00f3 en incorporarse al movimiento de los trabajadores contratistas del cobre y a las luchas en demanda de mejores y m\u00e1s justas condiciones de vida y de trabajo&#8221;, agregando que &#8220;en el marco de esas movilizaciones cae, aquel 24 de julio de 2015, como luchador decidido y consecuente, v\u00edctima de un Estado represivo que criminaliza la protesta social y que no duda en aplastar brutal y criminalmente toda se\u00f1al de rebeld\u00eda contra las injusticias del sistema&#8221;, se\u00f1alando que\u00a0&#8220;Nelson es una v\u00edctima m\u00e1s de la violencia hist\u00f3rica con que las fuerzas uniformadas, en defensa de los poderosos, han atacado al pueblo en diversas \u00e9pocas y en distintos lugares de Chile.&#8221; Es por lo anterior que, Ana Lamas Aguirre, hizo extensivo el homenaje a las &#8220;compa\u00f1eras y compa\u00f1eros Marta Egurrola de Miles, Osvaldina Chaparro Castillo, Ram\u00f3n Santos Contreras, Ra\u00fal Monardes, Luis Alvarado, Delf\u00edn Galaz, Mauricio Dub\u00f3 y Manuel Contreras Castillo, que fueron asesinados por fuerzas represivas el 11 de marzo de 1966, a las puertas del Sindicato de Obreros, en otra justa movilizaci\u00f3n de los trabajadores del cobre&#8221;, que se suman tambi\u00e9n a los &#8220;compa\u00f1eros ca\u00eddos bajo el terror militar en los 17 a\u00f1os de dictadura: Benito Tapia Tapia, Maguindo Castillo Andrade, Ricardo Garc\u00eda Posada, Guillermo Rojas Zamora, Joel Huaiqui\u00f1ir Benavides, y de tantos chilenos y chilenas \u2014continu\u00f3 la Secretaria General de la CTC\u2014 que dieron su vida por el bienestar de las nuevas generaciones, entre los cuales no podemos dejar de mencionar a las v\u00edctimas de la represi\u00f3n del gobierno de Pi\u00f1era, en todo el proceso del estallido social y revuelta popular, sin olvidar a quienes fueron heridos y mutilados y a quienes a\u00fan permanencen encarcelados como presos pol\u00edticos del sistema.&#8221;<\/p>\n\n\n\n<p>Sobre el asesinato de Nelson, la Presidenta de la FESAL, y a siete a\u00f1os de transcurridos los hechos, lament\u00f3 que la justicia haya cerrado ojos y o\u00eddos, y que &#8220;pese a todas las gestiones que como organizaci\u00f3n sindical hemos hecho a nivel nacional e internacional, el criminal sigue libre.&#8221; No obstante, y considerando que en este per\u00edodo han sucedido muchas cosas \u2014agreg\u00f3\u2014, &#8220;No nos cabe duda que Nelson habr\u00eda estado presente en las luchas sociales que han surgido en el pa\u00eds, especialmente desde el 18 de octubre de 2019, en que el pueblo despierta y se alza en rebeld\u00eda frente al modelo econ\u00f3mico y pol\u00edtico que fue impuesto por la fuerza hace m\u00e1s de cuarenta a\u00f1os&#8221;. En ese sentido \u2014prosigui\u00f3\u2014 &#8220;[Nelson Quichillao] estar\u00eda feliz de saber que hoy, gracias a las movilizaciones sociales iniciadas por nuestros j\u00f3venes estudiantes, se construye democr\u00e1ticamente una nueva Constituci\u00f3n, que ser\u00e1 el punto de partida para un Chile distinto, m\u00e1s solidario y m\u00e1s justo. Estar\u00eda contento, tambi\u00e9n, al saber que en cada una de las elecciones que se han llevado a cabo en el \u00faltimo a\u00f1o, las fuerzas que sostienen el modelo han sido categ\u00f3ricamente rechazadas por el pueblo. Y ver\u00eda con alegr\u00eda que en la redacci\u00f3n del nuevo texto constitucional particip\u00f3 su propio pueblo Mapuche, junto con el Aimara, Rapanui, Quechua, Likan Antay, Diaguita, Colla, chango, Kawashkar y Yag\u00e1n, porque el Chile nuevo, por exigencia del pueblo, ser\u00e1 un pa\u00eds plurinacional y pluricultural.&#8221;<\/p>\n\n\n\n<p>Para finalizar, la Secretaria General de la Confederaci\u00f3n de Trabajadores del Cobre, se\u00f1al\u00f3 que &#8220;este nuevo aniversario del brutal asesinato de nuestro compa\u00f1ero Nelson lo vivimos en un momento hist\u00f3rico de nuestro pa\u00eds, por primera vez vamos a votar una Nueva Constituci\u00f3n para Chile que ha sido redactada en un proceso participativo, paritario y con esca\u00f1os reservados para los pueblos originarios. En este texto constitucional se consagran derechos para los trabajadores y trabajadoras que venimos demandando durante siglos y que ha significado largas y dolorosas luchas en b\u00fasqueda de la dignidad y el respeto&#8221;. Ana Lamas insisti\u00f3 en que &#8220;seguimos demandando justicia para Nelson y esperamos que el camino sea m\u00e1s sencillo con la nueva Constituci\u00f3n, que pone en el coraz\u00f3n los derechos para las personas y coloca freno a los abusos, garantizando el derecho a la justicia, a la no repetici\u00f3n de los cr\u00edmenes de lesa humanidad y a la memoria&#8221;, reafirmando que &#8220;con la fuerza de Nelson, con profundo sentido de clase y con la frente en alto, seguimos avanzando en las luchas y conquistas de los trabajadores y trabajadoras&#8221;.\u00a0<\/p>\n\n\n\n<figure class=\"wp-block-gallery has-nested-images columns-default is-cropped wp-block-gallery-1 is-layout-flex wp-block-gallery-is-layout-flex\">\n<figure class=\"wp-block-image size-large\"><img loading=\"lazy\" decoding=\"async\" width=\"1024\" height=\"768\" data-id=\"2708\" src=\"https:\/\/www.confederaciondelcobre.cl\/wp-content\/uploads\/2022\/07\/8f60e9d0-04b3-4711-946c-ae39a21aebb6-1024x768.jpeg\" alt=\"\" class=\"wp-image-2708\" srcset=\"https:\/\/www.confederaciondelcobre.cl\/wp-content\/uploads\/2022\/07\/8f60e9d0-04b3-4711-946c-ae39a21aebb6-1024x768.jpeg 1024w, https:\/\/www.confederaciondelcobre.cl\/wp-content\/uploads\/2022\/07\/8f60e9d0-04b3-4711-946c-ae39a21aebb6-300x225.jpeg 300w, https:\/\/www.confederaciondelcobre.cl\/wp-content\/uploads\/2022\/07\/8f60e9d0-04b3-4711-946c-ae39a21aebb6-768x576.jpeg 768w, https:\/\/www.confederaciondelcobre.cl\/wp-content\/uploads\/2022\/07\/8f60e9d0-04b3-4711-946c-ae39a21aebb6.jpeg 1280w\" sizes=\"auto, (max-width: 1024px) 100vw, 1024px\" \/><\/figure>\n\n\n\n<figure class=\"wp-block-image size-large\"><img loading=\"lazy\" decoding=\"async\" width=\"1024\" height=\"768\" data-id=\"2709\" src=\"https:\/\/www.confederaciondelcobre.cl\/wp-content\/uploads\/2022\/07\/9a108bc6-aff1-4521-ba0e-2c076095dfaf-1024x768.jpeg\" alt=\"\" class=\"wp-image-2709\" srcset=\"https:\/\/www.confederaciondelcobre.cl\/wp-content\/uploads\/2022\/07\/9a108bc6-aff1-4521-ba0e-2c076095dfaf-1024x768.jpeg 1024w, https:\/\/www.confederaciondelcobre.cl\/wp-content\/uploads\/2022\/07\/9a108bc6-aff1-4521-ba0e-2c076095dfaf-300x225.jpeg 300w, https:\/\/www.confederaciondelcobre.cl\/wp-content\/uploads\/2022\/07\/9a108bc6-aff1-4521-ba0e-2c076095dfaf-768x576.jpeg 768w, https:\/\/www.confederaciondelcobre.cl\/wp-content\/uploads\/2022\/07\/9a108bc6-aff1-4521-ba0e-2c076095dfaf.jpeg 1280w\" sizes=\"auto, (max-width: 1024px) 100vw, 1024px\" \/><\/figure>\n\n\n\n<figure class=\"wp-block-image size-large\"><img loading=\"lazy\" decoding=\"async\" width=\"1024\" height=\"768\" data-id=\"2707\" src=\"https:\/\/www.confederaciondelcobre.cl\/wp-content\/uploads\/2022\/07\/75b6150f-b310-4abe-9970-ff0cafb4b695-1024x768.jpeg\" alt=\"\" class=\"wp-image-2707\" srcset=\"https:\/\/www.confederaciondelcobre.cl\/wp-content\/uploads\/2022\/07\/75b6150f-b310-4abe-9970-ff0cafb4b695-1024x768.jpeg 1024w, https:\/\/www.confederaciondelcobre.cl\/wp-content\/uploads\/2022\/07\/75b6150f-b310-4abe-9970-ff0cafb4b695-300x225.jpeg 300w, https:\/\/www.confederaciondelcobre.cl\/wp-content\/uploads\/2022\/07\/75b6150f-b310-4abe-9970-ff0cafb4b695-768x576.jpeg 768w, https:\/\/www.confederaciondelcobre.cl\/wp-content\/uploads\/2022\/07\/75b6150f-b310-4abe-9970-ff0cafb4b695.jpeg 1156w\" sizes=\"auto, (max-width: 1024px) 100vw, 1024px\" \/><\/figure>\n\n\n\n<figure class=\"wp-block-image size-large\"><img loading=\"lazy\" decoding=\"async\" width=\"1024\" height=\"576\" data-id=\"2710\" src=\"https:\/\/www.confederaciondelcobre.cl\/wp-content\/uploads\/2022\/07\/8740acb7-5d6e-4253-97d8-8d5d23a26792-1024x576.jpeg\" alt=\"\" class=\"wp-image-2710\" srcset=\"https:\/\/www.confederaciondelcobre.cl\/wp-content\/uploads\/2022\/07\/8740acb7-5d6e-4253-97d8-8d5d23a26792-1024x576.jpeg 1024w, https:\/\/www.confederaciondelcobre.cl\/wp-content\/uploads\/2022\/07\/8740acb7-5d6e-4253-97d8-8d5d23a26792-300x169.jpeg 300w, https:\/\/www.confederaciondelcobre.cl\/wp-content\/uploads\/2022\/07\/8740acb7-5d6e-4253-97d8-8d5d23a26792-768x432.jpeg 768w, https:\/\/www.confederaciondelcobre.cl\/wp-content\/uploads\/2022\/07\/8740acb7-5d6e-4253-97d8-8d5d23a26792.jpeg 1280w\" sizes=\"auto, (max-width: 1024px) 100vw, 1024px\" \/><\/figure>\n\n\n\n<figure class=\"wp-block-image size-large\"><img loading=\"lazy\" decoding=\"async\" width=\"1024\" height=\"768\" data-id=\"2706\" src=\"https:\/\/www.confederaciondelcobre.cl\/wp-content\/uploads\/2022\/07\/08043705-3adf-405f-aaa9-b05c9ad17526-1024x768.jpeg\" alt=\"\" class=\"wp-image-2706\" srcset=\"https:\/\/www.confederaciondelcobre.cl\/wp-content\/uploads\/2022\/07\/08043705-3adf-405f-aaa9-b05c9ad17526-1024x768.jpeg 1024w, https:\/\/www.confederaciondelcobre.cl\/wp-content\/uploads\/2022\/07\/08043705-3adf-405f-aaa9-b05c9ad17526-300x225.jpeg 300w, https:\/\/www.confederaciondelcobre.cl\/wp-content\/uploads\/2022\/07\/08043705-3adf-405f-aaa9-b05c9ad17526-768x576.jpeg 768w, https:\/\/www.confederaciondelcobre.cl\/wp-content\/uploads\/2022\/07\/08043705-3adf-405f-aaa9-b05c9ad17526.jpeg 1156w\" sizes=\"auto, (max-width: 1024px) 100vw, 1024px\" \/><\/figure>\n\n\n\n<figure class=\"wp-block-image size-large\"><img loading=\"lazy\" decoding=\"async\" width=\"1024\" height=\"768\" data-id=\"2711\" src=\"https:\/\/www.confederaciondelcobre.cl\/wp-content\/uploads\/2022\/07\/df18ede0-0f7d-453f-bd31-ed2362508bb6-1024x768.jpeg\" alt=\"\" class=\"wp-image-2711\" srcset=\"https:\/\/www.confederaciondelcobre.cl\/wp-content\/uploads\/2022\/07\/df18ede0-0f7d-453f-bd31-ed2362508bb6-1024x768.jpeg 1024w, https:\/\/www.confederaciondelcobre.cl\/wp-content\/uploads\/2022\/07\/df18ede0-0f7d-453f-bd31-ed2362508bb6-300x225.jpeg 300w, https:\/\/www.confederaciondelcobre.cl\/wp-content\/uploads\/2022\/07\/df18ede0-0f7d-453f-bd31-ed2362508bb6-768x576.jpeg 768w, https:\/\/www.confederaciondelcobre.cl\/wp-content\/uploads\/2022\/07\/df18ede0-0f7d-453f-bd31-ed2362508bb6.jpeg 1156w\" sizes=\"auto, (max-width: 1024px) 100vw, 1024px\" \/><\/figure>\n\n\n\n<figure class=\"wp-block-image size-large\"><img loading=\"lazy\" decoding=\"async\" width=\"1024\" height=\"768\" data-id=\"2712\" src=\"https:\/\/www.confederaciondelcobre.cl\/wp-content\/uploads\/2022\/07\/ee7935c9-7ebd-4f6d-86f8-ff28973eed0f-1024x768.jpeg\" alt=\"\" class=\"wp-image-2712\" srcset=\"https:\/\/www.confederaciondelcobre.cl\/wp-content\/uploads\/2022\/07\/ee7935c9-7ebd-4f6d-86f8-ff28973eed0f-1024x768.jpeg 1024w, https:\/\/www.confederaciondelcobre.cl\/wp-content\/uploads\/2022\/07\/ee7935c9-7ebd-4f6d-86f8-ff28973eed0f-300x225.jpeg 300w, https:\/\/www.confederaciondelcobre.cl\/wp-content\/uploads\/2022\/07\/ee7935c9-7ebd-4f6d-86f8-ff28973eed0f-768x576.jpeg 768w, https:\/\/www.confederaciondelcobre.cl\/wp-content\/uploads\/2022\/07\/ee7935c9-7ebd-4f6d-86f8-ff28973eed0f-1536x1152.jpeg 1536w, https:\/\/www.confederaciondelcobre.cl\/wp-content\/uploads\/2022\/07\/ee7935c9-7ebd-4f6d-86f8-ff28973eed0f.jpeg 1600w\" sizes=\"auto, (max-width: 1024px) 100vw, 1024px\" \/><\/figure>\n<\/figure>\n\n\n\n<p><strong>Rancagua<\/strong><\/p>\n\n\n\n<p>En Rancagua, tambi\u00e9n ayer 24 de julio, y organizada por la Federaci\u00f3n de Trabajadores Territorial del Cobre #FETRATEC, se desarroll\u00f3 otra velat\u00f3n en memoria de Nelson Quichillao. En el encuentro, que se llev\u00f3 a cabo en la sede de la FETRATEC, y encabezada por su Presidente, Jos\u00e9 Irarr\u00e1zabal Camus, quien tambi\u00e9n es Director Nacional Encargado de Investigaci\u00f3n y Formaci\u00f3n de la CTC, se reivindic\u00f3 la memoria de nuestro compa\u00f1ero, as\u00ed como su compromiso y lucha por los derechos de las y los trabajadores. En la oportunidad, se destac\u00f3 y di\u00f3 cuenta del inquebrantable compromiso de nuestra organizaci\u00f3n en torno la b\u00fasqueda de verdad y justicia para Nelson Quichillao, y con ello para su familia y, en definitiva, para las y los trabajadores. Se insisti\u00f3 en que este crimen no puede quedar impune, pues existen responsabilidades materiales de quienes ejecutaron su crimen, pero tambi\u00e9n responsabilidades pol\u00edticas de quienes autorizaron y ordenaron la brutal represi\u00f3n desatada en contra de las y los trabajadores que se manifestaban por mejoras en sus condiciones laborales aquel 24 de julio de 2015.<\/p>\n\n\n\n<figure class=\"wp-block-gallery has-nested-images columns-default is-cropped wp-block-gallery-2 is-layout-flex wp-block-gallery-is-layout-flex\">\n<figure class=\"wp-block-image size-large\"><img loading=\"lazy\" decoding=\"async\" width=\"1024\" height=\"461\" data-id=\"2714\" src=\"https:\/\/www.confederaciondelcobre.cl\/wp-content\/uploads\/2022\/07\/30bcf573-3575-4c80-9a85-152e3163b130-1024x461.jpeg\" alt=\"\" class=\"wp-image-2714\" srcset=\"https:\/\/www.confederaciondelcobre.cl\/wp-content\/uploads\/2022\/07\/30bcf573-3575-4c80-9a85-152e3163b130-1024x461.jpeg 1024w, https:\/\/www.confederaciondelcobre.cl\/wp-content\/uploads\/2022\/07\/30bcf573-3575-4c80-9a85-152e3163b130-300x135.jpeg 300w, https:\/\/www.confederaciondelcobre.cl\/wp-content\/uploads\/2022\/07\/30bcf573-3575-4c80-9a85-152e3163b130-768x346.jpeg 768w, https:\/\/www.confederaciondelcobre.cl\/wp-content\/uploads\/2022\/07\/30bcf573-3575-4c80-9a85-152e3163b130.jpeg 1280w\" sizes=\"auto, (max-width: 1024px) 100vw, 1024px\" \/><\/figure>\n\n\n\n<figure class=\"wp-block-image size-large\"><img loading=\"lazy\" decoding=\"async\" width=\"1024\" height=\"461\" data-id=\"2715\" src=\"https:\/\/www.confederaciondelcobre.cl\/wp-content\/uploads\/2022\/07\/c4b0f91b-380e-480a-b0d0-6463e530304a-1024x461.jpeg\" alt=\"\" class=\"wp-image-2715\" srcset=\"https:\/\/www.confederaciondelcobre.cl\/wp-content\/uploads\/2022\/07\/c4b0f91b-380e-480a-b0d0-6463e530304a-1024x461.jpeg 1024w, https:\/\/www.confederaciondelcobre.cl\/wp-content\/uploads\/2022\/07\/c4b0f91b-380e-480a-b0d0-6463e530304a-300x135.jpeg 300w, https:\/\/www.confederaciondelcobre.cl\/wp-content\/uploads\/2022\/07\/c4b0f91b-380e-480a-b0d0-6463e530304a-768x346.jpeg 768w, https:\/\/www.confederaciondelcobre.cl\/wp-content\/uploads\/2022\/07\/c4b0f91b-380e-480a-b0d0-6463e530304a.jpeg 1280w\" sizes=\"auto, (max-width: 1024px) 100vw, 1024px\" \/><\/figure>\n\n\n\n<figure class=\"wp-block-image size-large\"><img loading=\"lazy\" decoding=\"async\" width=\"1024\" height=\"461\" data-id=\"2713\" src=\"https:\/\/www.confederaciondelcobre.cl\/wp-content\/uploads\/2022\/07\/f3c45d1b-daea-4c0e-99d1-63a83dae5233-1024x461.jpeg\" alt=\"\" class=\"wp-image-2713\" srcset=\"https:\/\/www.confederaciondelcobre.cl\/wp-content\/uploads\/2022\/07\/f3c45d1b-daea-4c0e-99d1-63a83dae5233-1024x461.jpeg 1024w, https:\/\/www.confederaciondelcobre.cl\/wp-content\/uploads\/2022\/07\/f3c45d1b-daea-4c0e-99d1-63a83dae5233-300x135.jpeg 300w, https:\/\/www.confederaciondelcobre.cl\/wp-content\/uploads\/2022\/07\/f3c45d1b-daea-4c0e-99d1-63a83dae5233-768x346.jpeg 768w, https:\/\/www.confederaciondelcobre.cl\/wp-content\/uploads\/2022\/07\/f3c45d1b-daea-4c0e-99d1-63a83dae5233.jpeg 1280w\" sizes=\"auto, (max-width: 1024px) 100vw, 1024px\" \/><\/figure>\n<\/figure>\n\n\n\n<p>La conmemoraci\u00f3n de ayer, tanto en Rancagua como en El Salvador, y junto con ser una fecha de profunda tristeza por el asesinato de nuestro compa\u00f1ero Nelson Quichillao L\u00f3pez, tambi\u00e9n fue motivo para reafirmar la vocaci\u00f3n y compromiso de justicia que la Confederaci\u00f3n de Trabajadores del Cobre, organizaci\u00f3n nacional que agrupa y organiza a las y los trabajadores subcontratados de la miner\u00eda, tiene con las y los trabajadores.<\/p>\n\n\n\n<hr class=\"wp-block-separator has-alpha-channel-opacity\"\/>\n\n\n\n<p><\/p>\n\n\n\n<p><strong>A continuaci\u00f3n dejamos la transcricpi\u00f3n \u00edntegra del saludo y discurso de la Secretaria General de la Confederaci\u00f3n de Trabajadores del Cobre, Ana Lamas Aguirre<\/strong>, ofrecido en la jornada de velat\u00f3n y homenaje a nuestro compa\u00f1ero Nelson Quichillao L\u00f3pez en su memorial de El Salvador (reg. de Atacama):<br><br><\/p>\n\n\n\n<p>Queridas compa\u00f1eros, queridos compa\u00f1eros:<\/p>\n\n\n\n<p>Quiero entregar un fraternal saludo, enviamos nuestro saludo cari\u00f1oso y nuestros respetos, de manera especial, a la familia de Nelson Quichillao L\u00f3pez, nuestro querido compa\u00f1ero y amigo que, en este mismo lugar, cayera alevosamente asesinado por Fuerzas Especiales de Carabineros de Chile.<\/p>\n\n\n\n<p>Recordamos a Nelson como un trabajador honesto, responsable, que se gan\u00f3 siempre el amor de su familia y el cari\u00f1o de sus compa\u00f1eros de trabajo, y que siendo como era, amante de la justicia y con un alto sentido de solidaridad de clase, no dud\u00f3 en incorporarse al movimiento de los trabajadores contratistas del cobre y a las luchas en demanda de mejores y m\u00e1s justas condiciones de vida y de trabajo. En el marco de esas movilizaciones, cae aquel 24 de julio de 2015, como luchador decidido y consecuente, v\u00edctima de un Estado represivo que criminaliza la protesta social y que no duda en aplastar brutal y criminalmente toda se\u00f1al de rebeld\u00eda contra las injusticias del sistema.&nbsp;<\/p>\n\n\n\n<p>Nelson es una v\u00edctima m\u00e1s de la violencia hist\u00f3rica con que las fuerzas uniformadas, en defensa de los poderosos, han atacado al pueblo en diversas \u00e9pocas y en distintos lugares de Chile.<\/p>\n\n\n\n<p>Por eso, tambi\u00e9n extendemos nuestro homenaje a las compa\u00f1eras y compa\u00f1eros Marta Egurrola de Miles, Osvaldina Chaparro Castillo, Ram\u00f3n Santos Contreras, Ra\u00fal Monardes, Luis Alvarado, Delf\u00edn Galaz, Mauricio Dub\u00f3 y Manuel Contreras Castillo, que fueron asesinados por fuerzas represivas el 11 de marzo de 1966, a las puertas del Sindicato de Obreros, en otra justa movilizaci\u00f3n de los trabajadores del cobre.<\/p>\n\n\n\n<p>A ellos sumamos los compa\u00f1eros ca\u00eddos bajo el terror militar en los 17 a\u00f1os de dictadura: Benito Tapia Tapia, Maguindo Castillo Andrade, Ricardo Garc\u00eda Posada, Guillermo Rojas Zamora, Joel Huaiqui\u00f1ir Benavides. Y de tantos chilenos y chilenas que dieron su vida por el bienestar de las nuevas generaciones, entre los cuales no podemos dejar de mencionar a las victimas de la represion del gobierno de Pi\u00f1era, en todo el proceso del estallido social y revuelta popular, sin olvidar a quienes fueron heridos y mutilados y a quienes aun permanencen encarcelados como presos politicos del sistema.<\/p>\n\n\n\n<p>As\u00ed como Nelson, tambi\u00e9n fueron v\u00edctimas de pol\u00edticas represivas, antisociales y criminales de gobierno, y su muerte tambi\u00e9n ha quedado en la m\u00e1s total impunidad. Pero nosotros no los olvidamos. Honor y gloria, tambi\u00e9n para ellas y ellos.<\/p>\n\n\n\n<p>Del asesinato de Nelson han transcurrido siete a\u00f1os, la justicia ha cerrado ojos y o\u00eddos y, pese a todas las gestiones que como organizaci\u00f3n sindical hemos hecho a nivel nacional e internacional, el criminal sigue libre.<\/p>\n\n\n\n<p>Pero en este per\u00edodo han sucedido muchas cosas en Chile. No nos cabe duda que Nelson habr\u00eda estado presente en las luchas sociales que han surgido en el pa\u00eds, especialmente desde el 18 de octubre de 2019, en que el pueblo despierta y se alza en rebeld\u00eda frente al modelo econ\u00f3mico y pol\u00edtico que fue impuesto por la fuerza hace m\u00e1s de cuarenta a\u00f1os. Estar\u00eda feliz de saber que hoy, gracias a las movilizaciones sociales iniciadas por nuestros j\u00f3venes estudiantes,se construye democr\u00e1ticamente una nueva Constituci\u00f3n, que ser\u00e1 el punto de partida para un Chile distinto, m\u00e1s solidario y m\u00e1s justo. Estar\u00eda contento, tambi\u00e9n, al saber que en cada una de las elecciones que se han llevado a cabo en el \u00faltimo a\u00f1o, las fuerzas que sostienen el modelo han sido categ\u00f3ricamente rechazadas por el pueblo. Y ver\u00eda con alegr\u00eda que en la redacci\u00f3n del nuevo texto constitucional particip\u00f3 su propio pueblo mapuche, junto con el aimara, rapanui, quechua, likan Antay, diaguita, colla, chango, Kawashkar y yag\u00e1n, porque el Chile nuevo, por exigencia del pueblo, ser\u00e1 un pa\u00eds plurinacional y pluricultural.&nbsp;<\/p>\n\n\n\n<p>Compa\u00f1eras y compa\u00f1eros: El recuerdo y el ejemplo de Nelson y de tantos otros y otras luchadoras sociales y sindicales, debe estar presente y guiarnos para continuar el camino en la conquista de los derechos humanos, laborales, pol\u00edticos y sociales que el sistema nos niega.<\/p>\n\n\n\n<p>Este nuevo aniversario del brutal asesinato de nuestro compa\u00f1ero Nelson lo vivimos en un momento hist\u00f3rico de nuestro pa\u00eds, por primera vez vamos a votar una Nueva Constituci\u00f3n para Chile que ha sido redactada en un proceso participativo, paritario y con esca\u00f1os reservados para los pueblos originarios. En este texto constitucional se consagran derechos para los trabajadores y trabajadoras que venimos demandando durante siglos y que ha significado largas y dolorosas luchas en b\u00fasqueda de la dignidad y el respeto. Seguimos demandando justicia para Nelson y esperamos que el camino sea m\u00e1s sencillo con la nueva Constituci\u00f3n que pone en el coraz\u00f3n los derechos para las personas y coloca freno a los abusos, garantizando el derecho a la justicia, a la no repetici\u00f3n de los cr\u00edmenes de lesa humanidad y a la memoria. Con la fuerza de Nelson, con profundo sentido de clase y con la frente en alto seguimos avanzando en las luchas y conquistas de los trabajadores y trabajadoras.<\/p>\n\n\n\n<p class=\"has-text-align-center\">Arriba los que luchan y jam\u00e1s se rinden.<\/p>\n\n\n\n<p>Ana Lamas Aguirre, Secretaria General de la Confederaci\u00f3n de Trabajadores del Cobre, CTC. <\/p>\n\n\n\n<p>El Salvador, domingo 24 de julio de 2022.<\/p>\n","protected":false},"excerpt":{"rendered":"<p>Ayer, 24 de julio, y a siete a\u00f1os desde que nuestro compa\u00f1ero Nelson Quichillao L\u00f3pez fuera asesinado por fuerzas represivas del Estado, mientras se manifestaba junto a sus compa\u00f1eras y &hellip; <\/p>\n","protected":false},"author":2,"featured_media":2702,"comment_status":"closed","ping_status":"closed","sticky":false,"template":"","format":"standard","meta":{"jetpack_post_was_ever_published":false,"_jetpack_newsletter_access":"","_jetpack_dont_email_post_to_subs":false,"_jetpack_newsletter_tier_id":0,"_jetpack_memberships_contains_paywalled_content":false,"_jetpack_memberships_contains_paid_content":false,"footnotes":"","jetpack_publicize_message":"","jetpack_publicize_feature_enabled":false,"jetpack_social_post_already_shared":true,"jetpack_social_options":{"image_generator_settings":{"template":"highway","default_image_id":0,"enabled":false},"version":2}},"categories":[9,21,28,25,31,32,19],"tags":[],"class_list":["post-2700","post","type-post","status-publish","format-standard","has-post-thumbnail","hentry","category-confederacion","category-federaciones","category-fesal","category-fesamav","category-fetratec","category-nelson-quichillao","category-trabajadores"],"jetpack_publicize_connections":[],"jetpack_featured_media_url":"https:\/\/www.confederaciondelcobre.cl\/wp-content\/uploads\/2022\/07\/PortVelNQ.jpg","jetpack_sharing_enabled":true,"post_mailing_queue_ids":[],"_links":{"self":[{"href":"https:\/\/www.confederaciondelcobre.cl\/index.php\/wp-json\/wp\/v2\/posts\/2700","targetHints":{"allow":["GET"]}}],"collection":[{"href":"https:\/\/www.confederaciondelcobre.cl\/index.php\/wp-json\/wp\/v2\/posts"}],"about":[{"href":"https:\/\/www.confederaciondelcobre.cl\/index.php\/wp-json\/wp\/v2\/types\/post"}],"author":[{"embeddable":true,"href":"https:\/\/www.confederaciondelcobre.cl\/index.php\/wp-json\/wp\/v2\/users\/2"}],"replies":[{"embeddable":true,"href":"https:\/\/www.confederaciondelcobre.cl\/index.php\/wp-json\/wp\/v2\/comments?post=2700"}],"version-history":[{"count":6,"href":"https:\/\/www.confederaciondelcobre.cl\/index.php\/wp-json\/wp\/v2\/posts\/2700\/revisions"}],"predecessor-version":[{"id":2717,"href":"https:\/\/www.confederaciondelcobre.cl\/index.php\/wp-json\/wp\/v2\/posts\/2700\/revisions\/2717"}],"wp:featuredmedia":[{"embeddable":true,"href":"https:\/\/www.confederaciondelcobre.cl\/index.php\/wp-json\/wp\/v2\/media\/2702"}],"wp:attachment":[{"href":"https:\/\/www.confederaciondelcobre.cl\/index.php\/wp-json\/wp\/v2\/media?parent=2700"}],"wp:term":[{"taxonomy":"category","embeddable":true,"href":"https:\/\/www.confederaciondelcobre.cl\/index.php\/wp-json\/wp\/v2\/categories?post=2700"},{"taxonomy":"post_tag","embeddable":true,"href":"https:\/\/www.confederaciondelcobre.cl\/index.php\/wp-json\/wp\/v2\/tags?post=2700"}],"curies":[{"name":"wp","href":"https:\/\/api.w.org\/{rel}","templated":true}]}}