{"id":2719,"date":"2022-07-29T15:05:09","date_gmt":"2022-07-29T19:05:09","guid":{"rendered":"https:\/\/www.confederaciondelcobre.cl\/?p=2719"},"modified":"2022-07-29T15:05:11","modified_gmt":"2022-07-29T19:05:11","slug":"sindicato-tramsalpo-finaliza-con-exito-negociacion-colectiva","status":"publish","type":"post","link":"https:\/\/www.confederaciondelcobre.cl\/index.php\/2022\/07\/29\/sindicato-tramsalpo-finaliza-con-exito-negociacion-colectiva\/","title":{"rendered":"Sindicato TRAMSALPO finaliza con \u00e9xito Negociaci\u00f3n Colectiva."},"content":{"rendered":"\n<p>A pesar de que la empresa busc\u00f3 (y no pudo) excluir la participaci\u00f3n de una importante cantidad de socios, el Sindicato TRAMSALPO logr\u00f3 importantes avances en materia de remuneraciones y condiciones laborales, a la vez que ratific\u00f3 que la unidad, organizaci\u00f3n y lucha de las y los trabajadores es el camino.<\/p>\n\n\n\n<p>El martes 26 de julio finalmente se di\u00f3 por concluida la negociaci\u00f3n colectiva reglada, que el Sindicato Interempresa Trabajadores Multiservicios Salvador Potrerillos (TRAMSALPO) estaba llevando con la empresa de gesti\u00f3n de proyectos Pro Ltda. <strong>La negociaci\u00f3n, marcada en su inicio por se\u00f1ales de apertura y disposici\u00f3n por parte de la empresa, al poco tiempo cambi\u00f3 de escenario. Y es que Pro Ltda. hab\u00eda excluido de dicha negociaci\u00f3n a una parte importante de los socios del sindicato. El argumento de la empresa era que el grupo de trabajadores ya hab\u00eda sido parte de otra negociaci\u00f3n (v\u00eda &#8220;grupo negociador&#8221;) y que ese hecho les inhabilitaba del actual proceso. Por su parte, y a fin de revertir dicha situaci\u00f3n, el sindicato TRAMSALPO, en conjunto con la Confederaci\u00f3n de Trabajadores del Cobre (CTC), recurrieron a la Inspecci\u00f3n del Trabajo<\/strong>. Una vez all\u00ed, y luego de presentados los argumentos de dirigentes y equipo jur\u00eddico de la CTC, <strong>la Inspecci\u00f3n del Trabajo resolvi\u00f3 en favor del sindicato estableciendo la preeminencia de la v\u00eda regular de negociaci\u00f3n, es decir que la Negociaci\u00f3n Colectiva Sindical prevalece por sobre la de grupos negociadores, y que por tanto las y los trabajadores que la empresa hab\u00eda excluido en un principio ten\u00edan el absoluto derecho de participar en la presente negociaci\u00f3n<\/strong>. Dicha resoluci\u00f3n, cabe destacar, significa un importante golpe al subterfugio de los &#8220;grupos negociadores&#8221;, que vulneran la libertad sindical, al bloquear el derecho a la negociaci\u00f3n colectiva de los sindicatos.<\/p>\n\n\n\n<p>Resuelto lo anterior, y continuando con la negociaci\u00f3n, la empresa Pro Ltda. segu\u00eda sin acceder a las justas demandas de las y los trabajadores, que, entre otras, inclu\u00eda un reajuste salarial y la mejora de sus condiciones laborales. Fue de esa manera, entonces, que las y los trabajadores se vieron en la obligaci\u00f3n de hacer uso de uno de sus derechos: la huelga.<\/p>\n\n\n\n<p>La huelga, que hab\u00eda sido votada el 15 de julio, pronto se har\u00eda efectiva y la empresa, en un claro af\u00e1n de dilatar las cosas, solicit\u00f3 la &#8220;mediaci\u00f3n obligatoria&#8221;. En dicha instancia, que incluy\u00f3 a la Inspecci\u00f3n del Trabajo actuando como mediador, la empresa Pro Ltda. poco a poco fue cambiando su actitud hasta que finalmente, el martes 26 de julio, se abri\u00f3 a llegar a un acuerdo con las y los trabajadores.<\/p>\n\n\n\n<ul class=\"wp-block-list\"><li>Entre los logros obtenidos por el sindicato se encuentran el <strong>aumento y reajuste real (garantizado) en sus remuneraciones<\/strong>, el establecimiento de <strong>becas, sala cuna, la posibilidad de acceder a prestamos sociales y el pago garantizado del salario a quienes sean declarados como contacto estrecho Covid<\/strong>. Tambi\u00e9n consiguieron el compromiso de <strong>evaluar, con la Comisi\u00f3n Ergon\u00f3mica Nacional, las labores en que las y los trabajadores se desempe\u00f1an<\/strong>, esto con la finalidad de detectar y determinar funciones como trabajo pesado, lo que implicar\u00eda el aumento en sus imposiciones y la posibilidad de pensionarse anticipadamente. <strong>Otro importante logro de esta negociaci\u00f3n es la titularidad sindical del presente contrato<\/strong>, significando que los beneficiarios de dicho instrumento son \u00fanicamente las y los socios del sindicato TRAMSALPO.<\/li><\/ul>\n\n\n\n<p>Por su parte, <strong>Daniel C\u00e1ceres, Presidente del Sindicato Interempresa Multiservicios Salvador Potrerillos<\/strong>, <strong>manifest\u00f3 su<\/strong> <strong>reconocimiento hacia las y los socios del sindicato<\/strong>, que, a pesar de las maniobras de la empresa, se mantuvieron unidos y organizados. De igual manera, <strong>manifest\u00f3 su gratitud hacia la Confederaci\u00f3n de Trabajadores del Cobre<\/strong>, organizaci\u00f3n nacional de la cual como sindicato son parte, y que les acompa\u00f1\u00f3 y apoy\u00f3 permanentemente durante todo este proceso. Finalmente, el Presidente del sindicato TRAMSALPO, <strong>destac\u00f3 la activa participaci\u00f3n de las y los socios del sindicato, quienes se involucraron directamente en todo el proceso, incluyendo la propia elaboraci\u00f3n del proyecto de negociaci\u00f3n. Lo anterior, insisti\u00f3 Daniel C\u00e1ceres, ratifica que solo la unidad, organizaci\u00f3n y lucha de las y los trabajadores es el camino.<\/strong><\/p>\n\n\n\n<figure class=\"wp-block-gallery has-nested-images columns-default is-cropped wp-block-gallery-1 is-layout-flex wp-block-gallery-is-layout-flex\">\n<figure class=\"wp-block-image size-large\"><img loading=\"lazy\" decoding=\"async\" width=\"1024\" height=\"768\" data-id=\"2728\" src=\"https:\/\/www.confederaciondelcobre.cl\/wp-content\/uploads\/2022\/07\/6c93d6f7-c2c3-4792-a640-e63410ac167b-1024x768.jpeg\" alt=\"\" class=\"wp-image-2728\" srcset=\"https:\/\/www.confederaciondelcobre.cl\/wp-content\/uploads\/2022\/07\/6c93d6f7-c2c3-4792-a640-e63410ac167b-1024x768.jpeg 1024w, https:\/\/www.confederaciondelcobre.cl\/wp-content\/uploads\/2022\/07\/6c93d6f7-c2c3-4792-a640-e63410ac167b-300x225.jpeg 300w, https:\/\/www.confederaciondelcobre.cl\/wp-content\/uploads\/2022\/07\/6c93d6f7-c2c3-4792-a640-e63410ac167b-768x576.jpeg 768w, https:\/\/www.confederaciondelcobre.cl\/wp-content\/uploads\/2022\/07\/6c93d6f7-c2c3-4792-a640-e63410ac167b.jpeg 1280w\" sizes=\"auto, (max-width: 1024px) 100vw, 1024px\" \/><\/figure>\n\n\n\n<figure class=\"wp-block-image size-large\"><img loading=\"lazy\" decoding=\"async\" width=\"1024\" height=\"768\" data-id=\"2729\" src=\"https:\/\/www.confederaciondelcobre.cl\/wp-content\/uploads\/2022\/07\/20c1ac91-7eff-4999-8f0a-900288882139-1024x768.jpeg\" alt=\"\" class=\"wp-image-2729\" srcset=\"https:\/\/www.confederaciondelcobre.cl\/wp-content\/uploads\/2022\/07\/20c1ac91-7eff-4999-8f0a-900288882139-1024x768.jpeg 1024w, https:\/\/www.confederaciondelcobre.cl\/wp-content\/uploads\/2022\/07\/20c1ac91-7eff-4999-8f0a-900288882139-300x225.jpeg 300w, https:\/\/www.confederaciondelcobre.cl\/wp-content\/uploads\/2022\/07\/20c1ac91-7eff-4999-8f0a-900288882139-768x576.jpeg 768w, https:\/\/www.confederaciondelcobre.cl\/wp-content\/uploads\/2022\/07\/20c1ac91-7eff-4999-8f0a-900288882139.jpeg 1280w\" sizes=\"auto, (max-width: 1024px) 100vw, 1024px\" \/><\/figure>\n\n\n\n<figure class=\"wp-block-image size-large\"><img loading=\"lazy\" decoding=\"async\" width=\"1024\" height=\"768\" data-id=\"2744\" src=\"https:\/\/www.confederaciondelcobre.cl\/wp-content\/uploads\/2022\/07\/a0d51b6e-1fd5-4a51-be72-ba9d0a8fd692-1024x768.jpeg\" alt=\"\" class=\"wp-image-2744\" srcset=\"https:\/\/www.confederaciondelcobre.cl\/wp-content\/uploads\/2022\/07\/a0d51b6e-1fd5-4a51-be72-ba9d0a8fd692-1024x768.jpeg 1024w, https:\/\/www.confederaciondelcobre.cl\/wp-content\/uploads\/2022\/07\/a0d51b6e-1fd5-4a51-be72-ba9d0a8fd692-300x225.jpeg 300w, https:\/\/www.confederaciondelcobre.cl\/wp-content\/uploads\/2022\/07\/a0d51b6e-1fd5-4a51-be72-ba9d0a8fd692-768x576.jpeg 768w, https:\/\/www.confederaciondelcobre.cl\/wp-content\/uploads\/2022\/07\/a0d51b6e-1fd5-4a51-be72-ba9d0a8fd692.jpeg 1280w\" sizes=\"auto, (max-width: 1024px) 100vw, 1024px\" \/><\/figure>\n\n\n\n<figure class=\"wp-block-image size-large\"><img loading=\"lazy\" decoding=\"async\" width=\"1024\" height=\"768\" data-id=\"2732\" src=\"https:\/\/www.confederaciondelcobre.cl\/wp-content\/uploads\/2022\/07\/4883b5a2-5c96-40d4-bb7e-56b0ebcfa5a6-1024x768.jpeg\" alt=\"\" class=\"wp-image-2732\" srcset=\"https:\/\/www.confederaciondelcobre.cl\/wp-content\/uploads\/2022\/07\/4883b5a2-5c96-40d4-bb7e-56b0ebcfa5a6-1024x768.jpeg 1024w, https:\/\/www.confederaciondelcobre.cl\/wp-content\/uploads\/2022\/07\/4883b5a2-5c96-40d4-bb7e-56b0ebcfa5a6-300x225.jpeg 300w, https:\/\/www.confederaciondelcobre.cl\/wp-content\/uploads\/2022\/07\/4883b5a2-5c96-40d4-bb7e-56b0ebcfa5a6-768x576.jpeg 768w, https:\/\/www.confederaciondelcobre.cl\/wp-content\/uploads\/2022\/07\/4883b5a2-5c96-40d4-bb7e-56b0ebcfa5a6.jpeg 1280w\" sizes=\"auto, (max-width: 1024px) 100vw, 1024px\" \/><\/figure>\n\n\n\n<figure class=\"wp-block-image size-large\"><img loading=\"lazy\" decoding=\"async\" width=\"1024\" height=\"768\" data-id=\"2731\" src=\"https:\/\/www.confederaciondelcobre.cl\/wp-content\/uploads\/2022\/07\/68389b3d-4949-46ac-8f32-b94707074eb9-1024x768.jpeg\" alt=\"\" class=\"wp-image-2731\" srcset=\"https:\/\/www.confederaciondelcobre.cl\/wp-content\/uploads\/2022\/07\/68389b3d-4949-46ac-8f32-b94707074eb9-1024x768.jpeg 1024w, https:\/\/www.confederaciondelcobre.cl\/wp-content\/uploads\/2022\/07\/68389b3d-4949-46ac-8f32-b94707074eb9-300x225.jpeg 300w, https:\/\/www.confederaciondelcobre.cl\/wp-content\/uploads\/2022\/07\/68389b3d-4949-46ac-8f32-b94707074eb9-768x576.jpeg 768w, https:\/\/www.confederaciondelcobre.cl\/wp-content\/uploads\/2022\/07\/68389b3d-4949-46ac-8f32-b94707074eb9.jpeg 1280w\" sizes=\"auto, (max-width: 1024px) 100vw, 1024px\" \/><\/figure>\n<\/figure>\n","protected":false},"excerpt":{"rendered":"<p>A pesar de que la empresa busc\u00f3 (y no pudo) excluir la participaci\u00f3n de una importante cantidad de socios, el Sindicato TRAMSALPO logr\u00f3 importantes avances en materia de remuneraciones y &hellip; <\/p>\n","protected":false},"author":2,"featured_media":2734,"comment_status":"closed","ping_status":"closed","sticky":false,"template":"","format":"standard","meta":{"jetpack_post_was_ever_published":false,"_jetpack_newsletter_access":"","_jetpack_dont_email_post_to_subs":false,"_jetpack_newsletter_tier_id":0,"_jetpack_memberships_contains_paywalled_content":false,"_jetpack_memberships_contains_paid_content":false,"footnotes":"","jetpack_publicize_message":"","jetpack_publicize_feature_enabled":false,"jetpack_social_post_already_shared":true,"jetpack_social_options":{"image_generator_settings":{"template":"highway","default_image_id":0,"enabled":false},"version":2}},"categories":[9,20,19],"tags":[],"class_list":["post-2719","post","type-post","status-publish","format-standard","has-post-thumbnail","hentry","category-confederacion","category-negociacion-colectiva","category-trabajadores"],"jetpack_publicize_connections":[],"jetpack_featured_media_url":"https:\/\/www.confederaciondelcobre.cl\/wp-content\/uploads\/2022\/07\/Port.jpg","jetpack_sharing_enabled":true,"post_mailing_queue_ids":[],"_links":{"self":[{"href":"https:\/\/www.confederaciondelcobre.cl\/index.php\/wp-json\/wp\/v2\/posts\/2719","targetHints":{"allow":["GET"]}}],"collection":[{"href":"https:\/\/www.confederaciondelcobre.cl\/index.php\/wp-json\/wp\/v2\/posts"}],"about":[{"href":"https:\/\/www.confederaciondelcobre.cl\/index.php\/wp-json\/wp\/v2\/types\/post"}],"author":[{"embeddable":true,"href":"https:\/\/www.confederaciondelcobre.cl\/index.php\/wp-json\/wp\/v2\/users\/2"}],"replies":[{"embeddable":true,"href":"https:\/\/www.confederaciondelcobre.cl\/index.php\/wp-json\/wp\/v2\/comments?post=2719"}],"version-history":[{"count":14,"href":"https:\/\/www.confederaciondelcobre.cl\/index.php\/wp-json\/wp\/v2\/posts\/2719\/revisions"}],"predecessor-version":[{"id":2748,"href":"https:\/\/www.confederaciondelcobre.cl\/index.php\/wp-json\/wp\/v2\/posts\/2719\/revisions\/2748"}],"wp:featuredmedia":[{"embeddable":true,"href":"https:\/\/www.confederaciondelcobre.cl\/index.php\/wp-json\/wp\/v2\/media\/2734"}],"wp:attachment":[{"href":"https:\/\/www.confederaciondelcobre.cl\/index.php\/wp-json\/wp\/v2\/media?parent=2719"}],"wp:term":[{"taxonomy":"category","embeddable":true,"href":"https:\/\/www.confederaciondelcobre.cl\/index.php\/wp-json\/wp\/v2\/categories?post=2719"},{"taxonomy":"post_tag","embeddable":true,"href":"https:\/\/www.confederaciondelcobre.cl\/index.php\/wp-json\/wp\/v2\/tags?post=2719"}],"curies":[{"name":"wp","href":"https:\/\/api.w.org\/{rel}","templated":true}]}}