{"id":2749,"date":"2022-07-29T23:16:07","date_gmt":"2022-07-30T03:16:07","guid":{"rendered":"https:\/\/www.confederaciondelcobre.cl\/?p=2749"},"modified":"2022-07-29T23:16:08","modified_gmt":"2022-07-30T03:16:08","slug":"trabajadores-intoxicados-por-monoxido-de-carbono-sindicato-fepasa-los-andes-denuncia-falta-de-mantencion-en-locomotoras","status":"publish","type":"post","link":"https:\/\/www.confederaciondelcobre.cl\/index.php\/2022\/07\/29\/trabajadores-intoxicados-por-monoxido-de-carbono-sindicato-fepasa-los-andes-denuncia-falta-de-mantencion-en-locomotoras\/","title":{"rendered":"Trabajadores intoxicados por mon\u00f3xido de carbono: Sindicato Fepasa Los Andes denuncia falta de mantenci\u00f3n en locomotoras."},"content":{"rendered":"\n<p><strong>Ya en 2018 ped\u00edan mejoras en las condiciones de seguridad, aislamiento de ruidos, entre otras<\/strong>, y el caso es que la situaci\u00f3n de inseguridad, a lo que hoy se suman intoxicaciones por mon\u00f3xido de carbono, persisten.<\/p>\n\n\n\n<hr class=\"wp-block-separator has-alpha-channel-opacity\"\/>\n\n\n\n<p>Una manifestaci\u00f3n pac\u00edfica, que buscaba impedir la salida de trenes a la espera de un pronunciamiento por parte de la empresa, es lo que el Sindicato Fepasa Los Andes llev\u00f3 a cabo el d\u00eda de hoy. <strong>La movilizaci\u00f3n, cabe se\u00f1alar, se produjo debido a una nueva intoxicaci\u00f3n por mon\u00f3xido de carbono que afect\u00f3 a un trabajador que se desempe\u00f1a como maquinista<\/strong> <strong>para la empresa Ferrocarriles del Pac\u00edfico S.A<\/strong>. (FEPASA).<\/p>\n\n\n\n<p>El trabajador afectado, que luego de terminado su turno del d\u00eda jueves mostr\u00f3 complicaciones de salud durante la madrugada de hoy viernes, <strong>no es el primero en sufrir una intoxicaci\u00f3n de este tipo<\/strong>. <strong>Y es que en mayo de este mismo a\u00f1o, ya se hab\u00eda registrado un caso de similares caracter\u00edsticas, afectando en aquella oportunidad a un ayudante de maquinista<\/strong>. Lo anterior \u2014as\u00ed denunciado por el sindicato\u2014 evidencia una <strong>grave falta de mantenci\u00f3n en las locomotoras<\/strong> que transportan concentrado de cobre, <strong>una situaci\u00f3n que, junto con repercutir, por ejemplo, en la filtraci\u00f3n de ruido, agua, viento y gases; pone en serio riesgo no solo la salud y seguridad de los trabajadores, sino que su propia vida<\/strong>.<\/p>\n\n\n\n<p><strong><a href=\"https:\/\/archivoconfecobre.cl\/index.php\/2018\/05\/10\/sindicato-fepasa-de-los-andes-inicia-proceso-de-negociacion-colectiva\/\" target=\"_blank\" rel=\"noreferrer noopener\">Ya en 2018 el Sindicato Fepasa Los Andes ped\u00eda mejoras en las condiciones de seguridad<\/a>, donde el aislamiento de ruidos y el sistema de frenos de las locomotoras eran, en ese entonces, la mayor preocupaci\u00f3n.<\/strong> Pasado el tiempo, cuatro a\u00f1os despu\u00e9s, la falta de mantenci\u00f3n y las condiciones de seguridad siguen siendo no solo una preocupaci\u00f3n sino que un verdadero riesgo para los trabajadores de la empresa Ferrocarriles de Pac\u00edfico S.A.<\/p>\n\n\n\n<p><strong>Por ahora, los trabajadores y el Sindicato FEPASA Los Andes se encuentran a la espera de establecer una mesa de trabajo con la empresa a la que prestan servicio (FEPASA), pero tambi\u00e9n esperan que a dicha instancia se sume la empresa mandante, que es Codelco<\/strong>, pues en su rol de tal tiene un deber: velar y ser garante de un riguroso cumplimiento de la normativa laboral, donde la salud y seguridad de las personas son y deben ser prioridad.<\/p>\n\n\n\n<p><strong>Los \u00faltimos acontecimientos en miner\u00eda, en que se han producido dos accidentes fatales en un lapso de alrededor de solo diez d\u00edas, deben ser un llamado ya no de atenci\u00f3n sino un definitivo llamado a la acci\u00f3n. Ning\u00fan proceso productivo, ninguna faena ni labor deben estar por sobre la salud, seguridad y vida de las personas.<\/strong><\/p>\n","protected":false},"excerpt":{"rendered":"<p>Ya en 2018 ped\u00edan mejoras en las condiciones de seguridad, aislamiento de ruidos, entre otras, y el caso es que la situaci\u00f3n de inseguridad, a lo que hoy se suman &hellip; <\/p>\n","protected":false},"author":2,"featured_media":2756,"comment_status":"closed","ping_status":"closed","sticky":false,"template":"","format":"standard","meta":{"jetpack_post_was_ever_published":false,"_jetpack_newsletter_access":"","_jetpack_dont_email_post_to_subs":false,"_jetpack_newsletter_tier_id":0,"_jetpack_memberships_contains_paywalled_content":false,"_jetpack_memberships_contains_paid_content":false,"footnotes":"","jetpack_publicize_message":"","jetpack_publicize_feature_enabled":false,"jetpack_social_post_already_shared":true,"jetpack_social_options":{"image_generator_settings":{"template":"highway","default_image_id":0,"enabled":false},"version":2}},"categories":[9,19],"tags":[],"class_list":["post-2749","post","type-post","status-publish","format-standard","has-post-thumbnail","hentry","category-confederacion","category-trabajadores"],"jetpack_publicize_connections":[],"jetpack_featured_media_url":"https:\/\/www.confederaciondelcobre.cl\/wp-content\/uploads\/2022\/07\/SindFepasalosAndes.jpg","jetpack_sharing_enabled":true,"post_mailing_queue_ids":[],"_links":{"self":[{"href":"https:\/\/www.confederaciondelcobre.cl\/index.php\/wp-json\/wp\/v2\/posts\/2749","targetHints":{"allow":["GET"]}}],"collection":[{"href":"https:\/\/www.confederaciondelcobre.cl\/index.php\/wp-json\/wp\/v2\/posts"}],"about":[{"href":"https:\/\/www.confederaciondelcobre.cl\/index.php\/wp-json\/wp\/v2\/types\/post"}],"author":[{"embeddable":true,"href":"https:\/\/www.confederaciondelcobre.cl\/index.php\/wp-json\/wp\/v2\/users\/2"}],"replies":[{"embeddable":true,"href":"https:\/\/www.confederaciondelcobre.cl\/index.php\/wp-json\/wp\/v2\/comments?post=2749"}],"version-history":[{"count":7,"href":"https:\/\/www.confederaciondelcobre.cl\/index.php\/wp-json\/wp\/v2\/posts\/2749\/revisions"}],"predecessor-version":[{"id":2758,"href":"https:\/\/www.confederaciondelcobre.cl\/index.php\/wp-json\/wp\/v2\/posts\/2749\/revisions\/2758"}],"wp:featuredmedia":[{"embeddable":true,"href":"https:\/\/www.confederaciondelcobre.cl\/index.php\/wp-json\/wp\/v2\/media\/2756"}],"wp:attachment":[{"href":"https:\/\/www.confederaciondelcobre.cl\/index.php\/wp-json\/wp\/v2\/media?parent=2749"}],"wp:term":[{"taxonomy":"category","embeddable":true,"href":"https:\/\/www.confederaciondelcobre.cl\/index.php\/wp-json\/wp\/v2\/categories?post=2749"},{"taxonomy":"post_tag","embeddable":true,"href":"https:\/\/www.confederaciondelcobre.cl\/index.php\/wp-json\/wp\/v2\/tags?post=2749"}],"curies":[{"name":"wp","href":"https:\/\/api.w.org\/{rel}","templated":true}]}}