{"id":2765,"date":"2022-08-10T17:58:46","date_gmt":"2022-08-10T21:58:46","guid":{"rendered":"https:\/\/www.confederaciondelcobre.cl\/?p=2765"},"modified":"2022-08-10T17:58:47","modified_gmt":"2022-08-10T21:58:47","slug":"gobierno-de-chile-inicia-proceso-de-ratificacion-del-convenio-176-oit-sobre-seguridad-y-salud-en-las-minas","status":"publish","type":"post","link":"https:\/\/www.confederaciondelcobre.cl\/index.php\/2022\/08\/10\/gobierno-de-chile-inicia-proceso-de-ratificacion-del-convenio-176-oit-sobre-seguridad-y-salud-en-las-minas\/","title":{"rendered":"Gobierno de Chile inicia proceso de ratificaci\u00f3n del Convenio 176 OIT sobre seguridad y salud en las minas."},"content":{"rendered":"\n<p>La ratificaci\u00f3n del Convenio 176 de la Organizaci\u00f3n Internacional del Trabajo (OIT) busca establecer mejoras en los est\u00e1ndares de seguridad y salud en la industria minera.<\/p>\n\n\n\n<hr class=\"wp-block-separator has-alpha-channel-opacity\"\/>\n\n\n\n<p>En la ma\u00f1ana de hoy el Presidente de la Rep\u00fablica, Gabriel Boric, en conjunto con las Ministras Jeannette Jara, Marcela Hernando y Antonia Urrejola (del Trabajo, de Miner\u00eda y Relaciones Exteriores, respectivamente), ha anunciado el inicio del proceso ratificatorio por parte de nuestro pa\u00eds del <a rel=\"noreferrer noopener\" href=\"https:\/\/www.ilo.org\/dyn\/normlex\/es\/f?p=NORMLEXPUB:12100:0::NO::P12100_ILO_CODE:C176\" target=\"_blank\">Convenio 176 de la Organizaci\u00f3n Internacional del Trabajo (OIT), sobre seguridad y salud en las minas<\/a>. El anuncio, realizado en el palacio de La Moneda, y que cont\u00f3 con la presencia de dirigentes de la Confederaci\u00f3n de Trabajadores del Cobre (CTC), de la Confederaci\u00f3n Minera de Chile (CONFEMIN), de la Federaci\u00f3n de Sindicatos Antofagasta Minerals (FESAM), de la Federaci\u00f3n de Sindicatos de Supervisores Rol A y Profesionales de Codelco Chile (FESUC), de la Federaci\u00f3n de Supervisores de la Miner\u00eda Privada (FESUMIN), de la Federaci\u00f3n de Trabajadores del Cobre (FTC) y de la Federaci\u00f3n Minera de Chile (FMC), es un hito que marca el punto de partida formal hacia la realizaci\u00f3n de una de las exigencias m\u00e1s sentidas de las y los trabajadores de la miner\u00eda nacional durante las \u00faltimas d\u00e9cadas, como lo es avanzar en el establecimiento de mejoras en los est\u00e1ndares de seguridad y salud en la industria del sector.<\/p>\n\n\n\n<p><\/p>\n\n\n\n<p><strong>El Presidente Gabriel Boric<\/strong>, junto con saludar y destacar la importante labor que desempe\u00f1an las y los trabajadores de la miner\u00eda para el pa\u00eds, y declarar formalmente el inicio de gestiones para ratificar el Convenio 176 de la OIT, <strong>reafirm\u00f3 su compromiso con la miner\u00eda estatal<\/strong>, se\u00f1alando \u2014a prop\u00f3sito del cierre de la Fundici\u00f3n Ventanas de Codelco\u2014 que el cobre chileno va a seguir fundi\u00e9ndose en nuestro pa\u00eds, y que esto se har\u00e1 en una fundici\u00f3n estatal. En tanto la <strong>Ministra del Trabajo y Previsi\u00f3n Social, Jeannette Jara<\/strong>, quien hizo un reconocimiento al empe\u00f1o y persistencia de las y los trabajadores de la miner\u00eda para que dicho Convenio sea finalmente ratificado por nuestro pa\u00eds, hizo un llamado a los empleadores de la industria, invit\u00e1ndolos a sumarse a la Mesa de Trabajo del Sector Minero que actualmente componen el Ministerio del Trabajo en conjunto con las organizaciones sindicales agrupadas en el Coordinador de Trabajadores de la Miner\u00eda. Por su parte, <strong>Ana Lamas Aguirre, Presidenta de la Confederaci\u00f3n de Trabajadores del Cobre<\/strong> (CTC), salud\u00f3 y agradeci\u00f3 el hecho de que en este d\u00eda (de las y los trabajadores mineros) se diera inicio al proceso ratificatorio del convenio 176 de la OIT, un anhelo \u2014recalc\u00f3\u2014 de las y los trabajadores que ponen su esfuerzo para mejorar las condiciones de nuestro pa\u00eds. Finalmente, la Presidenta de la CTC,  recalc\u00f3 la importancia de ratificar este Convenio porque tambi\u00e9n garantiza la participaci\u00f3n de las y los trabajadores, en el sentido de considerar con mayor efectividad su opini\u00f3n y derechos respecto de su seguridad y salud en el trabajo.<\/p>\n\n\n\n<p>La Confederaci\u00f3n de Trabajadores del Cobre, con alegr\u00eda y satisfacci\u00f3n hemos asistido a esta ceremonia, que, encabezada por el Presidente Gabriel Boric, da inicio al proceso de ratificaci\u00f3n del Convenio 176 de la OIT, un Convenio que avanza en derechos laborales, entrega herramientas para la defensa de la vida y la seguridad, y avanza en justicia para las organizaciones sindicales a quienes se les reconoce su rol de protecci\u00f3n y defensa de las y los trabajadores.<\/p>\n\n\n\n<ul class=\"wp-block-list\"><li>A continuaci\u00f3n video con intervenci\u00f3n de Ana Lamas Aguirre, Presidenta de la CTC, en la ceremonia de inicio del proceso ratificatorio del Convenio 176 de la OIT, realizado en el palacio de La Moneda.<\/li><\/ul>\n\n\n\n<figure class=\"wp-block-embed is-type-video is-provider-youtube wp-block-embed-youtube wp-embed-aspect-16-9 wp-has-aspect-ratio\"><div class=\"wp-block-embed__wrapper\">\n<div class=\"jetpack-video-wrapper\"><iframe loading=\"lazy\" title=\"Ana Lamas Aguirre, ceremonia inicio proc. ratificatorio Convenio 176 OIT\" width=\"735\" height=\"413\" src=\"https:\/\/www.youtube.com\/embed\/8uDvFgRrPSk?feature=oembed\" frameborder=\"0\" allow=\"accelerometer; autoplay; clipboard-write; encrypted-media; gyroscope; picture-in-picture\" allowfullscreen><\/iframe><\/div>\n<\/div><\/figure>\n\n\n\n<figure class=\"wp-block-gallery has-nested-images columns-default is-cropped wp-block-gallery-1 is-layout-flex wp-block-gallery-is-layout-flex\">\n<figure class=\"wp-block-image size-large\"><img loading=\"lazy\" decoding=\"async\" width=\"1024\" height=\"578\" data-id=\"2776\" src=\"https:\/\/www.confederaciondelcobre.cl\/wp-content\/uploads\/2022\/08\/IMG_0116-1024x578.jpg\" alt=\"\" class=\"wp-image-2776\" srcset=\"https:\/\/www.confederaciondelcobre.cl\/wp-content\/uploads\/2022\/08\/IMG_0116-1024x578.jpg 1024w, https:\/\/www.confederaciondelcobre.cl\/wp-content\/uploads\/2022\/08\/IMG_0116-300x169.jpg 300w, https:\/\/www.confederaciondelcobre.cl\/wp-content\/uploads\/2022\/08\/IMG_0116-768x434.jpg 768w, https:\/\/www.confederaciondelcobre.cl\/wp-content\/uploads\/2022\/08\/IMG_0116-1536x867.jpg 1536w, https:\/\/www.confederaciondelcobre.cl\/wp-content\/uploads\/2022\/08\/IMG_0116-2048x1156.jpg 2048w\" sizes=\"auto, (max-width: 1024px) 100vw, 1024px\" \/><\/figure>\n\n\n\n<figure class=\"wp-block-image size-large\"><img loading=\"lazy\" decoding=\"async\" width=\"1024\" height=\"578\" data-id=\"2777\" src=\"https:\/\/www.confederaciondelcobre.cl\/wp-content\/uploads\/2022\/08\/IMG_0121-1024x578.jpg\" alt=\"\" class=\"wp-image-2777\" srcset=\"https:\/\/www.confederaciondelcobre.cl\/wp-content\/uploads\/2022\/08\/IMG_0121-1024x578.jpg 1024w, https:\/\/www.confederaciondelcobre.cl\/wp-content\/uploads\/2022\/08\/IMG_0121-300x169.jpg 300w, https:\/\/www.confederaciondelcobre.cl\/wp-content\/uploads\/2022\/08\/IMG_0121-768x434.jpg 768w, https:\/\/www.confederaciondelcobre.cl\/wp-content\/uploads\/2022\/08\/IMG_0121-1536x867.jpg 1536w, https:\/\/www.confederaciondelcobre.cl\/wp-content\/uploads\/2022\/08\/IMG_0121-2048x1156.jpg 2048w\" sizes=\"auto, (max-width: 1024px) 100vw, 1024px\" \/><\/figure>\n\n\n\n<figure class=\"wp-block-image size-large\"><img loading=\"lazy\" decoding=\"async\" width=\"1024\" height=\"578\" data-id=\"2775\" src=\"https:\/\/www.confederaciondelcobre.cl\/wp-content\/uploads\/2022\/08\/IMG_0123-1024x578.jpg\" alt=\"\" class=\"wp-image-2775\" srcset=\"https:\/\/www.confederaciondelcobre.cl\/wp-content\/uploads\/2022\/08\/IMG_0123-1024x578.jpg 1024w, https:\/\/www.confederaciondelcobre.cl\/wp-content\/uploads\/2022\/08\/IMG_0123-300x169.jpg 300w, https:\/\/www.confederaciondelcobre.cl\/wp-content\/uploads\/2022\/08\/IMG_0123-768x434.jpg 768w, https:\/\/www.confederaciondelcobre.cl\/wp-content\/uploads\/2022\/08\/IMG_0123-1536x867.jpg 1536w, https:\/\/www.confederaciondelcobre.cl\/wp-content\/uploads\/2022\/08\/IMG_0123-2048x1156.jpg 2048w\" sizes=\"auto, (max-width: 1024px) 100vw, 1024px\" \/><\/figure>\n\n\n\n<figure class=\"wp-block-image size-large\"><img loading=\"lazy\" decoding=\"async\" width=\"1024\" height=\"578\" data-id=\"2778\" src=\"https:\/\/www.confederaciondelcobre.cl\/wp-content\/uploads\/2022\/08\/IMG_0131-1024x578.jpg\" alt=\"\" class=\"wp-image-2778\" srcset=\"https:\/\/www.confederaciondelcobre.cl\/wp-content\/uploads\/2022\/08\/IMG_0131-1024x578.jpg 1024w, https:\/\/www.confederaciondelcobre.cl\/wp-content\/uploads\/2022\/08\/IMG_0131-300x169.jpg 300w, https:\/\/www.confederaciondelcobre.cl\/wp-content\/uploads\/2022\/08\/IMG_0131-768x434.jpg 768w, https:\/\/www.confederaciondelcobre.cl\/wp-content\/uploads\/2022\/08\/IMG_0131-1536x867.jpg 1536w, https:\/\/www.confederaciondelcobre.cl\/wp-content\/uploads\/2022\/08\/IMG_0131-2048x1156.jpg 2048w\" sizes=\"auto, (max-width: 1024px) 100vw, 1024px\" \/><\/figure>\n\n\n\n<figure class=\"wp-block-image size-large\"><img loading=\"lazy\" decoding=\"async\" width=\"1024\" height=\"578\" data-id=\"2781\" src=\"https:\/\/www.confederaciondelcobre.cl\/wp-content\/uploads\/2022\/08\/IMG_0139-1024x578.jpg\" alt=\"\" class=\"wp-image-2781\" srcset=\"https:\/\/www.confederaciondelcobre.cl\/wp-content\/uploads\/2022\/08\/IMG_0139-1024x578.jpg 1024w, https:\/\/www.confederaciondelcobre.cl\/wp-content\/uploads\/2022\/08\/IMG_0139-300x169.jpg 300w, https:\/\/www.confederaciondelcobre.cl\/wp-content\/uploads\/2022\/08\/IMG_0139-768x434.jpg 768w, https:\/\/www.confederaciondelcobre.cl\/wp-content\/uploads\/2022\/08\/IMG_0139-1536x867.jpg 1536w, https:\/\/www.confederaciondelcobre.cl\/wp-content\/uploads\/2022\/08\/IMG_0139-2048x1156.jpg 2048w\" sizes=\"auto, (max-width: 1024px) 100vw, 1024px\" \/><\/figure>\n\n\n\n<figure class=\"wp-block-image size-large\"><img loading=\"lazy\" decoding=\"async\" width=\"1024\" height=\"576\" data-id=\"2779\" src=\"https:\/\/www.confederaciondelcobre.cl\/wp-content\/uploads\/2022\/08\/IMG_20220810_091045-1024x576.jpg\" alt=\"\" class=\"wp-image-2779\" srcset=\"https:\/\/www.confederaciondelcobre.cl\/wp-content\/uploads\/2022\/08\/IMG_20220810_091045-1024x576.jpg 1024w, https:\/\/www.confederaciondelcobre.cl\/wp-content\/uploads\/2022\/08\/IMG_20220810_091045-300x169.jpg 300w, https:\/\/www.confederaciondelcobre.cl\/wp-content\/uploads\/2022\/08\/IMG_20220810_091045-768x432.jpg 768w, https:\/\/www.confederaciondelcobre.cl\/wp-content\/uploads\/2022\/08\/IMG_20220810_091045-1536x864.jpg 1536w, https:\/\/www.confederaciondelcobre.cl\/wp-content\/uploads\/2022\/08\/IMG_20220810_091045-2048x1152.jpg 2048w\" sizes=\"auto, (max-width: 1024px) 100vw, 1024px\" \/><\/figure>\n\n\n\n<figure class=\"wp-block-image size-large\"><img loading=\"lazy\" decoding=\"async\" width=\"1024\" height=\"576\" data-id=\"2780\" src=\"https:\/\/www.confederaciondelcobre.cl\/wp-content\/uploads\/2022\/08\/IMG_20220810_091138-1024x576.jpg\" alt=\"\" class=\"wp-image-2780\" srcset=\"https:\/\/www.confederaciondelcobre.cl\/wp-content\/uploads\/2022\/08\/IMG_20220810_091138-1024x576.jpg 1024w, https:\/\/www.confederaciondelcobre.cl\/wp-content\/uploads\/2022\/08\/IMG_20220810_091138-300x169.jpg 300w, https:\/\/www.confederaciondelcobre.cl\/wp-content\/uploads\/2022\/08\/IMG_20220810_091138-768x432.jpg 768w, https:\/\/www.confederaciondelcobre.cl\/wp-content\/uploads\/2022\/08\/IMG_20220810_091138-1536x864.jpg 1536w, https:\/\/www.confederaciondelcobre.cl\/wp-content\/uploads\/2022\/08\/IMG_20220810_091138-2048x1152.jpg 2048w\" sizes=\"auto, (max-width: 1024px) 100vw, 1024px\" \/><\/figure>\n\n\n\n<figure class=\"wp-block-image size-large\"><img loading=\"lazy\" decoding=\"async\" width=\"1024\" height=\"576\" data-id=\"2783\" src=\"https:\/\/www.confederaciondelcobre.cl\/wp-content\/uploads\/2022\/08\/IMG_20220810_093620-1024x576.jpg\" alt=\"\" class=\"wp-image-2783\" srcset=\"https:\/\/www.confederaciondelcobre.cl\/wp-content\/uploads\/2022\/08\/IMG_20220810_093620-1024x576.jpg 1024w, https:\/\/www.confederaciondelcobre.cl\/wp-content\/uploads\/2022\/08\/IMG_20220810_093620-300x169.jpg 300w, https:\/\/www.confederaciondelcobre.cl\/wp-content\/uploads\/2022\/08\/IMG_20220810_093620-768x432.jpg 768w, https:\/\/www.confederaciondelcobre.cl\/wp-content\/uploads\/2022\/08\/IMG_20220810_093620-1536x864.jpg 1536w, https:\/\/www.confederaciondelcobre.cl\/wp-content\/uploads\/2022\/08\/IMG_20220810_093620-2048x1152.jpg 2048w\" sizes=\"auto, (max-width: 1024px) 100vw, 1024px\" \/><\/figure>\n\n\n\n<figure class=\"wp-block-image size-large\"><img loading=\"lazy\" decoding=\"async\" width=\"1024\" height=\"576\" data-id=\"2782\" src=\"https:\/\/www.confederaciondelcobre.cl\/wp-content\/uploads\/2022\/08\/IMG_20220810_093705-1024x576.jpg\" alt=\"\" class=\"wp-image-2782\" srcset=\"https:\/\/www.confederaciondelcobre.cl\/wp-content\/uploads\/2022\/08\/IMG_20220810_093705-1024x576.jpg 1024w, https:\/\/www.confederaciondelcobre.cl\/wp-content\/uploads\/2022\/08\/IMG_20220810_093705-300x169.jpg 300w, https:\/\/www.confederaciondelcobre.cl\/wp-content\/uploads\/2022\/08\/IMG_20220810_093705-768x432.jpg 768w, https:\/\/www.confederaciondelcobre.cl\/wp-content\/uploads\/2022\/08\/IMG_20220810_093705-1536x864.jpg 1536w, https:\/\/www.confederaciondelcobre.cl\/wp-content\/uploads\/2022\/08\/IMG_20220810_093705-2048x1152.jpg 2048w\" sizes=\"auto, (max-width: 1024px) 100vw, 1024px\" \/><\/figure>\n\n\n\n<figure class=\"wp-block-image size-large\"><img loading=\"lazy\" decoding=\"async\" width=\"1024\" height=\"576\" data-id=\"2785\" src=\"https:\/\/www.confederaciondelcobre.cl\/wp-content\/uploads\/2022\/08\/IMG_20220810_094610-1024x576.jpg\" alt=\"\" class=\"wp-image-2785\" srcset=\"https:\/\/www.confederaciondelcobre.cl\/wp-content\/uploads\/2022\/08\/IMG_20220810_094610-1024x576.jpg 1024w, https:\/\/www.confederaciondelcobre.cl\/wp-content\/uploads\/2022\/08\/IMG_20220810_094610-300x169.jpg 300w, https:\/\/www.confederaciondelcobre.cl\/wp-content\/uploads\/2022\/08\/IMG_20220810_094610-768x432.jpg 768w, https:\/\/www.confederaciondelcobre.cl\/wp-content\/uploads\/2022\/08\/IMG_20220810_094610-1536x864.jpg 1536w, https:\/\/www.confederaciondelcobre.cl\/wp-content\/uploads\/2022\/08\/IMG_20220810_094610-2048x1152.jpg 2048w\" sizes=\"auto, (max-width: 1024px) 100vw, 1024px\" \/><\/figure>\n\n\n\n<figure class=\"wp-block-image size-large\"><img loading=\"lazy\" decoding=\"async\" width=\"1024\" height=\"576\" data-id=\"2786\" src=\"https:\/\/www.confederaciondelcobre.cl\/wp-content\/uploads\/2022\/08\/IMG_20220810_095938-1024x576.jpg\" alt=\"\" class=\"wp-image-2786\" srcset=\"https:\/\/www.confederaciondelcobre.cl\/wp-content\/uploads\/2022\/08\/IMG_20220810_095938-1024x576.jpg 1024w, https:\/\/www.confederaciondelcobre.cl\/wp-content\/uploads\/2022\/08\/IMG_20220810_095938-300x169.jpg 300w, https:\/\/www.confederaciondelcobre.cl\/wp-content\/uploads\/2022\/08\/IMG_20220810_095938-768x432.jpg 768w, https:\/\/www.confederaciondelcobre.cl\/wp-content\/uploads\/2022\/08\/IMG_20220810_095938-1536x864.jpg 1536w, https:\/\/www.confederaciondelcobre.cl\/wp-content\/uploads\/2022\/08\/IMG_20220810_095938-2048x1152.jpg 2048w\" sizes=\"auto, (max-width: 1024px) 100vw, 1024px\" \/><\/figure>\n\n\n\n<figure class=\"wp-block-image size-large\"><img loading=\"lazy\" decoding=\"async\" width=\"1024\" height=\"576\" data-id=\"2787\" src=\"https:\/\/www.confederaciondelcobre.cl\/wp-content\/uploads\/2022\/08\/IMG_20220810_104154-1024x576.jpg\" alt=\"\" class=\"wp-image-2787\" srcset=\"https:\/\/www.confederaciondelcobre.cl\/wp-content\/uploads\/2022\/08\/IMG_20220810_104154-1024x576.jpg 1024w, https:\/\/www.confederaciondelcobre.cl\/wp-content\/uploads\/2022\/08\/IMG_20220810_104154-300x169.jpg 300w, https:\/\/www.confederaciondelcobre.cl\/wp-content\/uploads\/2022\/08\/IMG_20220810_104154-768x432.jpg 768w, https:\/\/www.confederaciondelcobre.cl\/wp-content\/uploads\/2022\/08\/IMG_20220810_104154-1536x864.jpg 1536w, https:\/\/www.confederaciondelcobre.cl\/wp-content\/uploads\/2022\/08\/IMG_20220810_104154-2048x1152.jpg 2048w\" sizes=\"auto, (max-width: 1024px) 100vw, 1024px\" \/><\/figure>\n\n\n\n<figure class=\"wp-block-image size-large\"><img loading=\"lazy\" decoding=\"async\" width=\"1024\" height=\"576\" data-id=\"2784\" src=\"https:\/\/www.confederaciondelcobre.cl\/wp-content\/uploads\/2022\/08\/IMG_20220810_104616-1024x576.jpg\" alt=\"\" class=\"wp-image-2784\" srcset=\"https:\/\/www.confederaciondelcobre.cl\/wp-content\/uploads\/2022\/08\/IMG_20220810_104616-1024x576.jpg 1024w, https:\/\/www.confederaciondelcobre.cl\/wp-content\/uploads\/2022\/08\/IMG_20220810_104616-300x169.jpg 300w, https:\/\/www.confederaciondelcobre.cl\/wp-content\/uploads\/2022\/08\/IMG_20220810_104616-768x432.jpg 768w, https:\/\/www.confederaciondelcobre.cl\/wp-content\/uploads\/2022\/08\/IMG_20220810_104616-1536x864.jpg 1536w, https:\/\/www.confederaciondelcobre.cl\/wp-content\/uploads\/2022\/08\/IMG_20220810_104616-2048x1152.jpg 2048w\" sizes=\"auto, (max-width: 1024px) 100vw, 1024px\" \/><\/figure>\n<\/figure>\n","protected":false},"excerpt":{"rendered":"<p>La ratificaci\u00f3n del Convenio 176 de la Organizaci\u00f3n Internacional del Trabajo (OIT) busca establecer mejoras en los est\u00e1ndares de seguridad y salud en la industria minera. En la ma\u00f1ana de &hellip; <\/p>\n","protected":false},"author":2,"featured_media":2774,"comment_status":"closed","ping_status":"closed","sticky":false,"template":"","format":"standard","meta":{"jetpack_post_was_ever_published":false,"_jetpack_newsletter_access":"","_jetpack_dont_email_post_to_subs":false,"_jetpack_newsletter_tier_id":0,"_jetpack_memberships_contains_paywalled_content":false,"_jetpack_memberships_contains_paid_content":false,"footnotes":"","jetpack_publicize_message":"","jetpack_publicize_feature_enabled":false,"jetpack_social_post_already_shared":true,"jetpack_social_options":{"image_generator_settings":{"template":"highway","default_image_id":0,"enabled":false},"version":2}},"categories":[9],"tags":[],"class_list":["post-2765","post","type-post","status-publish","format-standard","has-post-thumbnail","hentry","category-confederacion"],"jetpack_publicize_connections":[],"jetpack_featured_media_url":"https:\/\/www.confederaciondelcobre.cl\/wp-content\/uploads\/2022\/08\/Port.jpg","jetpack_sharing_enabled":true,"post_mailing_queue_ids":[],"_links":{"self":[{"href":"https:\/\/www.confederaciondelcobre.cl\/index.php\/wp-json\/wp\/v2\/posts\/2765","targetHints":{"allow":["GET"]}}],"collection":[{"href":"https:\/\/www.confederaciondelcobre.cl\/index.php\/wp-json\/wp\/v2\/posts"}],"about":[{"href":"https:\/\/www.confederaciondelcobre.cl\/index.php\/wp-json\/wp\/v2\/types\/post"}],"author":[{"embeddable":true,"href":"https:\/\/www.confederaciondelcobre.cl\/index.php\/wp-json\/wp\/v2\/users\/2"}],"replies":[{"embeddable":true,"href":"https:\/\/www.confederaciondelcobre.cl\/index.php\/wp-json\/wp\/v2\/comments?post=2765"}],"version-history":[{"count":10,"href":"https:\/\/www.confederaciondelcobre.cl\/index.php\/wp-json\/wp\/v2\/posts\/2765\/revisions"}],"predecessor-version":[{"id":2789,"href":"https:\/\/www.confederaciondelcobre.cl\/index.php\/wp-json\/wp\/v2\/posts\/2765\/revisions\/2789"}],"wp:featuredmedia":[{"embeddable":true,"href":"https:\/\/www.confederaciondelcobre.cl\/index.php\/wp-json\/wp\/v2\/media\/2774"}],"wp:attachment":[{"href":"https:\/\/www.confederaciondelcobre.cl\/index.php\/wp-json\/wp\/v2\/media?parent=2765"}],"wp:term":[{"taxonomy":"category","embeddable":true,"href":"https:\/\/www.confederaciondelcobre.cl\/index.php\/wp-json\/wp\/v2\/categories?post=2765"},{"taxonomy":"post_tag","embeddable":true,"href":"https:\/\/www.confederaciondelcobre.cl\/index.php\/wp-json\/wp\/v2\/tags?post=2765"}],"curies":[{"name":"wp","href":"https:\/\/api.w.org\/{rel}","templated":true}]}}