{"id":2790,"date":"2022-08-11T11:11:43","date_gmt":"2022-08-11T15:11:43","guid":{"rendered":"https:\/\/www.confederaciondelcobre.cl\/?p=2790"},"modified":"2022-08-11T11:11:45","modified_gmt":"2022-08-11T15:11:45","slug":"nuevas-fechas-acuerdomarco-ctc-codelco-postulacion-a-fondo-unico-de-vivienda-concursable-proceso-2022","status":"publish","type":"post","link":"https:\/\/www.confederaciondelcobre.cl\/index.php\/2022\/08\/11\/nuevas-fechas-acuerdomarco-ctc-codelco-postulacion-a-fondo-unico-de-vivienda-concursable-proceso-2022\/","title":{"rendered":"[NUEVAS FECHAS] #AcuerdoMarco CTC-Codelco: postulaci\u00f3n a Fondo \u00danico de Vivienda Concursable, proceso 2022."},"content":{"rendered":"\n<p>Compa\u00f1eras y compa\u00f1eros, luego de la modificaci\u00f3n de fechas al proceso de postulaci\u00f3n al Fondo \u00danico de Vivienda Concursable (proceso 2022), <strong>informamos que el plazo para la postulaci\u00f3n y entrega de antecedentes se ha extendido hasta el pr\u00f3ximo jueves 18 de agosto<\/strong>. Dado lo anterior, cabe agregar, es que <strong>el calendario de todo el proceso tambi\u00e9n ha sido modificado<\/strong>. <\/p>\n\n\n\n<p>A continuaci\u00f3n, para su consideraci\u00f3n y difusi\u00f3n, dejamos calendario actualizado con nuevas fechas:<\/p>\n\n\n\n<figure class=\"wp-block-image size-large\"><img loading=\"lazy\" decoding=\"async\" width=\"793\" height=\"1024\" src=\"https:\/\/www.confederaciondelcobre.cl\/wp-content\/uploads\/2022\/08\/Nuevas-Fechas-Fond-Vivienda-Consursable-2022-793x1024.png\" alt=\"\" class=\"wp-image-2794\" srcset=\"https:\/\/www.confederaciondelcobre.cl\/wp-content\/uploads\/2022\/08\/Nuevas-Fechas-Fond-Vivienda-Consursable-2022-793x1024.png 793w, https:\/\/www.confederaciondelcobre.cl\/wp-content\/uploads\/2022\/08\/Nuevas-Fechas-Fond-Vivienda-Consursable-2022-232x300.png 232w, https:\/\/www.confederaciondelcobre.cl\/wp-content\/uploads\/2022\/08\/Nuevas-Fechas-Fond-Vivienda-Consursable-2022-768x992.png 768w, https:\/\/www.confederaciondelcobre.cl\/wp-content\/uploads\/2022\/08\/Nuevas-Fechas-Fond-Vivienda-Consursable-2022.png 836w\" sizes=\"auto, (max-width: 793px) 100vw, 793px\" \/><\/figure>\n\n\n\n<p><strong>Desde el a\u00f1o 2007 las y los trabajadores contratistas y subcontratistas de Codelco, adem\u00e1s de sus familias, tienen acceso a una variedad de beneficios y derechos laborales y sociales que establece el&nbsp;Acuerdo Marco firmado entre la Confederaci\u00f3n de Trabajadores del Cobre (CTC), las empresas contratistas y Codelco. Esta conquista de la Clase Trabajadora, cabe recordar, ha sido \u00fanicamente gracias a la&nbsp;Unidad, Organizaci\u00f3n y Lucha&nbsp;de todas y todos quienes, agrupados en la CTC, lograron y han mantenido vigente el Acuerdo Marco con la cupr\u00edfera estatal.<\/strong><\/p>\n\n\n\n<ul class=\"wp-block-list\"><li><strong>Para este a\u00f1o 2022 se dispone de 1.000 (mil) cupos por un monto de 20 UF (veinte Unidades de Fomento).<\/strong><\/li><\/ul>\n\n\n\n<p><strong>Para postular\u00a0al Fondo \u00danico de Vivienda Concursable, a\u00f1o 2022,\u00a0puedes hacerlo ingresando DESDE UN COMPUTADOR al sitio web de la OTIC de la C\u00e1mara Chilena de la Construcci\u00f3n\u00a0(<a rel=\"noreferrer noopener\" href=\"https:\/\/www.oticdelaconstruccion.cl\/fondos2022\/portada.php\" target=\"_blank\"><u>haciendo click aqu\u00ed<\/u><\/a>). All\u00ed encontrar\u00e1s la secci\u00f3n \u201cFondos para la Primera Vivienda\u201d, donde se indica ingresar el RUT del trabajador o trabajadora que postula. Una vez all\u00ed, tambi\u00e9n encontrar\u00e1s informaci\u00f3n sobre las Bases y Documentaci\u00f3n requerida.<\/strong><\/p>\n\n\n\n<ul class=\"wp-block-list\"><li>Este derecho y beneficio es para\u00a0trabajadoras y trabajadores\u00a0<strong>Contratistas y Subcontratistas que prestan sus servicios a Codelco, quedando excluidos aquellas y aquellos que prestan sus servicios para la Vicepresidencia de Proyectos (VP)<\/strong>.<\/li><li>Cabe se\u00f1alar que el Fondo \u00danico de Vivienda Concursable\u00a0<strong>consiste en un aporte \u00fanico para la compra, construcci\u00f3n o prepago de cr\u00e9ditos hipotecarios\u00a0de la primera vivienda<\/strong>, \u00a0<strong>por lo que toda compa\u00f1era o compa\u00f1ero que se lo haya adjudicado en a\u00f1os anteriores deber\u00e1 abstenerse de postular nuevamente en este proceso<\/strong>.<\/li><\/ul>\n\n\n\n<p><strong>Los beneficios y derechos conquistados gracias a la unidad, organizaci\u00f3n y lucha de las y los trabajadores agrupados en la CTC<\/strong>\u00a0tienen por objetivo\u00a0<strong>mejorar nuestras condiciones laborales, sociales y de calidad de vida<\/strong>, por lo que llamamos a todas y todos\u00a0<strong>a difundir esta informaci\u00f3n y proceso de postulaci\u00f3n entre sus compa\u00f1eras y compa\u00f1eros<\/strong>.<\/p>\n\n\n\n<p>Junto con reiterar el llamado a revisar las nuevas fechas (ver calendario m\u00e1s arriba), les invitamos a difundir esta informaci\u00f3n con sus compa\u00f1eras y compa\u00f1eros de trabajo.<\/p>\n","protected":false},"excerpt":{"rendered":"<p>Compa\u00f1eras y compa\u00f1eros, luego de la modificaci\u00f3n de fechas al proceso de postulaci\u00f3n al Fondo \u00danico de Vivienda Concursable (proceso 2022), informamos que el plazo para la postulaci\u00f3n y entrega &hellip; <\/p>\n","protected":false},"author":2,"featured_media":2792,"comment_status":"closed","ping_status":"closed","sticky":false,"template":"","format":"standard","meta":{"jetpack_post_was_ever_published":false,"_jetpack_newsletter_access":"","_jetpack_dont_email_post_to_subs":false,"_jetpack_newsletter_tier_id":0,"_jetpack_memberships_contains_paywalled_content":false,"_jetpack_memberships_contains_paid_content":false,"footnotes":"","jetpack_publicize_message":"","jetpack_publicize_feature_enabled":false,"jetpack_social_post_already_shared":true,"jetpack_social_options":{"image_generator_settings":{"template":"highway","default_image_id":0,"enabled":false},"version":2}},"categories":[5,23,9,21,19],"tags":[],"class_list":["post-2790","post","type-post","status-publish","format-standard","has-post-thumbnail","hentry","category-acuerdo-marco","category-acuerdo-marco-codelco","category-confederacion","category-federaciones","category-trabajadores"],"jetpack_publicize_connections":[],"jetpack_featured_media_url":"https:\/\/www.confederaciondelcobre.cl\/wp-content\/uploads\/2022\/08\/NF_Postulacion.jpg","jetpack_sharing_enabled":true,"post_mailing_queue_ids":[],"_links":{"self":[{"href":"https:\/\/www.confederaciondelcobre.cl\/index.php\/wp-json\/wp\/v2\/posts\/2790","targetHints":{"allow":["GET"]}}],"collection":[{"href":"https:\/\/www.confederaciondelcobre.cl\/index.php\/wp-json\/wp\/v2\/posts"}],"about":[{"href":"https:\/\/www.confederaciondelcobre.cl\/index.php\/wp-json\/wp\/v2\/types\/post"}],"author":[{"embeddable":true,"href":"https:\/\/www.confederaciondelcobre.cl\/index.php\/wp-json\/wp\/v2\/users\/2"}],"replies":[{"embeddable":true,"href":"https:\/\/www.confederaciondelcobre.cl\/index.php\/wp-json\/wp\/v2\/comments?post=2790"}],"version-history":[{"count":2,"href":"https:\/\/www.confederaciondelcobre.cl\/index.php\/wp-json\/wp\/v2\/posts\/2790\/revisions"}],"predecessor-version":[{"id":2795,"href":"https:\/\/www.confederaciondelcobre.cl\/index.php\/wp-json\/wp\/v2\/posts\/2790\/revisions\/2795"}],"wp:featuredmedia":[{"embeddable":true,"href":"https:\/\/www.confederaciondelcobre.cl\/index.php\/wp-json\/wp\/v2\/media\/2792"}],"wp:attachment":[{"href":"https:\/\/www.confederaciondelcobre.cl\/index.php\/wp-json\/wp\/v2\/media?parent=2790"}],"wp:term":[{"taxonomy":"category","embeddable":true,"href":"https:\/\/www.confederaciondelcobre.cl\/index.php\/wp-json\/wp\/v2\/categories?post=2790"},{"taxonomy":"post_tag","embeddable":true,"href":"https:\/\/www.confederaciondelcobre.cl\/index.php\/wp-json\/wp\/v2\/tags?post=2790"}],"curies":[{"name":"wp","href":"https:\/\/api.w.org\/{rel}","templated":true}]}}