{"id":2796,"date":"2022-08-12T18:11:03","date_gmt":"2022-08-12T22:11:03","guid":{"rendered":"https:\/\/www.confederaciondelcobre.cl\/?p=2796"},"modified":"2022-08-12T18:11:05","modified_gmt":"2022-08-12T22:11:05","slug":"dictamen-de-la-dt-reserva-de-derechos-en-finiquitos-sin-necesidad-de-consentimiento-del-empleador","status":"publish","type":"post","link":"https:\/\/www.confederaciondelcobre.cl\/index.php\/2022\/08\/12\/dictamen-de-la-dt-reserva-de-derechos-en-finiquitos-sin-necesidad-de-consentimiento-del-empleador\/","title":{"rendered":"Dictamen de la DT: reserva de derechos en finiquitos sin necesidad de consentimiento del empleador."},"content":{"rendered":"\n<p>Las y los trabajadores que hayan terminado su relaci\u00f3n laboral, de ahora en adelante, podr\u00e1n estampar en el documento de finiquito su reserva de derechos <strong>sin necesidad del consentimiento de su empleador o empleadora<\/strong>.<\/p>\n\n\n\n<p>As\u00ed lo establece el <a rel=\"noreferrer noopener\" href=\"https:\/\/www.dt.gob.cl\/legislacion\/1624\/w3-article-122511.html\" target=\"_blank\">Dictamen N\u00b0 1315\/26 de la Direcci\u00f3n del Trabajo<\/a> (DT), firmado por su director Pablo Zenteno, al se\u00f1alar que &#8220;la reserva de derechos ha sido conceptualizada por los tribunales de justicia como\u00a0<em>&#8220;un acto jur\u00eddico unilateral no recepticio, que la legislaci\u00f3n ha reconocido t\u00e1citamente como un derecho irrenunciable del trabajador y que lo habilita para interponer las acciones legales para reclamar por la v\u00eda judicial del derecho reservado&#8221;<\/em>, agregando despu\u00e9s que &#8220;el legislador laboral dispone expresamente, en los art\u00edculos 162 inciso 8\u00ba y 177 incisos 3\u00ba, 4\u00ba y 6\u00ba, el derecho del trabajador de dejar a salvo el ejercicio de eventuales acciones judiciales respecto de aquellas materias en las que no se ha logrado llegar a un acuerdo con el empleador, para lo cual no requiere del consentimiento de este \u00faltimo, reserva que deber\u00e1 efectuarse al momento de suscripci\u00f3n del finiquito y estamparse en cada una de las copias respectivas o en el registro electr\u00f3nico que corresponda&#8221;.<\/p>\n\n\n\n<p>En ese sentido, entonces, la resoluci\u00f3n de la Direcci\u00f3n del Trabajo, junto con poner \u00e9nfasis en la asimetr\u00eda de la relaci\u00f3n laboral, es decir en la diferencia y verdadera desventaja en la que se encuentran las y los trabajadores frente a sus empleadores, reafirma y ordena a los organismos competentes a poner en clara pr\u00e1ctica lo que la propia ley mandata. Esto a fin de que las y los trabajadores ejerzan de manera efectiva lo que la propia ley ha reconocido (t\u00e1citamente) como un derecho irrenunciable.<\/p>\n\n\n\n<ul class=\"wp-block-list\"><li><strong>Como dato adicional<\/strong>, es necesario recordar que tampoco se puede negar el pago de su finiquito a las y los trabajadores que estampan reserva de derechos. Dicho de otro modo: a\u00fan estampando reserva de derechos, el pago que implique el finiquito de igual manera debe hacerse efectivo.<\/li><\/ul>\n\n\n\n<p>Finalmente, y en virtud de todo lo anterior, es que el Departamento de Atenci\u00f3n de Usuarios de la Direcci\u00f3n del Trabajo ha emitido un Oficio dirigido a las y los asistentes laborales de las Inspecciones del Trabajo del todo el pa\u00eds, en donde se dispone que <em>&#8220;si hay disconformidades por parte del trabajador\/a, y este lo estima necesario, podr\u00e1 formular reserva de derechos, la que debe constar de manera clara en cada una de las copias, para lo cual no requiere el consentimiento del empleador o su representante&#8221;<\/em>.<\/p>\n","protected":false},"excerpt":{"rendered":"<p>Las y los trabajadores que hayan terminado su relaci\u00f3n laboral, de ahora en adelante, podr\u00e1n estampar en el documento de finiquito su reserva de derechos sin necesidad del consentimiento de &hellip; <\/p>\n","protected":false},"author":2,"featured_media":2806,"comment_status":"closed","ping_status":"closed","sticky":false,"template":"","format":"standard","meta":{"jetpack_post_was_ever_published":false,"_jetpack_newsletter_access":"","_jetpack_dont_email_post_to_subs":false,"_jetpack_newsletter_tier_id":0,"_jetpack_memberships_contains_paywalled_content":false,"_jetpack_memberships_contains_paid_content":false,"footnotes":"","jetpack_publicize_message":"","jetpack_publicize_feature_enabled":false,"jetpack_social_post_already_shared":true,"jetpack_social_options":{"image_generator_settings":{"template":"highway","default_image_id":0,"enabled":false},"version":2}},"categories":[15,16,19],"tags":[],"class_list":["post-2796","post","type-post","status-publish","format-standard","has-post-thumbnail","hentry","category-nacional","category-noticias","category-trabajadores"],"jetpack_publicize_connections":[],"jetpack_featured_media_url":"https:\/\/www.confederaciondelcobre.cl\/wp-content\/uploads\/2022\/08\/PortDictDT.jpg","jetpack_sharing_enabled":true,"post_mailing_queue_ids":[],"_links":{"self":[{"href":"https:\/\/www.confederaciondelcobre.cl\/index.php\/wp-json\/wp\/v2\/posts\/2796","targetHints":{"allow":["GET"]}}],"collection":[{"href":"https:\/\/www.confederaciondelcobre.cl\/index.php\/wp-json\/wp\/v2\/posts"}],"about":[{"href":"https:\/\/www.confederaciondelcobre.cl\/index.php\/wp-json\/wp\/v2\/types\/post"}],"author":[{"embeddable":true,"href":"https:\/\/www.confederaciondelcobre.cl\/index.php\/wp-json\/wp\/v2\/users\/2"}],"replies":[{"embeddable":true,"href":"https:\/\/www.confederaciondelcobre.cl\/index.php\/wp-json\/wp\/v2\/comments?post=2796"}],"version-history":[{"count":10,"href":"https:\/\/www.confederaciondelcobre.cl\/index.php\/wp-json\/wp\/v2\/posts\/2796\/revisions"}],"predecessor-version":[{"id":2807,"href":"https:\/\/www.confederaciondelcobre.cl\/index.php\/wp-json\/wp\/v2\/posts\/2796\/revisions\/2807"}],"wp:featuredmedia":[{"embeddable":true,"href":"https:\/\/www.confederaciondelcobre.cl\/index.php\/wp-json\/wp\/v2\/media\/2806"}],"wp:attachment":[{"href":"https:\/\/www.confederaciondelcobre.cl\/index.php\/wp-json\/wp\/v2\/media?parent=2796"}],"wp:term":[{"taxonomy":"category","embeddable":true,"href":"https:\/\/www.confederaciondelcobre.cl\/index.php\/wp-json\/wp\/v2\/categories?post=2796"},{"taxonomy":"post_tag","embeddable":true,"href":"https:\/\/www.confederaciondelcobre.cl\/index.php\/wp-json\/wp\/v2\/tags?post=2796"}],"curies":[{"name":"wp","href":"https:\/\/api.w.org\/{rel}","templated":true}]}}