{"id":2809,"date":"2022-08-18T15:43:43","date_gmt":"2022-08-18T19:43:43","guid":{"rendered":"https:\/\/www.confederaciondelcobre.cl\/?p=2809"},"modified":"2022-08-18T15:43:45","modified_gmt":"2022-08-18T19:43:45","slug":"negociacion-colectiva-reglada-sindicato-de-empresa-aramark-que-presta-servicios-a-mantos-de-oro-de-la-mandante-kinross-copiapo-vota-huelga","status":"publish","type":"post","link":"https:\/\/www.confederaciondelcobre.cl\/index.php\/2022\/08\/18\/negociacion-colectiva-reglada-sindicato-de-empresa-aramark-que-presta-servicios-a-mantos-de-oro-de-la-mandante-kinross-copiapo-vota-huelga\/","title":{"rendered":"Negociaci\u00f3n Colectiva reglada: Sindicato de Empresa Aramark, que presta servicios a Mantos de oro de la mandante Kinross (Copiap\u00f3), vota huelga."},"content":{"rendered":"\n<p class=\"has-medium-font-size\">De no haber un pronto acuerdo con la empresa, la huelga, votada por un alto porcentaje de socias y socios, se har\u00e1 efectiva a partir del lunes 22 de agosto.<\/p>\n\n\n\n<hr class=\"wp-block-separator has-alpha-channel-opacity\"\/>\n\n\n\n<p>Constituido en marzo de este a\u00f1o, y en la b\u00fasqueda por mejoras en sus condiciones laborales y salariales, el Sindicato de Empresa Aramark Servicios Mineros Remotos Ltda., que agrupa a trabajadoras y trabajadores que se desempe\u00f1an en labores de alimentaci\u00f3n, aseo y mantenci\u00f3n en la faena La Coipa, que es operada por la compa\u00f1\u00eda minera Mantos de Oro (subsidiaria de la mandante Kinross), inici\u00f3 durante la primera semana de julio su primera negociaci\u00f3n colectiva reglada. <\/p>\n\n\n\n<p>La negociaci\u00f3n, que parti\u00f3 con la entrega del petitorio por parte de las y los trabajadores el 07 de julio, lleva desarroll\u00e1ndose por alrededor de 40 d\u00edas, per\u00edodo en que se han realizado varias reuniones con la empresa que ya el viernes 12 de agosto entreg\u00f3 su \u00faltima oferta. Para el Sindicato, cabe destacar, y a pesar de las normales diferencias con la empresa en este tipo de procesos, esta ha sido una negociaci\u00f3n que se ha desarrollado en un clima de apertura y voluntad de di\u00e1logo de ambas partes. Sin embargo la \u00faltima oferta de la empresa <strong>fue considerada insuficiente por las y los trabajadores, pues en ella a\u00fan no se incluyen de manera satisfactoria asuntos prioritarios como una mejora salarial efectiva, beneficios sociales, titularidad sindical, cl\u00e1usulas de cierre, entre otros<\/strong>. Es por ello que el martes 16 de agosto, y haciendo uso de sus derechos en esta negociaci\u00f3n reglada, <strong>el sindicato \u2014con sobre el 93% a favor\u2014 decidi\u00f3 votar la huelga, una huelga que, de no haber un pronto acuerdo con la empresa, se har\u00e1 efectiva a partir del lunes 22 de agosto<\/strong>.<\/p>\n\n\n\n<p><strong>&#8220;Como sindicato solo nos queda esperar que la empresa nos presente una buena propuesta. Esperamos se mejoren nuestros ingresos y otras condiciones, para que as\u00ed cada trabajador y trabajadora podamos estar tranquilos y poder trabajar de mejor manera, ya que as\u00ed por fin la empresa nos estar\u00eda valorando como trabajadores&#8221;, se\u00f1al\u00f3 Merelyn Castillo, Presidenta del Sindicato de Empresa Aramark Servicios Mineros Remotos Ltda<\/strong>. Esto a la espera de que transcurran los d\u00edas en que, o se abre un per\u00edodo de mediaci\u00f3n obligada (con la inspecci\u00f3n del trabajo actuando como mediadora) o, llegado el lunes 22 de agosto, la huelga votada por las y los trabajadores se har\u00e1 efectiva.<\/p>\n\n\n\n<p><strong>Para la Confederaci\u00f3n de Trabajadores del Cobre (CTC)<\/strong>, organizaci\u00f3n que ha acompa\u00f1ado al Sindicato de Empresa Aramark Servicios Mineros Remotos Ltda. desde sus inicios, y tambi\u00e9n durante la presente negociaci\u00f3n colectiva, <strong>son altamente valorables las muestras de unidad y organizaci\u00f3n de parte de las y los trabajadores organizados en dicho sindicato<\/strong>. <strong>Destacamos la claridad de sus socias y socios en torno a que el ejercicio de sus derechos (por ejemplo en esta negociaci\u00f3n colectiva) tiene por horizonte avanzar en la b\u00fasqueda y conquista de mayor dignidad para ellas, ellos y sus familias<\/strong>.<\/p>\n\n\n\n<p>Por ahora solo queda esperar, como se\u00f1al\u00e1ramos anteriormente, a que transcurran los d\u00edas en que, <strong>o se abre un per\u00edodo de mediaci\u00f3n obligada (con la inspecci\u00f3n del trabajo actuando como mediadora) o, llegado el lunes 22 de agosto, la huelga, que es una de las hist\u00f3ricas herramientas de lucha de las y los trabajadores para avanzar en la conquista de m\u00e1s y mejores derechos, se har\u00e1 efectiva.<\/strong><\/p>\n\n\n\n<figure class=\"wp-block-image size-large\"><img loading=\"lazy\" decoding=\"async\" width=\"1024\" height=\"768\" src=\"https:\/\/www.confederaciondelcobre.cl\/wp-content\/uploads\/2022\/08\/0404b055-785d-4a7a-a9eb-f9078245a15c-1024x768.jpeg\" alt=\"\" class=\"wp-image-2821\" srcset=\"https:\/\/www.confederaciondelcobre.cl\/wp-content\/uploads\/2022\/08\/0404b055-785d-4a7a-a9eb-f9078245a15c-1024x768.jpeg 1024w, https:\/\/www.confederaciondelcobre.cl\/wp-content\/uploads\/2022\/08\/0404b055-785d-4a7a-a9eb-f9078245a15c-300x225.jpeg 300w, https:\/\/www.confederaciondelcobre.cl\/wp-content\/uploads\/2022\/08\/0404b055-785d-4a7a-a9eb-f9078245a15c-768x576.jpeg 768w, https:\/\/www.confederaciondelcobre.cl\/wp-content\/uploads\/2022\/08\/0404b055-785d-4a7a-a9eb-f9078245a15c-1536x1152.jpeg 1536w, https:\/\/www.confederaciondelcobre.cl\/wp-content\/uploads\/2022\/08\/0404b055-785d-4a7a-a9eb-f9078245a15c.jpeg 1600w\" sizes=\"auto, (max-width: 1024px) 100vw, 1024px\" \/><\/figure>\n\n\n\n<p><\/p>\n\n\n\n<p> <\/p>\n","protected":false},"excerpt":{"rendered":"<p>De no haber un pronto acuerdo con la empresa, la huelga, votada por un alto porcentaje de socias y socios, se har\u00e1 efectiva a partir del lunes 22 de agosto. &hellip; <\/p>\n","protected":false},"author":2,"featured_media":2819,"comment_status":"closed","ping_status":"closed","sticky":false,"template":"","format":"standard","meta":{"jetpack_post_was_ever_published":false,"_jetpack_newsletter_access":"","_jetpack_dont_email_post_to_subs":false,"_jetpack_newsletter_tier_id":0,"_jetpack_memberships_contains_paywalled_content":false,"_jetpack_memberships_contains_paid_content":false,"footnotes":"","jetpack_publicize_message":"","jetpack_publicize_feature_enabled":false,"jetpack_social_post_already_shared":true,"jetpack_social_options":{"image_generator_settings":{"template":"highway","default_image_id":0,"enabled":false},"version":2}},"categories":[9,20,19],"tags":[],"class_list":["post-2809","post","type-post","status-publish","format-standard","has-post-thumbnail","hentry","category-confederacion","category-negociacion-colectiva","category-trabajadores"],"jetpack_publicize_connections":[],"jetpack_featured_media_url":"https:\/\/www.confederaciondelcobre.cl\/wp-content\/uploads\/2022\/08\/PortNC.jpg","jetpack_sharing_enabled":true,"post_mailing_queue_ids":[],"_links":{"self":[{"href":"https:\/\/www.confederaciondelcobre.cl\/index.php\/wp-json\/wp\/v2\/posts\/2809","targetHints":{"allow":["GET"]}}],"collection":[{"href":"https:\/\/www.confederaciondelcobre.cl\/index.php\/wp-json\/wp\/v2\/posts"}],"about":[{"href":"https:\/\/www.confederaciondelcobre.cl\/index.php\/wp-json\/wp\/v2\/types\/post"}],"author":[{"embeddable":true,"href":"https:\/\/www.confederaciondelcobre.cl\/index.php\/wp-json\/wp\/v2\/users\/2"}],"replies":[{"embeddable":true,"href":"https:\/\/www.confederaciondelcobre.cl\/index.php\/wp-json\/wp\/v2\/comments?post=2809"}],"version-history":[{"count":14,"href":"https:\/\/www.confederaciondelcobre.cl\/index.php\/wp-json\/wp\/v2\/posts\/2809\/revisions"}],"predecessor-version":[{"id":2825,"href":"https:\/\/www.confederaciondelcobre.cl\/index.php\/wp-json\/wp\/v2\/posts\/2809\/revisions\/2825"}],"wp:featuredmedia":[{"embeddable":true,"href":"https:\/\/www.confederaciondelcobre.cl\/index.php\/wp-json\/wp\/v2\/media\/2819"}],"wp:attachment":[{"href":"https:\/\/www.confederaciondelcobre.cl\/index.php\/wp-json\/wp\/v2\/media?parent=2809"}],"wp:term":[{"taxonomy":"category","embeddable":true,"href":"https:\/\/www.confederaciondelcobre.cl\/index.php\/wp-json\/wp\/v2\/categories?post=2809"},{"taxonomy":"post_tag","embeddable":true,"href":"https:\/\/www.confederaciondelcobre.cl\/index.php\/wp-json\/wp\/v2\/tags?post=2809"}],"curies":[{"name":"wp","href":"https:\/\/api.w.org\/{rel}","templated":true}]}}