{"id":281,"date":"2019-07-19T21:53:12","date_gmt":"2019-07-19T21:53:12","guid":{"rendered":"http:\/\/www.ctc2018.cl\/?p=281"},"modified":"2020-04-26T23:47:36","modified_gmt":"2020-04-26T23:47:36","slug":"taller-sobre-trabajo-decente-y-convenio-176-se-desarrollo-en-la-oit","status":"publish","type":"post","link":"https:\/\/www.confederaciondelcobre.cl\/index.php\/2019\/07\/19\/taller-sobre-trabajo-decente-y-convenio-176-se-desarrollo-en-la-oit\/","title":{"rendered":"Taller sobre Trabajo decente y Convenio 176 se desarroll\u00f3 en la OIT."},"content":{"rendered":"\n<p>El d\u00eda de ayer mi\u00e9rcoles 17 de julio y en dependencias de la oficina de la Organizaci\u00f3n Internacional del Trabajo (OIT) para el Cono Sur de America Latina, el Directorio Nacional de la Confederaci\u00f3n de Trabajadores del Cobre (CTC), junto a dirigentes de Federaciones, participaron de un taller sobre Trabajo Decente y el Convenio N\u00ba176 sobre Seguridad y Salud en las minas de la OIT.<\/p>\n\n\n\n<p>En la jornada los temas en exposici\u00f3n&nbsp;fueron &#8220;Trabajo decente y derechos fundamentales&#8221;, a cargo de Maribel Batista, quien es especialista de actividades con los trabajadores; &#8220;Futuro del trabajo y seguridad y salud en el trabajo&#8221;, por Carmen Bueno, especialista en seguridad y salud en el trabajo e inspecci\u00f3n laboral y; el &#8220;Convenio 176 de la OIT, obligaciones que genera su ratificaci\u00f3n y el papel de las organizaciones sindicales&#8221; a cargo de Humberto Villasmil, especialista en normas de la oficina subregional de la OIT Santiago-Chile. Se compartieron apreciaciones sobre la actualidad y realidad del trabajo, las dif\u00edciles y precarias condiciones en que muchos trabajadores tienen que desempe\u00f1ar sus funciones, haciendo especial \u00e9nfasis en las dolorosas cifras globales sobre accidentabilidad y fatalidades en el mundo laboral, por ejemplo:<\/p>\n\n\n\n<ul class=\"wp-block-list\"><li>En promedio son 7500 los trabajadores que fallecen cada d\u00eda en el mundo debido a condiciones de trabajo inseguras e insalubres. De ellos; 1000 por accidentes del trabajo y 6500 por enfermedades profesionales. A lo anterior se suma la alarmante cifra anual de 374 Millones de personas que sufren lesiones por accidentes de trabajo.<\/li><li>En Am\u00e9rica Latina m\u00e1s del 50% de la actividad laboral es informal. Con ello, por tanto, los derechos y seguridad social de esos trabajadores es muy deficiente, por no decir nula.<\/li><\/ul>\n\n\n\n<p>Cabe se\u00f1alar que en el marco del centenario de la OIT (1919-2019), este a\u00f1o y de manera especial, uno de los esfuerzos de la Organizaci\u00f3n es que&nbsp;Chile ratifique el&nbsp;<a href=\"https:\/\/www.ilo.org\/dyn\/normlex\/es\/f?p=NORMLEXPUB:12100:0::NO::P12100_ILO_CODE:C176\">Convenio 176 sobre seguridad y salud en las minas<\/a>. Esto por la visibilidad del asunto, lo delicado o trascendente para la econom\u00eda y producci\u00f3n del pa\u00eds, adem\u00e1s -y sobre todas las cosas- por lo que significa en cuanto al avance en seguridad y salud de los trabajadores que se desempe\u00f1an en la miner\u00eda. Entre las particularidades del mencionado Convenio, a diferencia de la mayor\u00eda de los dem\u00e1s instrumentos internacionales, es que al ser ratificado puede ser implementado de forma gradual, por lo que el argumento que pueda esgrimirse sobre la dificultad de su aplicaci\u00f3n, es bastante relativa o carece de real sustento. Adem\u00e1s, al ser un Convenio que busca&nbsp;mejorar las condiciones de&nbsp;seguridad y salud, en la pr\u00e1ctica, protege la vida de los trabajadores.&nbsp;La seguridad, la salud y la vida de los trabajadores, a prop\u00f3sito de las tristes noticias que permanentemente nos informan de m\u00e1s accidentes y muertes de trabajadores de la miner\u00eda, no pueden seguir en esta suerte de deriva y despreocupaci\u00f3n de parte de las autoridades.<\/p>\n\n\n\n<p>A continuaci\u00f3n, un \u00e1lbum fotogr\u00e1fico del taller&nbsp;sobre Trabajo Decente y Convenio 176:<\/p>\n\n\n\n<ul class=\"wp-block-gallery columns-3 is-cropped wp-block-gallery-1 is-layout-flex wp-block-gallery-is-layout-flex\"><li class=\"blocks-gallery-item\"><figure><img loading=\"lazy\" decoding=\"async\" width=\"800\" height=\"533\" src=\"http:\/\/www.ctc2018.cl\/wp-content\/uploads\/2019\/07\/IMG_4379.jpg\" alt=\"\" data-id=\"286\" data-link=\"http:\/\/www.ctc2018.cl\/index.php\/2019\/07\/19\/taller-sobre-trabajo-decente-y-convenio-176-se-desarrollo-en-la-oit\/img_4379\/\" class=\"wp-image-286\" srcset=\"https:\/\/www.confederaciondelcobre.cl\/wp-content\/uploads\/2019\/07\/IMG_4379.jpg 800w, https:\/\/www.confederaciondelcobre.cl\/wp-content\/uploads\/2019\/07\/IMG_4379-300x200.jpg 300w, https:\/\/www.confederaciondelcobre.cl\/wp-content\/uploads\/2019\/07\/IMG_4379-768x512.jpg 768w\" sizes=\"auto, (max-width: 800px) 100vw, 800px\" \/><\/figure><\/li><li class=\"blocks-gallery-item\"><figure><img loading=\"lazy\" decoding=\"async\" width=\"800\" height=\"533\" src=\"http:\/\/www.ctc2018.cl\/wp-content\/uploads\/2019\/07\/IMG_4380.jpg\" alt=\"\" data-id=\"287\" data-link=\"http:\/\/www.ctc2018.cl\/index.php\/2019\/07\/19\/taller-sobre-trabajo-decente-y-convenio-176-se-desarrollo-en-la-oit\/img_4380\/\" class=\"wp-image-287\" srcset=\"https:\/\/www.confederaciondelcobre.cl\/wp-content\/uploads\/2019\/07\/IMG_4380.jpg 800w, https:\/\/www.confederaciondelcobre.cl\/wp-content\/uploads\/2019\/07\/IMG_4380-300x200.jpg 300w, https:\/\/www.confederaciondelcobre.cl\/wp-content\/uploads\/2019\/07\/IMG_4380-768x512.jpg 768w\" sizes=\"auto, (max-width: 800px) 100vw, 800px\" \/><\/figure><\/li><li class=\"blocks-gallery-item\"><figure><img loading=\"lazy\" decoding=\"async\" width=\"800\" height=\"533\" src=\"http:\/\/www.ctc2018.cl\/wp-content\/uploads\/2019\/07\/IMG_4381.jpg\" alt=\"\" data-id=\"288\" data-link=\"http:\/\/www.ctc2018.cl\/index.php\/2019\/07\/19\/taller-sobre-trabajo-decente-y-convenio-176-se-desarrollo-en-la-oit\/img_4381\/\" class=\"wp-image-288\" srcset=\"https:\/\/www.confederaciondelcobre.cl\/wp-content\/uploads\/2019\/07\/IMG_4381.jpg 800w, https:\/\/www.confederaciondelcobre.cl\/wp-content\/uploads\/2019\/07\/IMG_4381-300x200.jpg 300w, https:\/\/www.confederaciondelcobre.cl\/wp-content\/uploads\/2019\/07\/IMG_4381-768x512.jpg 768w\" sizes=\"auto, (max-width: 800px) 100vw, 800px\" \/><\/figure><\/li><li class=\"blocks-gallery-item\"><figure><img loading=\"lazy\" decoding=\"async\" width=\"800\" height=\"533\" src=\"http:\/\/www.ctc2018.cl\/wp-content\/uploads\/2019\/07\/IMG_4383.jpg\" alt=\"\" data-id=\"289\" data-link=\"http:\/\/www.ctc2018.cl\/index.php\/2019\/07\/19\/taller-sobre-trabajo-decente-y-convenio-176-se-desarrollo-en-la-oit\/img_4383\/\" class=\"wp-image-289\" srcset=\"https:\/\/www.confederaciondelcobre.cl\/wp-content\/uploads\/2019\/07\/IMG_4383.jpg 800w, https:\/\/www.confederaciondelcobre.cl\/wp-content\/uploads\/2019\/07\/IMG_4383-300x200.jpg 300w, https:\/\/www.confederaciondelcobre.cl\/wp-content\/uploads\/2019\/07\/IMG_4383-768x512.jpg 768w\" sizes=\"auto, (max-width: 800px) 100vw, 800px\" \/><\/figure><\/li><li class=\"blocks-gallery-item\"><figure><img loading=\"lazy\" decoding=\"async\" width=\"800\" height=\"533\" src=\"http:\/\/www.ctc2018.cl\/wp-content\/uploads\/2019\/07\/IMG_4384.jpg\" alt=\"\" data-id=\"290\" data-link=\"http:\/\/www.ctc2018.cl\/index.php\/2019\/07\/19\/taller-sobre-trabajo-decente-y-convenio-176-se-desarrollo-en-la-oit\/img_4384\/\" class=\"wp-image-290\" srcset=\"https:\/\/www.confederaciondelcobre.cl\/wp-content\/uploads\/2019\/07\/IMG_4384.jpg 800w, https:\/\/www.confederaciondelcobre.cl\/wp-content\/uploads\/2019\/07\/IMG_4384-300x200.jpg 300w, https:\/\/www.confederaciondelcobre.cl\/wp-content\/uploads\/2019\/07\/IMG_4384-768x512.jpg 768w\" sizes=\"auto, (max-width: 800px) 100vw, 800px\" \/><\/figure><\/li><li class=\"blocks-gallery-item\"><figure><img loading=\"lazy\" decoding=\"async\" width=\"800\" height=\"533\" src=\"http:\/\/www.ctc2018.cl\/wp-content\/uploads\/2019\/07\/IMG_4386.jpg\" alt=\"\" data-id=\"291\" data-link=\"http:\/\/www.ctc2018.cl\/index.php\/2019\/07\/19\/taller-sobre-trabajo-decente-y-convenio-176-se-desarrollo-en-la-oit\/img_4386\/\" class=\"wp-image-291\" srcset=\"https:\/\/www.confederaciondelcobre.cl\/wp-content\/uploads\/2019\/07\/IMG_4386.jpg 800w, https:\/\/www.confederaciondelcobre.cl\/wp-content\/uploads\/2019\/07\/IMG_4386-300x200.jpg 300w, https:\/\/www.confederaciondelcobre.cl\/wp-content\/uploads\/2019\/07\/IMG_4386-768x512.jpg 768w\" sizes=\"auto, (max-width: 800px) 100vw, 800px\" \/><\/figure><\/li><li class=\"blocks-gallery-item\"><figure><img loading=\"lazy\" decoding=\"async\" width=\"800\" height=\"533\" src=\"http:\/\/www.ctc2018.cl\/wp-content\/uploads\/2019\/07\/IMG_4396.jpg\" alt=\"\" data-id=\"292\" data-link=\"http:\/\/www.ctc2018.cl\/index.php\/2019\/07\/19\/taller-sobre-trabajo-decente-y-convenio-176-se-desarrollo-en-la-oit\/img_4396\/\" class=\"wp-image-292\" srcset=\"https:\/\/www.confederaciondelcobre.cl\/wp-content\/uploads\/2019\/07\/IMG_4396.jpg 800w, https:\/\/www.confederaciondelcobre.cl\/wp-content\/uploads\/2019\/07\/IMG_4396-300x200.jpg 300w, https:\/\/www.confederaciondelcobre.cl\/wp-content\/uploads\/2019\/07\/IMG_4396-768x512.jpg 768w\" sizes=\"auto, (max-width: 800px) 100vw, 800px\" \/><\/figure><\/li><li class=\"blocks-gallery-item\"><figure><img loading=\"lazy\" decoding=\"async\" width=\"800\" height=\"533\" src=\"http:\/\/www.ctc2018.cl\/wp-content\/uploads\/2019\/07\/IMG_4402.jpg\" alt=\"\" data-id=\"293\" data-link=\"http:\/\/www.ctc2018.cl\/index.php\/2019\/07\/19\/taller-sobre-trabajo-decente-y-convenio-176-se-desarrollo-en-la-oit\/img_4402\/\" class=\"wp-image-293\" srcset=\"https:\/\/www.confederaciondelcobre.cl\/wp-content\/uploads\/2019\/07\/IMG_4402.jpg 800w, https:\/\/www.confederaciondelcobre.cl\/wp-content\/uploads\/2019\/07\/IMG_4402-300x200.jpg 300w, https:\/\/www.confederaciondelcobre.cl\/wp-content\/uploads\/2019\/07\/IMG_4402-768x512.jpg 768w\" sizes=\"auto, (max-width: 800px) 100vw, 800px\" \/><\/figure><\/li><li class=\"blocks-gallery-item\"><figure><img loading=\"lazy\" decoding=\"async\" width=\"800\" height=\"533\" src=\"http:\/\/www.ctc2018.cl\/wp-content\/uploads\/2019\/07\/IMG_4406.jpg\" alt=\"\" data-id=\"294\" data-link=\"http:\/\/www.ctc2018.cl\/index.php\/2019\/07\/19\/taller-sobre-trabajo-decente-y-convenio-176-se-desarrollo-en-la-oit\/img_4406\/\" class=\"wp-image-294\" srcset=\"https:\/\/www.confederaciondelcobre.cl\/wp-content\/uploads\/2019\/07\/IMG_4406.jpg 800w, https:\/\/www.confederaciondelcobre.cl\/wp-content\/uploads\/2019\/07\/IMG_4406-300x200.jpg 300w, https:\/\/www.confederaciondelcobre.cl\/wp-content\/uploads\/2019\/07\/IMG_4406-768x512.jpg 768w\" sizes=\"auto, (max-width: 800px) 100vw, 800px\" \/><\/figure><\/li><li class=\"blocks-gallery-item\"><figure><img loading=\"lazy\" decoding=\"async\" width=\"800\" height=\"533\" src=\"http:\/\/www.ctc2018.cl\/wp-content\/uploads\/2019\/07\/IMG_4407.jpg\" alt=\"\" data-id=\"295\" data-link=\"http:\/\/www.ctc2018.cl\/index.php\/2019\/07\/19\/taller-sobre-trabajo-decente-y-convenio-176-se-desarrollo-en-la-oit\/img_4407\/\" class=\"wp-image-295\" srcset=\"https:\/\/www.confederaciondelcobre.cl\/wp-content\/uploads\/2019\/07\/IMG_4407.jpg 800w, https:\/\/www.confederaciondelcobre.cl\/wp-content\/uploads\/2019\/07\/IMG_4407-300x200.jpg 300w, https:\/\/www.confederaciondelcobre.cl\/wp-content\/uploads\/2019\/07\/IMG_4407-768x512.jpg 768w\" sizes=\"auto, (max-width: 800px) 100vw, 800px\" \/><\/figure><\/li><li class=\"blocks-gallery-item\"><figure><img loading=\"lazy\" decoding=\"async\" width=\"800\" height=\"533\" src=\"http:\/\/www.ctc2018.cl\/wp-content\/uploads\/2019\/07\/IMG_4422.jpg\" alt=\"\" data-id=\"296\" data-link=\"http:\/\/www.ctc2018.cl\/index.php\/2019\/07\/19\/taller-sobre-trabajo-decente-y-convenio-176-se-desarrollo-en-la-oit\/img_4422\/\" class=\"wp-image-296\" srcset=\"https:\/\/www.confederaciondelcobre.cl\/wp-content\/uploads\/2019\/07\/IMG_4422.jpg 800w, https:\/\/www.confederaciondelcobre.cl\/wp-content\/uploads\/2019\/07\/IMG_4422-300x200.jpg 300w, https:\/\/www.confederaciondelcobre.cl\/wp-content\/uploads\/2019\/07\/IMG_4422-768x512.jpg 768w\" sizes=\"auto, (max-width: 800px) 100vw, 800px\" \/><\/figure><\/li><\/ul>\n","protected":false},"excerpt":{"rendered":"<p>El d\u00eda de ayer mi\u00e9rcoles 17 de julio y en dependencias de la oficina de la Organizaci\u00f3n Internacional del Trabajo (OIT) para el Cono Sur de America Latina, el Directorio &hellip; <\/p>\n","protected":false},"author":2,"featured_media":283,"comment_status":"open","ping_status":"open","sticky":false,"template":"","format":"standard","meta":{"jetpack_post_was_ever_published":false,"_jetpack_newsletter_access":"","_jetpack_dont_email_post_to_subs":false,"_jetpack_newsletter_tier_id":0,"_jetpack_memberships_contains_paywalled_content":false,"_jetpack_memberships_contains_paid_content":false,"footnotes":"","jetpack_publicize_message":"","jetpack_publicize_feature_enabled":true,"jetpack_social_post_already_shared":false,"jetpack_social_options":{"image_generator_settings":{"template":"highway","default_image_id":0,"enabled":false},"version":2}},"categories":[9,21,22,28,26,25,29,31,13,15,19],"tags":[],"class_list":["post-281","post","type-post","status-publish","format-standard","has-post-thumbnail","hentry","category-confederacion","category-federaciones","category-feminort","category-fesal","category-fesamab","category-fesamav","category-fetramac","category-fetratec","category-internacional","category-nacional","category-trabajadores"],"jetpack_publicize_connections":[],"jetpack_featured_media_url":"https:\/\/www.confederaciondelcobre.cl\/wp-content\/uploads\/2019\/11\/EncWebCTC-2.jpg","jetpack_sharing_enabled":true,"post_mailing_queue_ids":[],"_links":{"self":[{"href":"https:\/\/www.confederaciondelcobre.cl\/index.php\/wp-json\/wp\/v2\/posts\/281","targetHints":{"allow":["GET"]}}],"collection":[{"href":"https:\/\/www.confederaciondelcobre.cl\/index.php\/wp-json\/wp\/v2\/posts"}],"about":[{"href":"https:\/\/www.confederaciondelcobre.cl\/index.php\/wp-json\/wp\/v2\/types\/post"}],"author":[{"embeddable":true,"href":"https:\/\/www.confederaciondelcobre.cl\/index.php\/wp-json\/wp\/v2\/users\/2"}],"replies":[{"embeddable":true,"href":"https:\/\/www.confederaciondelcobre.cl\/index.php\/wp-json\/wp\/v2\/comments?post=281"}],"version-history":[{"count":2,"href":"https:\/\/www.confederaciondelcobre.cl\/index.php\/wp-json\/wp\/v2\/posts\/281\/revisions"}],"predecessor-version":[{"id":297,"href":"https:\/\/www.confederaciondelcobre.cl\/index.php\/wp-json\/wp\/v2\/posts\/281\/revisions\/297"}],"wp:featuredmedia":[{"embeddable":true,"href":"https:\/\/www.confederaciondelcobre.cl\/index.php\/wp-json\/wp\/v2\/media\/283"}],"wp:attachment":[{"href":"https:\/\/www.confederaciondelcobre.cl\/index.php\/wp-json\/wp\/v2\/media?parent=281"}],"wp:term":[{"taxonomy":"category","embeddable":true,"href":"https:\/\/www.confederaciondelcobre.cl\/index.php\/wp-json\/wp\/v2\/categories?post=281"},{"taxonomy":"post_tag","embeddable":true,"href":"https:\/\/www.confederaciondelcobre.cl\/index.php\/wp-json\/wp\/v2\/tags?post=281"}],"curies":[{"name":"wp","href":"https:\/\/api.w.org\/{rel}","templated":true}]}}