{"id":2826,"date":"2022-08-19T17:18:13","date_gmt":"2022-08-19T21:18:13","guid":{"rendered":"https:\/\/www.confederaciondelcobre.cl\/?p=2826"},"modified":"2022-08-19T17:18:15","modified_gmt":"2022-08-19T21:18:15","slug":"cut-cumple-34-anos-desde-su-refundacion-ctc-estuvo-presente","status":"publish","type":"post","link":"https:\/\/www.confederaciondelcobre.cl\/index.php\/2022\/08\/19\/cut-cumple-34-anos-desde-su-refundacion-ctc-estuvo-presente\/","title":{"rendered":"CUT cumple 34 a\u00f1os desde su refundaci\u00f3n. CTC estuvo presente."},"content":{"rendered":"\n<p>En su sede central, en la ciudad de Santiago, hoy se celebr\u00f3 el aniversario n\u00famero 34 de la Central Unitaria de Trabajadores.<\/p>\n\n\n\n<hr class=\"wp-block-separator has-alpha-channel-opacity\"\/>\n\n\n\n<p>Con la inauguraci\u00f3n de un mural fotogr\u00e1fico que contiene los retratos de todas y todos sus Presidentes, desde su refundaci\u00f3n en 1988, y <strong>con la presencia de dirigentes sindicales de todo el pa\u00eds, entre ellos de la Confederaci\u00f3n de Trabajadores del Cobre (CTC), representada por el Director Nacional Jedry Velis Palma, se realiz\u00f3 la ceremonia de aniversario n\u00famero 34 de la Central Unitaria de Trabajadores (CUT)<\/strong>.<\/p>\n\n\n\n<p>El acto, realizado en la sede central de la CUT, y encabezado por <strong>su actual Presidente, David Acu\u00f1a<\/strong>, tambi\u00e9n cont\u00f3 con la participaci\u00f3n del <strong>Presidente de la Rep\u00fablica, Gabriel Boric<\/strong>, quien envi\u00f3 un video de saludo; de la <strong>Ministra del Trabajo y Previsi\u00f3n Social, Jeannette Jara<\/strong>; del <strong>Ministro de Hacienda, Mario Marcel<\/strong>; del <strong>Presidente de la Confederaci\u00f3n de la Producci\u00f3n y del Comercio (CPC), Juan Sutil<\/strong>; del <strong>Presidente del Senado, Alvaro Elizalde<\/strong>, quien tambi\u00e9n envi\u00f3 un video de saludo; del <strong>Presidente del Partido Comunista, Guillermo Teillier<\/strong>; del <strong>Secretario General del Partido Socialista, Camilo Escalona<\/strong>; y el saludo \u2014tambi\u00e9n por video\u2014 de la <strong>Expresidenta de la CUT y actual embajadora de Chile en Argentina, B\u00e1rbara Figueroa<\/strong>, quienes, junto con coincidir en la verdadera importancia y trascendencia de la organizaci\u00f3n sindical m\u00e1s representativa del pa\u00eds, ofrecieron palabras de saludo y reflexiones en torno a este nuevo aniversario de la Central, como tambi\u00e9n a prop\u00f3sito del momento hist\u00f3rico que como pa\u00eds estamos viviendo.<\/p>\n\n\n\n<p>En tanto <strong>David Acu\u00f1a, Presidente de la CUT<\/strong>, junto con valorar el acuerdo alcanzado en los \u00faltimos meses con el gobierno en torno a elevar el salario m\u00ednim<strong>o, recalc\u00f3 la disposici\u00f3n la Central para seguir avanzando en ese mismo sentido, con el prop\u00f3sito de que dicho salario supere la l\u00ednea de la pobreza y que ello ocurra durante este gobierno<\/strong>. Tambi\u00e9n, y a prop\u00f3sito del actual proceso constituyente, <strong>hizo claro un llamado a aprobar el texto de nueva constituci\u00f3n el 04 de septiembre pr\u00f3ximo, se\u00f1alando que dicha propuesta permitir\u00e1 establecer las necesarias mejoras en el mundo del trabajo<\/strong>. Para finalizar, a la vez que destac\u00f3 el legado de Manuel Bustos (expresidente de la CUT), hizo un reconocimiento al trabajo de las y los dirigentes sindicales que hoy luchan por un Chile mas justo.<\/p>\n\n\n\n<p>La Confederaci\u00f3n de Trabajadores del Cobre, organizaci\u00f3n sindical que agrupa y organiza a las y los trabajadores contratistas y subcontratistas de la miner\u00eda nacional, enviamos un gran saludo a la Central Unitaria de Trabajadores, organizaci\u00f3n de la cual somos parte desde el mismo momento en que nos fund\u00e1ramos por all\u00e1 en 2007. Han sido 15 a\u00f1os de un caminar en conjunto, codo a codo, en la b\u00fasqueda y conquista de m\u00e1s y mejores derechos para la clase trabajadora de nuestro pa\u00eds. Saludamos, entonces, este nuevo aniversario de la Central Unitaria de Trabajadores con la certeza de que ser\u00e1n muchos m\u00e1s, los a\u00f1os y conquistas por venir. \u00a1Viva la clase trabajadora!<\/p>\n\n\n\n<ul class=\"wp-block-list\"><li>Revisa una rese\u00f1a hist\u00f3rica de la CUT, publicada en su propio sitio web, <a rel=\"noreferrer noopener\" href=\"https:\/\/cut.cl\/cutchile\/historia-cut\/\" target=\"_blank\">haciendo click aqu\u00ed<\/a>.<\/li><\/ul>\n\n\n\n<figure class=\"wp-block-gallery has-nested-images columns-default is-cropped wp-block-gallery-1 is-layout-flex wp-block-gallery-is-layout-flex\">\n<figure class=\"wp-block-image size-large\"><img loading=\"lazy\" decoding=\"async\" width=\"1600\" height=\"900\" data-id=\"2838\" src=\"https:\/\/www.confederaciondelcobre.cl\/wp-content\/uploads\/2022\/08\/b2a84b65-041a-453b-bdc2-daca9aa08bf7.jpeg\" alt=\"\" class=\"wp-image-2838\" srcset=\"https:\/\/www.confederaciondelcobre.cl\/wp-content\/uploads\/2022\/08\/b2a84b65-041a-453b-bdc2-daca9aa08bf7.jpeg 1600w, https:\/\/www.confederaciondelcobre.cl\/wp-content\/uploads\/2022\/08\/b2a84b65-041a-453b-bdc2-daca9aa08bf7-300x169.jpeg 300w, https:\/\/www.confederaciondelcobre.cl\/wp-content\/uploads\/2022\/08\/b2a84b65-041a-453b-bdc2-daca9aa08bf7-1024x576.jpeg 1024w, https:\/\/www.confederaciondelcobre.cl\/wp-content\/uploads\/2022\/08\/b2a84b65-041a-453b-bdc2-daca9aa08bf7-768x432.jpeg 768w, https:\/\/www.confederaciondelcobre.cl\/wp-content\/uploads\/2022\/08\/b2a84b65-041a-453b-bdc2-daca9aa08bf7-1536x864.jpeg 1536w\" sizes=\"auto, (max-width: 1600px) 100vw, 1600px\" \/><\/figure>\n\n\n\n<figure class=\"wp-block-image size-large\"><img loading=\"lazy\" decoding=\"async\" width=\"1600\" height=\"900\" data-id=\"2836\" src=\"https:\/\/www.confederaciondelcobre.cl\/wp-content\/uploads\/2022\/08\/896ce1a8-c919-407a-a799-dec7c1de2bb2.jpeg\" alt=\"\" class=\"wp-image-2836\" srcset=\"https:\/\/www.confederaciondelcobre.cl\/wp-content\/uploads\/2022\/08\/896ce1a8-c919-407a-a799-dec7c1de2bb2.jpeg 1600w, https:\/\/www.confederaciondelcobre.cl\/wp-content\/uploads\/2022\/08\/896ce1a8-c919-407a-a799-dec7c1de2bb2-300x169.jpeg 300w, https:\/\/www.confederaciondelcobre.cl\/wp-content\/uploads\/2022\/08\/896ce1a8-c919-407a-a799-dec7c1de2bb2-1024x576.jpeg 1024w, https:\/\/www.confederaciondelcobre.cl\/wp-content\/uploads\/2022\/08\/896ce1a8-c919-407a-a799-dec7c1de2bb2-768x432.jpeg 768w, https:\/\/www.confederaciondelcobre.cl\/wp-content\/uploads\/2022\/08\/896ce1a8-c919-407a-a799-dec7c1de2bb2-1536x864.jpeg 1536w\" sizes=\"auto, (max-width: 1600px) 100vw, 1600px\" \/><\/figure>\n\n\n\n<figure class=\"wp-block-image size-large\"><img loading=\"lazy\" decoding=\"async\" width=\"1600\" height=\"900\" data-id=\"2830\" src=\"https:\/\/www.confederaciondelcobre.cl\/wp-content\/uploads\/2022\/08\/4b87ecc9-8fda-4549-8054-de80f60c8379.jpeg\" alt=\"\" class=\"wp-image-2830\" srcset=\"https:\/\/www.confederaciondelcobre.cl\/wp-content\/uploads\/2022\/08\/4b87ecc9-8fda-4549-8054-de80f60c8379.jpeg 1600w, https:\/\/www.confederaciondelcobre.cl\/wp-content\/uploads\/2022\/08\/4b87ecc9-8fda-4549-8054-de80f60c8379-300x169.jpeg 300w, https:\/\/www.confederaciondelcobre.cl\/wp-content\/uploads\/2022\/08\/4b87ecc9-8fda-4549-8054-de80f60c8379-1024x576.jpeg 1024w, https:\/\/www.confederaciondelcobre.cl\/wp-content\/uploads\/2022\/08\/4b87ecc9-8fda-4549-8054-de80f60c8379-768x432.jpeg 768w, https:\/\/www.confederaciondelcobre.cl\/wp-content\/uploads\/2022\/08\/4b87ecc9-8fda-4549-8054-de80f60c8379-1536x864.jpeg 1536w\" sizes=\"auto, (max-width: 1600px) 100vw, 1600px\" \/><\/figure>\n\n\n\n<figure class=\"wp-block-image size-large\"><img loading=\"lazy\" decoding=\"async\" width=\"1600\" height=\"900\" data-id=\"2835\" src=\"https:\/\/www.confederaciondelcobre.cl\/wp-content\/uploads\/2022\/08\/585c77f6-2661-42e9-92e8-35086ddb8dea.jpeg\" alt=\"\" class=\"wp-image-2835\" srcset=\"https:\/\/www.confederaciondelcobre.cl\/wp-content\/uploads\/2022\/08\/585c77f6-2661-42e9-92e8-35086ddb8dea.jpeg 1600w, https:\/\/www.confederaciondelcobre.cl\/wp-content\/uploads\/2022\/08\/585c77f6-2661-42e9-92e8-35086ddb8dea-300x169.jpeg 300w, https:\/\/www.confederaciondelcobre.cl\/wp-content\/uploads\/2022\/08\/585c77f6-2661-42e9-92e8-35086ddb8dea-1024x576.jpeg 1024w, https:\/\/www.confederaciondelcobre.cl\/wp-content\/uploads\/2022\/08\/585c77f6-2661-42e9-92e8-35086ddb8dea-768x432.jpeg 768w, https:\/\/www.confederaciondelcobre.cl\/wp-content\/uploads\/2022\/08\/585c77f6-2661-42e9-92e8-35086ddb8dea-1536x864.jpeg 1536w\" sizes=\"auto, (max-width: 1600px) 100vw, 1600px\" \/><\/figure>\n\n\n\n<figure class=\"wp-block-image size-large\"><img loading=\"lazy\" decoding=\"async\" width=\"1600\" height=\"900\" data-id=\"2833\" src=\"https:\/\/www.confederaciondelcobre.cl\/wp-content\/uploads\/2022\/08\/6b62c32c-5bf9-40bb-939c-1f9c657e610f.jpeg\" alt=\"\" class=\"wp-image-2833\" srcset=\"https:\/\/www.confederaciondelcobre.cl\/wp-content\/uploads\/2022\/08\/6b62c32c-5bf9-40bb-939c-1f9c657e610f.jpeg 1600w, https:\/\/www.confederaciondelcobre.cl\/wp-content\/uploads\/2022\/08\/6b62c32c-5bf9-40bb-939c-1f9c657e610f-300x169.jpeg 300w, https:\/\/www.confederaciondelcobre.cl\/wp-content\/uploads\/2022\/08\/6b62c32c-5bf9-40bb-939c-1f9c657e610f-1024x576.jpeg 1024w, https:\/\/www.confederaciondelcobre.cl\/wp-content\/uploads\/2022\/08\/6b62c32c-5bf9-40bb-939c-1f9c657e610f-768x432.jpeg 768w, https:\/\/www.confederaciondelcobre.cl\/wp-content\/uploads\/2022\/08\/6b62c32c-5bf9-40bb-939c-1f9c657e610f-1536x864.jpeg 1536w\" sizes=\"auto, (max-width: 1600px) 100vw, 1600px\" \/><\/figure>\n\n\n\n<figure class=\"wp-block-image size-large\"><img loading=\"lazy\" decoding=\"async\" width=\"1600\" height=\"900\" data-id=\"2832\" src=\"https:\/\/www.confederaciondelcobre.cl\/wp-content\/uploads\/2022\/08\/39f59bb0-30e8-40d5-9aa8-9b8a7915adbd.jpeg\" alt=\"\" class=\"wp-image-2832\" srcset=\"https:\/\/www.confederaciondelcobre.cl\/wp-content\/uploads\/2022\/08\/39f59bb0-30e8-40d5-9aa8-9b8a7915adbd.jpeg 1600w, https:\/\/www.confederaciondelcobre.cl\/wp-content\/uploads\/2022\/08\/39f59bb0-30e8-40d5-9aa8-9b8a7915adbd-300x169.jpeg 300w, https:\/\/www.confederaciondelcobre.cl\/wp-content\/uploads\/2022\/08\/39f59bb0-30e8-40d5-9aa8-9b8a7915adbd-1024x576.jpeg 1024w, https:\/\/www.confederaciondelcobre.cl\/wp-content\/uploads\/2022\/08\/39f59bb0-30e8-40d5-9aa8-9b8a7915adbd-768x432.jpeg 768w, https:\/\/www.confederaciondelcobre.cl\/wp-content\/uploads\/2022\/08\/39f59bb0-30e8-40d5-9aa8-9b8a7915adbd-1536x864.jpeg 1536w\" sizes=\"auto, (max-width: 1600px) 100vw, 1600px\" \/><\/figure>\n\n\n\n<figure class=\"wp-block-image size-large\"><img loading=\"lazy\" decoding=\"async\" width=\"1600\" height=\"900\" data-id=\"2841\" src=\"https:\/\/www.confederaciondelcobre.cl\/wp-content\/uploads\/2022\/08\/eeb68fe5-4917-406e-a02b-ab1da5a08302.jpeg\" alt=\"\" class=\"wp-image-2841\" srcset=\"https:\/\/www.confederaciondelcobre.cl\/wp-content\/uploads\/2022\/08\/eeb68fe5-4917-406e-a02b-ab1da5a08302.jpeg 1600w, https:\/\/www.confederaciondelcobre.cl\/wp-content\/uploads\/2022\/08\/eeb68fe5-4917-406e-a02b-ab1da5a08302-300x169.jpeg 300w, https:\/\/www.confederaciondelcobre.cl\/wp-content\/uploads\/2022\/08\/eeb68fe5-4917-406e-a02b-ab1da5a08302-1024x576.jpeg 1024w, https:\/\/www.confederaciondelcobre.cl\/wp-content\/uploads\/2022\/08\/eeb68fe5-4917-406e-a02b-ab1da5a08302-768x432.jpeg 768w, https:\/\/www.confederaciondelcobre.cl\/wp-content\/uploads\/2022\/08\/eeb68fe5-4917-406e-a02b-ab1da5a08302-1536x864.jpeg 1536w\" sizes=\"auto, (max-width: 1600px) 100vw, 1600px\" \/><\/figure>\n\n\n\n<figure class=\"wp-block-image size-large\"><img loading=\"lazy\" decoding=\"async\" width=\"1600\" height=\"900\" data-id=\"2834\" src=\"https:\/\/www.confederaciondelcobre.cl\/wp-content\/uploads\/2022\/08\/4a46462d-5bdf-48ca-b84e-9c487e284248.jpeg\" alt=\"\" class=\"wp-image-2834\" srcset=\"https:\/\/www.confederaciondelcobre.cl\/wp-content\/uploads\/2022\/08\/4a46462d-5bdf-48ca-b84e-9c487e284248.jpeg 1600w, https:\/\/www.confederaciondelcobre.cl\/wp-content\/uploads\/2022\/08\/4a46462d-5bdf-48ca-b84e-9c487e284248-300x169.jpeg 300w, https:\/\/www.confederaciondelcobre.cl\/wp-content\/uploads\/2022\/08\/4a46462d-5bdf-48ca-b84e-9c487e284248-1024x576.jpeg 1024w, https:\/\/www.confederaciondelcobre.cl\/wp-content\/uploads\/2022\/08\/4a46462d-5bdf-48ca-b84e-9c487e284248-768x432.jpeg 768w, https:\/\/www.confederaciondelcobre.cl\/wp-content\/uploads\/2022\/08\/4a46462d-5bdf-48ca-b84e-9c487e284248-1536x864.jpeg 1536w\" sizes=\"auto, (max-width: 1600px) 100vw, 1600px\" \/><\/figure>\n\n\n\n<figure class=\"wp-block-image size-large\"><img loading=\"lazy\" decoding=\"async\" width=\"1600\" height=\"900\" data-id=\"2840\" src=\"https:\/\/www.confederaciondelcobre.cl\/wp-content\/uploads\/2022\/08\/9860d704-4436-4aee-af0b-faa0d8af4aa5.jpeg\" alt=\"\" class=\"wp-image-2840\" srcset=\"https:\/\/www.confederaciondelcobre.cl\/wp-content\/uploads\/2022\/08\/9860d704-4436-4aee-af0b-faa0d8af4aa5.jpeg 1600w, https:\/\/www.confederaciondelcobre.cl\/wp-content\/uploads\/2022\/08\/9860d704-4436-4aee-af0b-faa0d8af4aa5-300x169.jpeg 300w, https:\/\/www.confederaciondelcobre.cl\/wp-content\/uploads\/2022\/08\/9860d704-4436-4aee-af0b-faa0d8af4aa5-1024x576.jpeg 1024w, https:\/\/www.confederaciondelcobre.cl\/wp-content\/uploads\/2022\/08\/9860d704-4436-4aee-af0b-faa0d8af4aa5-768x432.jpeg 768w, https:\/\/www.confederaciondelcobre.cl\/wp-content\/uploads\/2022\/08\/9860d704-4436-4aee-af0b-faa0d8af4aa5-1536x864.jpeg 1536w\" sizes=\"auto, (max-width: 1600px) 100vw, 1600px\" \/><\/figure>\n\n\n\n<figure class=\"wp-block-image size-large\"><img loading=\"lazy\" decoding=\"async\" width=\"1600\" height=\"900\" data-id=\"2839\" src=\"https:\/\/www.confederaciondelcobre.cl\/wp-content\/uploads\/2022\/08\/a2612e13-d255-4179-a475-496a3d851fb3.jpeg\" alt=\"\" class=\"wp-image-2839\" srcset=\"https:\/\/www.confederaciondelcobre.cl\/wp-content\/uploads\/2022\/08\/a2612e13-d255-4179-a475-496a3d851fb3.jpeg 1600w, https:\/\/www.confederaciondelcobre.cl\/wp-content\/uploads\/2022\/08\/a2612e13-d255-4179-a475-496a3d851fb3-300x169.jpeg 300w, https:\/\/www.confederaciondelcobre.cl\/wp-content\/uploads\/2022\/08\/a2612e13-d255-4179-a475-496a3d851fb3-1024x576.jpeg 1024w, https:\/\/www.confederaciondelcobre.cl\/wp-content\/uploads\/2022\/08\/a2612e13-d255-4179-a475-496a3d851fb3-768x432.jpeg 768w, https:\/\/www.confederaciondelcobre.cl\/wp-content\/uploads\/2022\/08\/a2612e13-d255-4179-a475-496a3d851fb3-1536x864.jpeg 1536w\" sizes=\"auto, (max-width: 1600px) 100vw, 1600px\" \/><\/figure>\n\n\n\n<figure class=\"wp-block-image size-large\"><img loading=\"lazy\" decoding=\"async\" width=\"1600\" height=\"900\" data-id=\"2848\" src=\"https:\/\/www.confederaciondelcobre.cl\/wp-content\/uploads\/2022\/08\/5390d5b7-f5b4-4a34-befd-4abf6a5baa06.jpeg\" alt=\"\" class=\"wp-image-2848\" srcset=\"https:\/\/www.confederaciondelcobre.cl\/wp-content\/uploads\/2022\/08\/5390d5b7-f5b4-4a34-befd-4abf6a5baa06.jpeg 1600w, https:\/\/www.confederaciondelcobre.cl\/wp-content\/uploads\/2022\/08\/5390d5b7-f5b4-4a34-befd-4abf6a5baa06-300x169.jpeg 300w, https:\/\/www.confederaciondelcobre.cl\/wp-content\/uploads\/2022\/08\/5390d5b7-f5b4-4a34-befd-4abf6a5baa06-1024x576.jpeg 1024w, https:\/\/www.confederaciondelcobre.cl\/wp-content\/uploads\/2022\/08\/5390d5b7-f5b4-4a34-befd-4abf6a5baa06-768x432.jpeg 768w, https:\/\/www.confederaciondelcobre.cl\/wp-content\/uploads\/2022\/08\/5390d5b7-f5b4-4a34-befd-4abf6a5baa06-1536x864.jpeg 1536w\" sizes=\"auto, (max-width: 1600px) 100vw, 1600px\" \/><\/figure>\n\n\n\n<figure class=\"wp-block-image size-large\"><img loading=\"lazy\" decoding=\"async\" width=\"1600\" height=\"900\" data-id=\"2831\" src=\"https:\/\/www.confederaciondelcobre.cl\/wp-content\/uploads\/2022\/08\/7c054e02-c305-4f6c-8aca-150ac0eaf94f.jpeg\" alt=\"\" class=\"wp-image-2831\" srcset=\"https:\/\/www.confederaciondelcobre.cl\/wp-content\/uploads\/2022\/08\/7c054e02-c305-4f6c-8aca-150ac0eaf94f.jpeg 1600w, https:\/\/www.confederaciondelcobre.cl\/wp-content\/uploads\/2022\/08\/7c054e02-c305-4f6c-8aca-150ac0eaf94f-300x169.jpeg 300w, https:\/\/www.confederaciondelcobre.cl\/wp-content\/uploads\/2022\/08\/7c054e02-c305-4f6c-8aca-150ac0eaf94f-1024x576.jpeg 1024w, https:\/\/www.confederaciondelcobre.cl\/wp-content\/uploads\/2022\/08\/7c054e02-c305-4f6c-8aca-150ac0eaf94f-768x432.jpeg 768w, https:\/\/www.confederaciondelcobre.cl\/wp-content\/uploads\/2022\/08\/7c054e02-c305-4f6c-8aca-150ac0eaf94f-1536x864.jpeg 1536w\" sizes=\"auto, (max-width: 1600px) 100vw, 1600px\" \/><\/figure>\n\n\n\n<figure class=\"wp-block-image size-large\"><img loading=\"lazy\" decoding=\"async\" width=\"1600\" height=\"900\" data-id=\"2837\" src=\"https:\/\/www.confederaciondelcobre.cl\/wp-content\/uploads\/2022\/08\/dba3b071-20d6-4ee2-b7f9-14c7f8efc96f.jpeg\" alt=\"\" class=\"wp-image-2837\" srcset=\"https:\/\/www.confederaciondelcobre.cl\/wp-content\/uploads\/2022\/08\/dba3b071-20d6-4ee2-b7f9-14c7f8efc96f.jpeg 1600w, https:\/\/www.confederaciondelcobre.cl\/wp-content\/uploads\/2022\/08\/dba3b071-20d6-4ee2-b7f9-14c7f8efc96f-300x169.jpeg 300w, https:\/\/www.confederaciondelcobre.cl\/wp-content\/uploads\/2022\/08\/dba3b071-20d6-4ee2-b7f9-14c7f8efc96f-1024x576.jpeg 1024w, https:\/\/www.confederaciondelcobre.cl\/wp-content\/uploads\/2022\/08\/dba3b071-20d6-4ee2-b7f9-14c7f8efc96f-768x432.jpeg 768w, https:\/\/www.confederaciondelcobre.cl\/wp-content\/uploads\/2022\/08\/dba3b071-20d6-4ee2-b7f9-14c7f8efc96f-1536x864.jpeg 1536w\" sizes=\"auto, (max-width: 1600px) 100vw, 1600px\" \/><\/figure>\n\n\n\n<figure class=\"wp-block-image size-large\"><img loading=\"lazy\" decoding=\"async\" width=\"1600\" height=\"900\" data-id=\"2842\" src=\"https:\/\/www.confederaciondelcobre.cl\/wp-content\/uploads\/2022\/08\/f06d1a3a-3d61-4540-9dd0-44d160226cc3.jpeg\" alt=\"\" class=\"wp-image-2842\" srcset=\"https:\/\/www.confederaciondelcobre.cl\/wp-content\/uploads\/2022\/08\/f06d1a3a-3d61-4540-9dd0-44d160226cc3.jpeg 1600w, https:\/\/www.confederaciondelcobre.cl\/wp-content\/uploads\/2022\/08\/f06d1a3a-3d61-4540-9dd0-44d160226cc3-300x169.jpeg 300w, https:\/\/www.confederaciondelcobre.cl\/wp-content\/uploads\/2022\/08\/f06d1a3a-3d61-4540-9dd0-44d160226cc3-1024x576.jpeg 1024w, https:\/\/www.confederaciondelcobre.cl\/wp-content\/uploads\/2022\/08\/f06d1a3a-3d61-4540-9dd0-44d160226cc3-768x432.jpeg 768w, https:\/\/www.confederaciondelcobre.cl\/wp-content\/uploads\/2022\/08\/f06d1a3a-3d61-4540-9dd0-44d160226cc3-1536x864.jpeg 1536w\" sizes=\"auto, (max-width: 1600px) 100vw, 1600px\" \/><\/figure>\n<\/figure>\n","protected":false},"excerpt":{"rendered":"<p>En su sede central, en la ciudad de Santiago, hoy se celebr\u00f3 el aniversario n\u00famero 34 de la Central Unitaria de Trabajadores. Con la inauguraci\u00f3n de un mural fotogr\u00e1fico que &hellip; <\/p>\n","protected":false},"author":2,"featured_media":2829,"comment_status":"closed","ping_status":"closed","sticky":false,"template":"","format":"standard","meta":{"jetpack_post_was_ever_published":false,"_jetpack_newsletter_access":"","_jetpack_dont_email_post_to_subs":false,"_jetpack_newsletter_tier_id":0,"_jetpack_memberships_contains_paywalled_content":false,"_jetpack_memberships_contains_paid_content":false,"footnotes":"","jetpack_publicize_message":"","jetpack_publicize_feature_enabled":false,"jetpack_social_post_already_shared":true,"jetpack_social_options":{"image_generator_settings":{"template":"highway","default_image_id":0,"enabled":false},"version":2}},"categories":[9,27,15,19],"tags":[],"class_list":["post-2826","post","type-post","status-publish","format-standard","has-post-thumbnail","hentry","category-confederacion","category-cut","category-nacional","category-trabajadores"],"jetpack_publicize_connections":[],"jetpack_featured_media_url":"https:\/\/www.confederaciondelcobre.cl\/wp-content\/uploads\/2022\/08\/PortAniv34CUT.jpg","jetpack_sharing_enabled":true,"post_mailing_queue_ids":[],"_links":{"self":[{"href":"https:\/\/www.confederaciondelcobre.cl\/index.php\/wp-json\/wp\/v2\/posts\/2826","targetHints":{"allow":["GET"]}}],"collection":[{"href":"https:\/\/www.confederaciondelcobre.cl\/index.php\/wp-json\/wp\/v2\/posts"}],"about":[{"href":"https:\/\/www.confederaciondelcobre.cl\/index.php\/wp-json\/wp\/v2\/types\/post"}],"author":[{"embeddable":true,"href":"https:\/\/www.confederaciondelcobre.cl\/index.php\/wp-json\/wp\/v2\/users\/2"}],"replies":[{"embeddable":true,"href":"https:\/\/www.confederaciondelcobre.cl\/index.php\/wp-json\/wp\/v2\/comments?post=2826"}],"version-history":[{"count":8,"href":"https:\/\/www.confederaciondelcobre.cl\/index.php\/wp-json\/wp\/v2\/posts\/2826\/revisions"}],"predecessor-version":[{"id":2849,"href":"https:\/\/www.confederaciondelcobre.cl\/index.php\/wp-json\/wp\/v2\/posts\/2826\/revisions\/2849"}],"wp:featuredmedia":[{"embeddable":true,"href":"https:\/\/www.confederaciondelcobre.cl\/index.php\/wp-json\/wp\/v2\/media\/2829"}],"wp:attachment":[{"href":"https:\/\/www.confederaciondelcobre.cl\/index.php\/wp-json\/wp\/v2\/media?parent=2826"}],"wp:term":[{"taxonomy":"category","embeddable":true,"href":"https:\/\/www.confederaciondelcobre.cl\/index.php\/wp-json\/wp\/v2\/categories?post=2826"},{"taxonomy":"post_tag","embeddable":true,"href":"https:\/\/www.confederaciondelcobre.cl\/index.php\/wp-json\/wp\/v2\/tags?post=2826"}],"curies":[{"name":"wp","href":"https:\/\/api.w.org\/{rel}","templated":true}]}}