{"id":2850,"date":"2022-08-24T18:27:21","date_gmt":"2022-08-24T22:27:21","guid":{"rendered":"https:\/\/www.confederaciondelcobre.cl\/?p=2850"},"modified":"2022-08-24T18:36:30","modified_gmt":"2022-08-24T22:36:30","slug":"el-salvador-ministra-de-mineria-se-reune-con-organizaciones-sindicales-entre-ellas-la-ctc","status":"publish","type":"post","link":"https:\/\/www.confederaciondelcobre.cl\/index.php\/2022\/08\/24\/el-salvador-ministra-de-mineria-se-reune-con-organizaciones-sindicales-entre-ellas-la-ctc\/","title":{"rendered":"El Salvador: Ministra de Miner\u00eda se re\u00fane con organizaciones sindicales, entre ellas la CTC."},"content":{"rendered":"\n<p>Con el prop\u00f3sito de generar instancias de di\u00e1logo a fin de promover la ratificaci\u00f3n del Convenio 176 de la OIT, y abordar denuncias de las y los trabajadores, autoridades de gobierno se reunieron con dirigentas y dirigentes sindicales.<\/p>\n\n\n\n<hr class=\"wp-block-separator has-alpha-channel-opacity\"\/>\n\n\n\n<p>El encuentro, que se realiz\u00f3 en horas de la ma\u00f1ana del d\u00eda de hoy en El Salvador, cont\u00f3 con la participaci\u00f3n de la Ministra de Miner\u00eda, Marcela Hernando; del Seremi de Miner\u00eda, Carlos Ulloa; del Delegado Presidencial Provincial de Cha\u00f1aral, Jorge Fern\u00e1ndez; de la Diputada Daniella Cicardini; de los diputados Cristi\u00e1n Tapia y Juan Santana; de la Presidenta de la Confederaci\u00f3n de Trabajadores del Cobre (CTC) y Presidenta de la Federaci\u00f3n de Sindicatos El Salvador (FESAL), Ana Lamas Aguirre; de la Tesorera de la FESAL, Maudy Contreras; del Presidente del Sindicato Interempresa Trabajadores Multiservicios Salvador Potrerillos (TRAMSALPO), Daniel C\u00e1ceres; y de Dirigentes de m\u00e1s organizaciones sindicales, entre ellas de la Federaci\u00f3n de Trabajadores del Cobre (FTC), de los Sindicatos N\u00ba2 y de Supervisores de Codelco, y tuvo como prop\u00f3sito la <strong>generaci\u00f3n de instancias de di\u00e1logo, a fin de promover la ratificaci\u00f3n del Convenio 176 de la OIT sobre Salud y Seguridad en las minas, adem\u00e1s de abordar asuntos relativos a la precarizaci\u00f3n y vulneraci\u00f3n<\/strong> <strong>de derechos de las que son objeto las y los trabajadores, particularmente por parte de Codelco<\/strong>, donde las y los dirigentes plantearon que ya <strong>han sido varias las instancias en que se ha denunciado un verdadero abandono de deberes por parte de la mandante (Codelco) en materia de salud y seguridad<\/strong>, se\u00f1alando que esta y su directorio deben ser actor principal en el establecimiento de mesas de trabajo con poder resolutivo, sobre estas materias, pero tambi\u00e9n \u2014insistieron\u2014 en lo que a vulneraci\u00f3n de derechos de las y los trabajadores respecta, denunciando, por ejemplo, problemas de vivienda en el campamento de El Salvador y los abusos que se cometen por parte de la gerencia.<\/p>\n\n\n<div class=\"wp-block-image\">\n<figure class=\"aligncenter size-full\"><img loading=\"lazy\" decoding=\"async\" width=\"1024\" height=\"768\" src=\"https:\/\/www.confederaciondelcobre.cl\/wp-content\/uploads\/2022\/08\/bbd51f91-a21c-4acb-ae70-ac5316fda686.jpeg\" alt=\"\" class=\"wp-image-2861\" srcset=\"https:\/\/www.confederaciondelcobre.cl\/wp-content\/uploads\/2022\/08\/bbd51f91-a21c-4acb-ae70-ac5316fda686.jpeg 1024w, https:\/\/www.confederaciondelcobre.cl\/wp-content\/uploads\/2022\/08\/bbd51f91-a21c-4acb-ae70-ac5316fda686-300x225.jpeg 300w, https:\/\/www.confederaciondelcobre.cl\/wp-content\/uploads\/2022\/08\/bbd51f91-a21c-4acb-ae70-ac5316fda686-768x576.jpeg 768w\" sizes=\"auto, (max-width: 1024px) 100vw, 1024px\" \/><\/figure><\/div>\n\n\n<p>Finalmente el encuentro concluy\u00f3 resolviendo la conformaci\u00f3n de una mesa ejecutiva, una mesa en la que se resuelva lo denunciado, donde participen Codelco, los Seremis de gobierno pertinentes, las organizaciones sindicales y el propio gobierno como garante de los acuerdos.<\/p>\n\n\n\n<p><\/p>\n\n\n\n<p><\/p>\n","protected":false},"excerpt":{"rendered":"<p>Con el prop\u00f3sito de generar instancias de di\u00e1logo a fin de promover la ratificaci\u00f3n del Convenio 176 de la OIT, y abordar denuncias de las y los trabajadores, autoridades de &hellip; <\/p>\n","protected":false},"author":2,"featured_media":2851,"comment_status":"closed","ping_status":"closed","sticky":false,"template":"","format":"standard","meta":{"jetpack_post_was_ever_published":false,"_jetpack_newsletter_access":"","_jetpack_dont_email_post_to_subs":false,"_jetpack_newsletter_tier_id":0,"_jetpack_memberships_contains_paywalled_content":false,"_jetpack_memberships_contains_paid_content":false,"footnotes":"","jetpack_publicize_message":"","jetpack_publicize_feature_enabled":false,"jetpack_social_post_already_shared":true,"jetpack_social_options":{"image_generator_settings":{"template":"highway","default_image_id":0,"enabled":false},"version":2}},"categories":[9,21,19],"tags":[],"class_list":["post-2850","post","type-post","status-publish","format-standard","has-post-thumbnail","hentry","category-confederacion","category-federaciones","category-trabajadores"],"jetpack_publicize_connections":[],"jetpack_featured_media_url":"https:\/\/www.confederaciondelcobre.cl\/wp-content\/uploads\/2022\/08\/PortMInMIn.jpg","jetpack_sharing_enabled":true,"post_mailing_queue_ids":[],"_links":{"self":[{"href":"https:\/\/www.confederaciondelcobre.cl\/index.php\/wp-json\/wp\/v2\/posts\/2850","targetHints":{"allow":["GET"]}}],"collection":[{"href":"https:\/\/www.confederaciondelcobre.cl\/index.php\/wp-json\/wp\/v2\/posts"}],"about":[{"href":"https:\/\/www.confederaciondelcobre.cl\/index.php\/wp-json\/wp\/v2\/types\/post"}],"author":[{"embeddable":true,"href":"https:\/\/www.confederaciondelcobre.cl\/index.php\/wp-json\/wp\/v2\/users\/2"}],"replies":[{"embeddable":true,"href":"https:\/\/www.confederaciondelcobre.cl\/index.php\/wp-json\/wp\/v2\/comments?post=2850"}],"version-history":[{"count":8,"href":"https:\/\/www.confederaciondelcobre.cl\/index.php\/wp-json\/wp\/v2\/posts\/2850\/revisions"}],"predecessor-version":[{"id":2862,"href":"https:\/\/www.confederaciondelcobre.cl\/index.php\/wp-json\/wp\/v2\/posts\/2850\/revisions\/2862"}],"wp:featuredmedia":[{"embeddable":true,"href":"https:\/\/www.confederaciondelcobre.cl\/index.php\/wp-json\/wp\/v2\/media\/2851"}],"wp:attachment":[{"href":"https:\/\/www.confederaciondelcobre.cl\/index.php\/wp-json\/wp\/v2\/media?parent=2850"}],"wp:term":[{"taxonomy":"category","embeddable":true,"href":"https:\/\/www.confederaciondelcobre.cl\/index.php\/wp-json\/wp\/v2\/categories?post=2850"},{"taxonomy":"post_tag","embeddable":true,"href":"https:\/\/www.confederaciondelcobre.cl\/index.php\/wp-json\/wp\/v2\/tags?post=2850"}],"curies":[{"name":"wp","href":"https:\/\/api.w.org\/{rel}","templated":true}]}}