{"id":2877,"date":"2022-09-01T17:53:02","date_gmt":"2022-09-01T21:53:02","guid":{"rendered":"https:\/\/www.confederaciondelcobre.cl\/?p=2877"},"modified":"2022-09-01T17:53:04","modified_gmt":"2022-09-01T21:53:04","slug":"comunicadoctc-aprobamos-el-chile-del-manana-apruebonuevaconstitucion","status":"publish","type":"post","link":"https:\/\/www.confederaciondelcobre.cl\/index.php\/2022\/09\/01\/comunicadoctc-aprobamos-el-chile-del-manana-apruebonuevaconstitucion\/","title":{"rendered":"#ComunicadoCTC: APROBAMOS EL CHILE DEL MA\u00d1ANA #AprueboNuevaConstituci\u00f3n"},"content":{"rendered":"\n<p class=\"has-text-align-center\"><strong>APROBAMOS<\/strong><\/p>\n\n\n\n<p class=\"has-text-align-center\"><strong>El Chile del Ma\u00f1ana<\/strong><\/p>\n\n\n\n<p>A pocos d\u00edas de realizarse el plebiscito de salida al proceso constituyente, evento tan hist\u00f3rico como democr\u00e1tico, y que permitir\u00e1 por vez primera al pueblo de Chile y sus naciones determinar los rumbos de nuestro pa\u00eds, la Confederaci\u00f3n de Trabajadores del Cobre, organizaci\u00f3n nacional que agrupa y organiza a las y los trabajadores contratistas y subcontratistas de la miner\u00eda, siendo consecuente con su historia y presente de unidad, organizaci\u00f3n y lucha por mejorar las condiciones de vida de las y los trabajadores, de sus familias y del pueblo en su conjunto, <strong>hace un llamado a todas y todos, sus socias y socios a lo largo de todo el territorio, a votar APRUEBO el pr\u00f3ximo domingo 04 de septiembre de 2022<\/strong>.<\/p>\n\n\n\n<p><strong>APROBAMOS LA NUEVA CONSTITUCI\u00d3N<\/strong> porque en ella se define claramente el pa\u00eds que queremos construir, poniendo en el centro a las personas y estableciendo que Chile es un Estado social y democr\u00e1tico de derecho. Que es plurinacional, intercultural, regional y ecol\u00f3gico. Que nuestro pa\u00eds se constituye como una Rep\u00fablica solidaria, que su democracia es inclusiva y paritaria, donde se reconoce la dignidad, la libertad, la igualdad sustantiva de los seres humanos y su relaci\u00f3n indisoluble con la naturaleza como valores intr\u00ednsecos e irrenunciables.<\/p>\n\n\n\n<p><strong>APROBAMOS LA NUEVA CONSTITUCI\u00d3N<\/strong> porque avanza sustantivamente en derechos para las y los trabajadores en materia de libertad sindical. Contempla el derecho a la sindicalizaci\u00f3n, a la negociaci\u00f3n colectiva y a la huelga, reconociendo que las organizaciones sindicales son titulares exclusivas del derecho a la negociaci\u00f3n colectiva, en tanto \u00fanicas representantes de las y los trabajadores ante el o los empleadores.<\/p>\n\n\n\n<p><strong>APROBAMOS LA NUEVA CONSTITUCI\u00d3N<\/strong> porque reconoce derechos fundamentales para las y los trabajadores, se\u00f1alando que toda persona tiene derecho a la salud y al bienestar integral, incluyendo sus dimensiones f\u00edsica y mental. Reconoce que toda persona tiene el derecho a una vivienda digna y adecuada, que permita el libre desarrollo de una vida personal, familiar y comunitaria, explicitando, adem\u00e1s, que toda persona tiene derecho a la seguridad social fundada en los principios de universalidad, solidaridad, integralidad, unidad, igualdad, suficiencia, participaci\u00f3n, sostenibilidad y oportunidad.<\/p>\n\n\n\n<p>Porque creemos en el Chile nuevo que nace, y para que la dignidad por fin avance, este domingo 04 de septiembre, <strong>APROBAMOS NUEVA CONSTITUCI\u00d3N.<\/strong><\/p>\n\n\n\n<p class=\"has-text-align-center\"><strong>CONFEDERACI\u00d3N DE TRABAJADORES DEL COBRE<\/strong><\/p>\n\n\n\n<p class=\"has-text-align-right\">Chile, 01 de septiembre de 2022.<\/p>\n\n\n<div class=\"wp-block-image\">\n<figure class=\"aligncenter size-large\"><img loading=\"lazy\" decoding=\"async\" width=\"653\" height=\"1024\" src=\"https:\/\/www.confederaciondelcobre.cl\/wp-content\/uploads\/2022\/09\/Comunicado-Apruebo-CTC-653x1024.png\" alt=\"\" class=\"wp-image-2878\" srcset=\"https:\/\/www.confederaciondelcobre.cl\/wp-content\/uploads\/2022\/09\/Comunicado-Apruebo-CTC-653x1024.png 653w, https:\/\/www.confederaciondelcobre.cl\/wp-content\/uploads\/2022\/09\/Comunicado-Apruebo-CTC-191x300.png 191w, https:\/\/www.confederaciondelcobre.cl\/wp-content\/uploads\/2022\/09\/Comunicado-Apruebo-CTC.png 689w\" sizes=\"auto, (max-width: 653px) 100vw, 653px\" \/><\/figure><\/div>","protected":false},"excerpt":{"rendered":"<p>APROBAMOS El Chile del Ma\u00f1ana A pocos d\u00edas de realizarse el plebiscito de salida al proceso constituyente, evento tan hist\u00f3rico como democr\u00e1tico, y que permitir\u00e1 por vez primera al pueblo &hellip; <\/p>\n","protected":false},"author":2,"featured_media":2879,"comment_status":"closed","ping_status":"closed","sticky":false,"template":"","format":"standard","meta":{"jetpack_post_was_ever_published":false,"_jetpack_newsletter_access":"","_jetpack_dont_email_post_to_subs":false,"_jetpack_newsletter_tier_id":0,"_jetpack_memberships_contains_paywalled_content":false,"_jetpack_memberships_contains_paid_content":false,"footnotes":"","jetpack_publicize_message":"","jetpack_publicize_feature_enabled":false,"jetpack_social_post_already_shared":true,"jetpack_social_options":{"image_generator_settings":{"template":"highway","default_image_id":0,"enabled":false},"version":2}},"categories":[8,9,15,19],"tags":[],"class_list":["post-2877","post","type-post","status-publish","format-standard","has-post-thumbnail","hentry","category-comunicado","category-confederacion","category-nacional","category-trabajadores"],"jetpack_publicize_connections":[],"jetpack_featured_media_url":"https:\/\/www.confederaciondelcobre.cl\/wp-content\/uploads\/2022\/09\/PortAprueboCTC.jpg","jetpack_sharing_enabled":true,"post_mailing_queue_ids":[],"_links":{"self":[{"href":"https:\/\/www.confederaciondelcobre.cl\/index.php\/wp-json\/wp\/v2\/posts\/2877","targetHints":{"allow":["GET"]}}],"collection":[{"href":"https:\/\/www.confederaciondelcobre.cl\/index.php\/wp-json\/wp\/v2\/posts"}],"about":[{"href":"https:\/\/www.confederaciondelcobre.cl\/index.php\/wp-json\/wp\/v2\/types\/post"}],"author":[{"embeddable":true,"href":"https:\/\/www.confederaciondelcobre.cl\/index.php\/wp-json\/wp\/v2\/users\/2"}],"replies":[{"embeddable":true,"href":"https:\/\/www.confederaciondelcobre.cl\/index.php\/wp-json\/wp\/v2\/comments?post=2877"}],"version-history":[{"count":1,"href":"https:\/\/www.confederaciondelcobre.cl\/index.php\/wp-json\/wp\/v2\/posts\/2877\/revisions"}],"predecessor-version":[{"id":2880,"href":"https:\/\/www.confederaciondelcobre.cl\/index.php\/wp-json\/wp\/v2\/posts\/2877\/revisions\/2880"}],"wp:featuredmedia":[{"embeddable":true,"href":"https:\/\/www.confederaciondelcobre.cl\/index.php\/wp-json\/wp\/v2\/media\/2879"}],"wp:attachment":[{"href":"https:\/\/www.confederaciondelcobre.cl\/index.php\/wp-json\/wp\/v2\/media?parent=2877"}],"wp:term":[{"taxonomy":"category","embeddable":true,"href":"https:\/\/www.confederaciondelcobre.cl\/index.php\/wp-json\/wp\/v2\/categories?post=2877"},{"taxonomy":"post_tag","embeddable":true,"href":"https:\/\/www.confederaciondelcobre.cl\/index.php\/wp-json\/wp\/v2\/tags?post=2877"}],"curies":[{"name":"wp","href":"https:\/\/api.w.org\/{rel}","templated":true}]}}