{"id":2890,"date":"2022-09-11T08:25:33","date_gmt":"2022-09-11T12:25:33","guid":{"rendered":"https:\/\/www.confederaciondelcobre.cl\/?p=2890"},"modified":"2022-09-11T08:25:36","modified_gmt":"2022-09-11T12:25:36","slug":"chile-11-de-septiembre-1973-2022","status":"publish","type":"post","link":"https:\/\/www.confederaciondelcobre.cl\/index.php\/2022\/09\/11\/chile-11-de-septiembre-1973-2022\/","title":{"rendered":"Chile, 11 de septiembre 1973-2022."},"content":{"rendered":"\n<p>11 de septiembre de 1973: con la complicidad de capitales y gobiernos extranjeros, e instigado por la derecha chilena y for\u00e1nea, se lleva a cabo un golpe de estado en contra del Gobierno de la Unidad Popular y del Presidente Salvador Allende. <\/p>\n\n\n\n<p>Con el asedio y bombardeo al palacio de La Moneda, que termina con la muerte del Presidente Allende, comenz\u00f3 una larga y criminal dictadura c\u00edvico-militar en nuestro pa\u00eds. Una dictadura que, junto con imponer el neoliberalismo, restableci\u00f3 los privilegios de la vieja oligarqu\u00eda hasta el d\u00eda de hoy. <\/p>\n\n\n<div class=\"wp-block-image\">\n<figure class=\"aligncenter size-large\"><img loading=\"lazy\" decoding=\"async\" width=\"1024\" height=\"1024\" src=\"https:\/\/www.confederaciondelcobre.cl\/wp-content\/uploads\/2022\/09\/11-sept-2022-1024x1024.png\" alt=\"\" class=\"wp-image-2892\" srcset=\"https:\/\/www.confederaciondelcobre.cl\/wp-content\/uploads\/2022\/09\/11-sept-2022-1024x1024.png 1024w, https:\/\/www.confederaciondelcobre.cl\/wp-content\/uploads\/2022\/09\/11-sept-2022-300x300.png 300w, https:\/\/www.confederaciondelcobre.cl\/wp-content\/uploads\/2022\/09\/11-sept-2022-150x150.png 150w, https:\/\/www.confederaciondelcobre.cl\/wp-content\/uploads\/2022\/09\/11-sept-2022-768x768.png 768w, https:\/\/www.confederaciondelcobre.cl\/wp-content\/uploads\/2022\/09\/11-sept-2022.png 1080w\" sizes=\"auto, (max-width: 1024px) 100vw, 1024px\" \/><\/figure><\/div>","protected":false},"excerpt":{"rendered":"<p>11 de septiembre de 1973: con la complicidad de capitales y gobiernos extranjeros, e instigado por la derecha chilena y for\u00e1nea, se lleva a cabo un golpe de estado en &hellip; <\/p>\n","protected":false},"author":2,"featured_media":2891,"comment_status":"closed","ping_status":"closed","sticky":false,"template":"","format":"standard","meta":{"jetpack_post_was_ever_published":false,"_jetpack_newsletter_access":"","_jetpack_dont_email_post_to_subs":false,"_jetpack_newsletter_tier_id":0,"_jetpack_memberships_contains_paywalled_content":false,"_jetpack_memberships_contains_paid_content":false,"footnotes":"","jetpack_publicize_message":"","jetpack_publicize_feature_enabled":false,"jetpack_social_post_already_shared":true,"jetpack_social_options":{"image_generator_settings":{"template":"highway","default_image_id":0,"enabled":false},"version":2}},"categories":[9,13,15],"tags":[],"class_list":["post-2890","post","type-post","status-publish","format-standard","has-post-thumbnail","hentry","category-confederacion","category-internacional","category-nacional"],"jetpack_publicize_connections":[],"jetpack_featured_media_url":"https:\/\/www.confederaciondelcobre.cl\/wp-content\/uploads\/2022\/09\/11092022.jpg","jetpack_sharing_enabled":true,"post_mailing_queue_ids":[],"_links":{"self":[{"href":"https:\/\/www.confederaciondelcobre.cl\/index.php\/wp-json\/wp\/v2\/posts\/2890","targetHints":{"allow":["GET"]}}],"collection":[{"href":"https:\/\/www.confederaciondelcobre.cl\/index.php\/wp-json\/wp\/v2\/posts"}],"about":[{"href":"https:\/\/www.confederaciondelcobre.cl\/index.php\/wp-json\/wp\/v2\/types\/post"}],"author":[{"embeddable":true,"href":"https:\/\/www.confederaciondelcobre.cl\/index.php\/wp-json\/wp\/v2\/users\/2"}],"replies":[{"embeddable":true,"href":"https:\/\/www.confederaciondelcobre.cl\/index.php\/wp-json\/wp\/v2\/comments?post=2890"}],"version-history":[{"count":4,"href":"https:\/\/www.confederaciondelcobre.cl\/index.php\/wp-json\/wp\/v2\/posts\/2890\/revisions"}],"predecessor-version":[{"id":2896,"href":"https:\/\/www.confederaciondelcobre.cl\/index.php\/wp-json\/wp\/v2\/posts\/2890\/revisions\/2896"}],"wp:featuredmedia":[{"embeddable":true,"href":"https:\/\/www.confederaciondelcobre.cl\/index.php\/wp-json\/wp\/v2\/media\/2891"}],"wp:attachment":[{"href":"https:\/\/www.confederaciondelcobre.cl\/index.php\/wp-json\/wp\/v2\/media?parent=2890"}],"wp:term":[{"taxonomy":"category","embeddable":true,"href":"https:\/\/www.confederaciondelcobre.cl\/index.php\/wp-json\/wp\/v2\/categories?post=2890"},{"taxonomy":"post_tag","embeddable":true,"href":"https:\/\/www.confederaciondelcobre.cl\/index.php\/wp-json\/wp\/v2\/tags?post=2890"}],"curies":[{"name":"wp","href":"https:\/\/api.w.org\/{rel}","templated":true}]}}