{"id":2899,"date":"2022-09-28T09:52:28","date_gmt":"2022-09-28T13:52:28","guid":{"rendered":"https:\/\/www.confederaciondelcobre.cl\/?p=2899"},"modified":"2022-09-28T09:52:31","modified_gmt":"2022-09-28T13:52:31","slug":"acuerdomarco-ctc-codelco-resultados-preliminares-y-apelaciones-fondo-unico-de-vivienda-concursable-2022","status":"publish","type":"post","link":"https:\/\/www.confederaciondelcobre.cl\/index.php\/2022\/09\/28\/acuerdomarco-ctc-codelco-resultados-preliminares-y-apelaciones-fondo-unico-de-vivienda-concursable-2022\/","title":{"rendered":"#AcuerdoMarco CTC-Codelco: Resultados Preliminares y Apelaciones, Fondo \u00danico de Vivienda Concursable (2022)."},"content":{"rendered":"\n<p>Compa\u00f1eras y compa\u00f1eros, comunicamos que ya se encuentran disponibles los resultados preliminares de sus postulaciones al Fondo \u00danico de Vivienda Concursable, proceso 2022, que corresponde al Acuerdo Marco vigente entre la Confederaci\u00f3n de Trabajadores del Cobre (CTC) y Codelco.<\/p>\n\n\n\n<ul class=\"wp-block-list\"><li><strong>Desde el a\u00f1o 2007 las y los trabajadores contratistas y subcontratistas de Codelco, adem\u00e1s de sus familias, tienen acceso a una variedad de beneficios y derechos laborales y sociales que establece el&nbsp;Acuerdo Marco firmado entre la Confederaci\u00f3n de Trabajadores del Cobre (CTC), las empresas contratistas y Codelco. Esta conquista de la Clase Trabajadora, cabe recordar, ha sido \u00fanicamente gracias a la&nbsp;Unidad, Organizaci\u00f3n y Lucha&nbsp;de todas y todos quienes, agrupados en la CTC, lograron el Acuerdo Marco con la cupr\u00edfera estatal.<\/strong><\/li><\/ul>\n\n\n\n<p>Cabe se\u00f1alar que, junto con la publicaci\u00f3n de los resultados preliminares, <strong>tambi\u00e9n inicia (el d\u00eda de hoy, mi\u00e9rcoles 28 de septiembre de 2022) el plazo de apelaci\u00f3n a dichos resultados<\/strong>. Es durante este plazo de apelaci\u00f3n, que termina el mi\u00e9rcoles 12 de octubre de 2022, que las y los trabajadores que recibieron alguna observaci\u00f3n, sea por la falta de informaci\u00f3n o antecedentes, deben corregir o enmendar la postulaci\u00f3n.<\/p>\n\n\n\n<p><strong>IMPORTANTE:<\/strong> para consultar los resultados preliminares, y eventualmente ingresar sus apelaciones, deben visitar DESDE UN COMPUTADOR el\u00a0<strong><a href=\"https:\/\/www.oticdelaconstruccion.cl\/fondos2022\/portada.php\" target=\"_blank\" rel=\"noreferrer noopener\"><u>sitio de la OTIC de la C\u00e1mara Chilena de la Construcci\u00f3n<\/u><\/a><\/strong>\u00a0(hacer click en el texto destacado), y entrar a la secci\u00f3n \u201cFondos para la primera vivienda\u201d. Una vez all\u00ed, a un costado del calendario de todo el proceso, se encuentra destacado el bot\u00f3n de ingreso. Al hacer click en \u201cingreso\u201d se solicitar\u00e1 el rut de el o la trabajadora. Hecho lo anterior, el sistema arrojar\u00e1 el resultado.<\/p>\n\n\n\n<p><strong>REITERAMOS:&nbsp;<\/strong>si el resultado arroja alguna observaci\u00f3n, sea por la falta de informaci\u00f3n o antecedentes, existe un plazo de&nbsp;<strong>apelaci\u00f3n<\/strong>&nbsp;para corregir o enmendar la postulaci\u00f3n. Dicho plazo comienza hoy mi\u00e9rcoles 28 de septiembre de 2022, y termina el mi\u00e9rcoles 12 de octubre de 2022.<\/p>\n\n\n\n<p><strong>Los<\/strong>&nbsp;<strong>beneficios y derechos conquistados gracias a la unidad, organizaci\u00f3n y lucha de las y los trabajadores agrupados en la CTC<\/strong>&nbsp;tienen por objetivo&nbsp;<strong>mejorar nuestras condiciones laborales, sociales y de calidad de vida<\/strong>, por lo que llamamos a todas y todos&nbsp;<strong>a difundir esta informaci\u00f3n entre sus compa\u00f1eras y compa\u00f1eros<\/strong>.<\/p>\n\n\n\n<p>A continuaci\u00f3n, para su consideraci\u00f3n, dejamos calendario con fechas de todo el proceso:<\/p>\n\n\n<div class=\"wp-block-image\">\n<figure class=\"aligncenter size-large\"><img loading=\"lazy\" decoding=\"async\" width=\"793\" height=\"1024\" src=\"https:\/\/www.confederaciondelcobre.cl\/wp-content\/uploads\/2022\/08\/Nuevas-Fechas-Fond-Vivienda-Consursable-2022-793x1024.png\" alt=\"\" class=\"wp-image-2794\" srcset=\"https:\/\/www.confederaciondelcobre.cl\/wp-content\/uploads\/2022\/08\/Nuevas-Fechas-Fond-Vivienda-Consursable-2022-793x1024.png 793w, https:\/\/www.confederaciondelcobre.cl\/wp-content\/uploads\/2022\/08\/Nuevas-Fechas-Fond-Vivienda-Consursable-2022-232x300.png 232w, https:\/\/www.confederaciondelcobre.cl\/wp-content\/uploads\/2022\/08\/Nuevas-Fechas-Fond-Vivienda-Consursable-2022-768x992.png 768w, https:\/\/www.confederaciondelcobre.cl\/wp-content\/uploads\/2022\/08\/Nuevas-Fechas-Fond-Vivienda-Consursable-2022.png 836w\" sizes=\"auto, (max-width: 793px) 100vw, 793px\" \/><\/figure><\/div>","protected":false},"excerpt":{"rendered":"<p>Compa\u00f1eras y compa\u00f1eros, comunicamos que ya se encuentran disponibles los resultados preliminares de sus postulaciones al Fondo \u00danico de Vivienda Concursable, proceso 2022, que corresponde al Acuerdo Marco vigente entre &hellip; <\/p>\n","protected":false},"author":2,"featured_media":2908,"comment_status":"closed","ping_status":"closed","sticky":false,"template":"","format":"standard","meta":{"jetpack_post_was_ever_published":false,"_jetpack_newsletter_access":"","_jetpack_dont_email_post_to_subs":false,"_jetpack_newsletter_tier_id":0,"_jetpack_memberships_contains_paywalled_content":false,"_jetpack_memberships_contains_paid_content":false,"footnotes":"","jetpack_publicize_message":"","jetpack_publicize_feature_enabled":true,"jetpack_social_post_already_shared":true,"jetpack_social_options":{"image_generator_settings":{"template":"highway","default_image_id":0,"enabled":false},"version":2}},"categories":[5,23,9,21,19],"tags":[],"class_list":["post-2899","post","type-post","status-publish","format-standard","has-post-thumbnail","hentry","category-acuerdo-marco","category-acuerdo-marco-codelco","category-confederacion","category-federaciones","category-trabajadores"],"jetpack_publicize_connections":[],"jetpack_featured_media_url":"https:\/\/www.confederaciondelcobre.cl\/wp-content\/uploads\/2022\/09\/2-Portada-Resultados-Preliminares-y-Apelaciones.jpg","jetpack_sharing_enabled":true,"post_mailing_queue_ids":[],"_links":{"self":[{"href":"https:\/\/www.confederaciondelcobre.cl\/index.php\/wp-json\/wp\/v2\/posts\/2899","targetHints":{"allow":["GET"]}}],"collection":[{"href":"https:\/\/www.confederaciondelcobre.cl\/index.php\/wp-json\/wp\/v2\/posts"}],"about":[{"href":"https:\/\/www.confederaciondelcobre.cl\/index.php\/wp-json\/wp\/v2\/types\/post"}],"author":[{"embeddable":true,"href":"https:\/\/www.confederaciondelcobre.cl\/index.php\/wp-json\/wp\/v2\/users\/2"}],"replies":[{"embeddable":true,"href":"https:\/\/www.confederaciondelcobre.cl\/index.php\/wp-json\/wp\/v2\/comments?post=2899"}],"version-history":[{"count":6,"href":"https:\/\/www.confederaciondelcobre.cl\/index.php\/wp-json\/wp\/v2\/posts\/2899\/revisions"}],"predecessor-version":[{"id":2913,"href":"https:\/\/www.confederaciondelcobre.cl\/index.php\/wp-json\/wp\/v2\/posts\/2899\/revisions\/2913"}],"wp:featuredmedia":[{"embeddable":true,"href":"https:\/\/www.confederaciondelcobre.cl\/index.php\/wp-json\/wp\/v2\/media\/2908"}],"wp:attachment":[{"href":"https:\/\/www.confederaciondelcobre.cl\/index.php\/wp-json\/wp\/v2\/media?parent=2899"}],"wp:term":[{"taxonomy":"category","embeddable":true,"href":"https:\/\/www.confederaciondelcobre.cl\/index.php\/wp-json\/wp\/v2\/categories?post=2899"},{"taxonomy":"post_tag","embeddable":true,"href":"https:\/\/www.confederaciondelcobre.cl\/index.php\/wp-json\/wp\/v2\/tags?post=2899"}],"curies":[{"name":"wp","href":"https:\/\/api.w.org\/{rel}","templated":true}]}}