{"id":2901,"date":"2022-09-27T15:14:45","date_gmt":"2022-09-27T19:14:45","guid":{"rendered":"https:\/\/www.confederaciondelcobre.cl\/?p=2901"},"modified":"2022-09-27T15:14:49","modified_gmt":"2022-09-27T19:14:49","slug":"sindicato-de-trabajadores-transportes-alberto-diaz-sucursal-pozo-almonte-se-incorpora-a-la-ctc","status":"publish","type":"post","link":"https:\/\/www.confederaciondelcobre.cl\/index.php\/2022\/09\/27\/sindicato-de-trabajadores-transportes-alberto-diaz-sucursal-pozo-almonte-se-incorpora-a-la-ctc\/","title":{"rendered":"Sindicato de Trabajadores Transportes Alberto D\u00edaz, Sucursal Pozo Almonte, se incorpora a la CTC."},"content":{"rendered":"\n<p>Los trabajadores, cuya funci\u00f3n se desarrolla principalmente transportando combustible a la faena de Collahuasi,  decidieron, en asamblea de socios y posterior votaci\u00f3n, incorporarse a la Confederaci\u00f3n de Trabajadores del Cobre (CTC).<\/p>\n\n\n\n<p>La incorporaci\u00f3n, que se da a trav\u00e9s de su afiliaci\u00f3n a la Federaci\u00f3n Minera del Norte (FEMINORT, que es brazo org\u00e1nico de la CTC en la regi\u00f3n de Tarapac\u00e1), da cuenta de la comprensi\u00f3n y convicci\u00f3n de que la promoci\u00f3n, defensa y conquista de m\u00e1s y mejores derechos pasa por la unidad, organizaci\u00f3n y lucha de las y los trabajadores.<\/p>\n\n\n\n<p>As\u00ed lo afirm\u00f3 <strong>Francisco Cabezas Cort\u00e9s, Presidente de la FEMINORT y Vicepresidente de la CTC<\/strong>, quien, junto con saludar este &#8220;importante paso que dan los socios del Sindicato de Trabajadores Transportes Alberto D\u00edaz Sucursal Pozo Almonte, y agradecer la confianza depositada en nuestra Federaci\u00f3n y Confederaci\u00f3n&#8221;, se\u00f1al\u00f3 que &#8220;esta incorporaci\u00f3n afianza los pasos que las y los trabajadores debemos ir dando en conjunto, primero para sostener lo ya conquistado, pero tambi\u00e9n para seguir avanzando en m\u00e1s derechos y condiciones, tanto para las y los trabajadores como para nuestras familias&#8221;.<\/p>\n\n\n\n<p>Para finalizar, el Vicepresidente de la CTC, y a prop\u00f3sito de la conmemoraci\u00f3n nacional de hoy 27 de septiembre, aprovech\u00f3 de enviar un saludo &#8220;a cada una de las y los dirigentes sindicales, que d\u00eda a d\u00eda luchan por la defensa de los derechos de las y los trabajadores&#8221;.<\/p>\n","protected":false},"excerpt":{"rendered":"<p>Los trabajadores, cuya funci\u00f3n se desarrolla principalmente transportando combustible a la faena de Collahuasi, decidieron, en asamblea de socios y posterior votaci\u00f3n, incorporarse a la Confederaci\u00f3n de Trabajadores del Cobre &hellip; <\/p>\n","protected":false},"author":2,"featured_media":2905,"comment_status":"closed","ping_status":"closed","sticky":false,"template":"","format":"standard","meta":{"jetpack_post_was_ever_published":false,"_jetpack_newsletter_access":"","_jetpack_dont_email_post_to_subs":false,"_jetpack_newsletter_tier_id":0,"_jetpack_memberships_contains_paywalled_content":false,"_jetpack_memberships_contains_paid_content":false,"footnotes":"","jetpack_publicize_message":"","jetpack_publicize_feature_enabled":true,"jetpack_social_post_already_shared":true,"jetpack_social_options":{"image_generator_settings":{"template":"highway","default_image_id":0,"enabled":false},"version":2}},"categories":[9,21,22,19],"tags":[],"class_list":["post-2901","post","type-post","status-publish","format-standard","has-post-thumbnail","hentry","category-confederacion","category-federaciones","category-feminort","category-trabajadores"],"jetpack_publicize_connections":[],"jetpack_featured_media_url":"https:\/\/www.confederaciondelcobre.cl\/wp-content\/uploads\/2022\/09\/PortSindAD.jpg","jetpack_sharing_enabled":true,"post_mailing_queue_ids":[],"_links":{"self":[{"href":"https:\/\/www.confederaciondelcobre.cl\/index.php\/wp-json\/wp\/v2\/posts\/2901","targetHints":{"allow":["GET"]}}],"collection":[{"href":"https:\/\/www.confederaciondelcobre.cl\/index.php\/wp-json\/wp\/v2\/posts"}],"about":[{"href":"https:\/\/www.confederaciondelcobre.cl\/index.php\/wp-json\/wp\/v2\/types\/post"}],"author":[{"embeddable":true,"href":"https:\/\/www.confederaciondelcobre.cl\/index.php\/wp-json\/wp\/v2\/users\/2"}],"replies":[{"embeddable":true,"href":"https:\/\/www.confederaciondelcobre.cl\/index.php\/wp-json\/wp\/v2\/comments?post=2901"}],"version-history":[{"count":5,"href":"https:\/\/www.confederaciondelcobre.cl\/index.php\/wp-json\/wp\/v2\/posts\/2901\/revisions"}],"predecessor-version":[{"id":2907,"href":"https:\/\/www.confederaciondelcobre.cl\/index.php\/wp-json\/wp\/v2\/posts\/2901\/revisions\/2907"}],"wp:featuredmedia":[{"embeddable":true,"href":"https:\/\/www.confederaciondelcobre.cl\/index.php\/wp-json\/wp\/v2\/media\/2905"}],"wp:attachment":[{"href":"https:\/\/www.confederaciondelcobre.cl\/index.php\/wp-json\/wp\/v2\/media?parent=2901"}],"wp:term":[{"taxonomy":"category","embeddable":true,"href":"https:\/\/www.confederaciondelcobre.cl\/index.php\/wp-json\/wp\/v2\/categories?post=2901"},{"taxonomy":"post_tag","embeddable":true,"href":"https:\/\/www.confederaciondelcobre.cl\/index.php\/wp-json\/wp\/v2\/tags?post=2901"}],"curies":[{"name":"wp","href":"https:\/\/api.w.org\/{rel}","templated":true}]}}